{"id":29235,"date":"2023-03-22T20:39:55","date_gmt":"2023-03-22T23:39:55","guid":{"rendered":"https:\/\/radiorevelacionfm.cl\/?p=29235"},"modified":"2023-03-22T20:56:45","modified_gmt":"2023-03-22T23:56:45","slug":"barcaza-melissa-reanudara-operaciones-tras-dos-anos-fuera-de-servicio","status":"publish","type":"post","link":"https:\/\/radiorevelacionfm.cl\/?p=29235","title":{"rendered":"Barcaza \u201cMelissa\u201d reanudar\u00e1 operaciones tras dos a\u00f1os fuera de servicio"},"content":{"rendered":"<div class=\"flex_column av_one_full  flex_column_div av-zero-column-padding first  avia-builder-el-0  el_before_av_one_full  avia-builder-el-first  \" style='border-radius:0px; '><div  class='avia-image-container  av-styling-    avia-builder-el-1  avia-builder-el-no-sibling  avia-align-center '  itemprop=\"image\" itemscope=\"itemscope\" itemtype=\"https:\/\/schema.org\/ImageObject\"  ><div class='avia-image-container-inner'><div class='avia-image-overlay-wrap'><img decoding=\"async\" class='wp-image-29251 avia-img-lazy-loading-not-29251 avia_image' src=\"https:\/\/radiorevelacionfm.cl\/wp-content\/uploads\/2023\/03\/barcaza-melissa-1-1_optimized-1.jpeg\" alt='' title='barcaza-melissa-(1)-(1)_optimized (1)' height=\"600\" width=\"1015\"  itemprop=\"thumbnailUrl\" srcset=\"https:\/\/radiorevelacionfm.cl\/wp-content\/uploads\/2023\/03\/barcaza-melissa-1-1_optimized-1.jpeg 1015w, https:\/\/radiorevelacionfm.cl\/wp-content\/uploads\/2023\/03\/barcaza-melissa-1-1_optimized-1-300x177.jpeg 300w, https:\/\/radiorevelacionfm.cl\/wp-content\/uploads\/2023\/03\/barcaza-melissa-1-1_optimized-1-768x454.jpeg 768w, https:\/\/radiorevelacionfm.cl\/wp-content\/uploads\/2023\/03\/barcaza-melissa-1-1_optimized-1-705x417.jpeg 705w, https:\/\/radiorevelacionfm.cl\/wp-content\/uploads\/2023\/03\/barcaza-melissa-1-1_optimized-1-600x355.jpeg 600w\" sizes=\"(max-width: 1015px) 100vw, 1015px\" \/><\/div><\/div><\/div><\/div><div class=\"flex_column av_one_full  flex_column_div av-zero-column-padding first  avia-builder-el-2  el_after_av_one_full  el_before_av_one_full  column-top-margin\" style='border-radius:0px; '><section class=\"av_textblock_section \"  itemscope=\"itemscope\" itemtype=\"https:\/\/schema.org\/BlogPosting\" itemprop=\"blogPost\" ><div class='avia_textblock  '   itemprop=\"text\" ><p style=\"text-align: center;\"><span style=\"font-size: 18pt;\"><strong>Barcaza \u201cMelissa\u201d reanudar\u00e1 operaciones tras dos a\u00f1os fuera de servicio<\/strong><\/span><\/p>\n<div id=\"gtx-trans\" style=\"position: absolute; left: -50px; top: 4.31534px;\">\n<div class=\"gtx-trans-icon\"><\/div>\n<\/div>\n<\/div><\/section><\/div><\/p>\n<div class=\"flex_column av_one_full  flex_column_div av-zero-column-padding first  avia-builder-el-4  el_after_av_one_full  el_before_av_hr  column-top-margin\" style='border-radius:0px; '><section class=\"av_textblock_section \"  itemscope=\"itemscope\" itemtype=\"https:\/\/schema.org\/BlogPosting\" itemprop=\"blogPost\" ><div class='avia_textblock  '   itemprop=\"text\" ><p style=\"text-align: justify;\">Este mes tiene muy buenas noticias para los vecinos de Isla las Huichas, ya que despu\u00e9s de dos a\u00f1os de haberse interrumpido el servicio, la barcaza \u201cMelissa\u201d volver\u00e1 a realizar el recorrido entre Puerto Aguirre y Puerto Chacabuco, retomando as\u00ed el traslado de residuos domiciliarios hasta el relleno sanitario de Ays\u00e9n.<\/p>\n<p style=\"text-align: justify;\">El 30 de marzo del presente a\u00f1o se reanudar\u00e1 el recorrido que realizaba habitualmente antes de ser suspendido, tras el acuerdo celebrado con Transportes Juan Calder\u00f3n EIRL, empresa que se har\u00e1 cargo del servicio.<\/p>\n<p style=\"text-align: justify;\">Respecto de esta situaci\u00f3n, el alcalde de Ays\u00e9n, Julio Uribe Alvarado, indic\u00f3 que \u201cesta barcaza se instal\u00f3 con recursos del Gobierno Regional, y por un largo per\u00edodo no hab\u00eda sido utilizada para la finalidad con que fue construida. Hoy estamos contentos de que se est\u00e9 utilizando un bien municipal en favor de Islas Huichas para que tengamos un mejor servicio\u201d.<\/p>\n<p style=\"text-align: justify;\">Durante el per\u00edodo en que la nave estuvo fuera de servicio, se deb\u00edan utilizar otras barcazas para el transporte de los residuos s\u00f3lidos, lo que representaba un alto riesgo para la tripulaci\u00f3n y pasajeros debido al alto riesgo de contaminaci\u00f3n que representaba la carga que deb\u00edan trasladar.<\/p>\n<p style=\"text-align: justify;\">A fines de diciembre de 2022 se firmaron los convenios necesarios para permitir el adecuado funcionamiento de la embarcaci\u00f3n, lo que incluye la mantenci\u00f3n de la misma, adem\u00e1s de la renovaci\u00f3n y tramitaci\u00f3n de documentos necesarios para la operaci\u00f3n del servicio de manera regular.<\/p>\n<p style=\"text-align: justify;\">Esta nave se arrendar\u00e1 con el compromiso de realizar dos viajes cada mes, los cuales ser\u00e1n destinados al traslado de los residuos s\u00f3lidos domiciliarios desde las localidades de Estero Copa, Caleta Andrade y Puerto Aguirre hacia Puerto Chacabuco, desde donde ser\u00e1n reubicados en el relleno sanitario que existe en Ays\u00e9n.<\/p>\n<\/div><\/section><\/div>\n<div  style='height:50px' class='hr hr-invisible   avia-builder-el-6  el_after_av_one_full  el_before_av_social_share '><span class='hr-inner ' ><span class='hr-inner-style'><\/span><\/span><\/div>\n<div  class='av-social-sharing-box  avia-builder-el-7  el_after_av_hr  el_before_av_hr  '><div class='av-share-box'><h5 class='av-share-link-description av-no-toc '>Compartir esta noticia<\/h5><ul class='av-share-box-list noLightbox'><li class='av-share-link av-social-link-facebook' ><a target=\"_blank\" aria-label=\"Compartir en Facebook\" href='https:\/\/www.facebook.com\/sharer.php?u=https:\/\/radiorevelacionfm.cl\/?p=29235&#038;t=Barcaza%20%E2%80%9CMelissa%E2%80%9D%20reanudar%C3%A1%20operaciones%20tras%20dos%20a%C3%B1os%20fuera%20de%20servicio' aria-hidden='false' data-av_icon='\ue8f3' data-av_iconfont='entypo-fontello' title='' data-avia-related-tooltip='Compartir en Facebook' rel=\"noopener\"><span class='avia_hidden_link_text'>Compartir en Facebook<\/span><\/a><\/li><li class='av-share-link av-social-link-twitter' ><a target=\"_blank\" aria-label=\"Compartir en Twitter\" href='https:\/\/twitter.com\/share?text=Barcaza%20%E2%80%9CMelissa%E2%80%9D%20reanudar%C3%A1%20operaciones%20tras%20dos%20a%C3%B1os%20fuera%20de%20servicio&#038;url=https:\/\/radiorevelacionfm.cl\/?p=29235' aria-hidden='false' data-av_icon='\ue8f1' data-av_iconfont='entypo-fontello' title='' data-avia-related-tooltip='Compartir en Twitter' rel=\"noopener\"><span class='avia_hidden_link_text'>Compartir en Twitter<\/span><\/a><\/li><li class='av-share-link av-social-link-whatsapp' ><a target=\"_blank\" aria-label=\"Compartir en Whatsapp\" href='https:\/\/api.whatsapp.com\/send?text=https:\/\/radiorevelacionfm.cl\/?p=29235' aria-hidden='false' data-av_icon='\uf232' data-av_iconfont='entypo-fontello' title='' data-avia-related-tooltip='Compartir en Whatsapp' rel=\"noopener\"><span class='avia_hidden_link_text'>Compartir en Whatsapp<\/span><\/a><\/li><li class='av-share-link av-social-link-linkedin' ><a target=\"_blank\" aria-label=\"Compartir en LinkedIn\" href='https:\/\/linkedin.com\/shareArticle?mini=true&#038;title=Barcaza%20%E2%80%9CMelissa%E2%80%9D%20reanudar%C3%A1%20operaciones%20tras%20dos%20a%C3%B1os%20fuera%20de%20servicio&#038;url=https:\/\/radiorevelacionfm.cl\/?p=29235' aria-hidden='false' data-av_icon='\ue8fc' data-av_iconfont='entypo-fontello' title='' data-avia-related-tooltip='Compartir en LinkedIn' rel=\"noopener\"><span class='avia_hidden_link_text'>Compartir en LinkedIn<\/span><\/a><\/li><li class='av-share-link av-social-link-mail' ><a  aria-label=\"Compartir por correo\" href='mailto:?subject=Barcaza%20%E2%80%9CMelissa%E2%80%9D%20reanudar%C3%A1%20operaciones%20tras%20dos%20a%C3%B1os%20fuera%20de%20servicio&#038;body=https:\/\/radiorevelacionfm.cl\/?p=29235' aria-hidden='false' data-av_icon='\ue805' data-av_iconfont='entypo-fontello' title='' data-avia-related-tooltip='Compartir por correo'><span class='avia_hidden_link_text'>Compartir por correo<\/span><\/a><\/li><\/ul><\/div><\/div>\n<div  style='height:50px' class='hr hr-invisible   avia-builder-el-8  el_after_av_social_share  el_before_av_comments_list '><span class='hr-inner ' ><span class='hr-inner-style'><\/span><\/span><\/div>\n<div  class='av-buildercomment  av-blog-meta-html-info-disabled av-blog-meta-tag-disabled  '><\/div>\n","protected":false},"excerpt":{"rendered":"","protected":false},"author":1,"featured_media":29251,"comment_status":"open","ping_status":"open","sticky":false,"template":"","format":"standard","meta":{"footnotes":""},"categories":[38],"tags":[],"class_list":["post-29235","post","type-post","status-publish","format-standard","has-post-thumbnail","hentry","category-regional"],"jetpack_featured_media_url":"https:\/\/radiorevelacionfm.cl\/wp-content\/uploads\/2023\/03\/barcaza-melissa-1-1_optimized-1.jpeg","_links":{"self":[{"href":"https:\/\/radiorevelacionfm.cl\/index.php?rest_route=\/wp\/v2\/posts\/29235","targetHints":{"allow":["GET"]}}],"collection":[{"href":"https:\/\/radiorevelacionfm.cl\/index.php?rest_route=\/wp\/v2\/posts"}],"about":[{"href":"https:\/\/radiorevelacionfm.cl\/index.php?rest_route=\/wp\/v2\/types\/post"}],"author":[{"embeddable":true,"href":"https:\/\/radiorevelacionfm.cl\/index.php?rest_route=\/wp\/v2\/users\/1"}],"replies":[{"embeddable":true,"href":"https:\/\/radiorevelacionfm.cl\/index.php?rest_route=%2Fwp%2Fv2%2Fcomments&post=29235"}],"version-history":[{"count":3,"href":"https:\/\/radiorevelacionfm.cl\/index.php?rest_route=\/wp\/v2\/posts\/29235\/revisions"}],"predecessor-version":[{"id":29250,"href":"https:\/\/radiorevelacionfm.cl\/index.php?rest_route=\/wp\/v2\/posts\/29235\/revisions\/29250"}],"wp:featuredmedia":[{"embeddable":true,"href":"https:\/\/radiorevelacionfm.cl\/index.php?rest_route=\/wp\/v2\/media\/29251"}],"wp:attachment":[{"href":"https:\/\/radiorevelacionfm.cl\/index.php?rest_route=%2Fwp%2Fv2%2Fmedia&parent=29235"}],"wp:term":[{"taxonomy":"category","embeddable":true,"href":"https:\/\/radiorevelacionfm.cl\/index.php?rest_route=%2Fwp%2Fv2%2Fcategories&post=29235"},{"taxonomy":"post_tag","embeddable":true,"href":"https:\/\/radiorevelacionfm.cl\/index.php?rest_route=%2Fwp%2Fv2%2Ftags&post=29235"}],"curies":[{"name":"wp","href":"https:\/\/api.w.org\/{rel}","templated":true}]}}