{"id":29200,"date":"2023-03-23T16:20:45","date_gmt":"2023-03-23T19:20:45","guid":{"rendered":"https:\/\/radiorevelacionfm.cl\/?p=29200"},"modified":"2023-03-23T16:20:45","modified_gmt":"2023-03-23T19:20:45","slug":"presupuesto-regional-del-minvu-2023-aumento-en-mas-de-un-40-respecto-del-ano-pasado","status":"publish","type":"post","link":"https:\/\/radiorevelacionfm.cl\/?p=29200","title":{"rendered":"Presupuesto regional del Minvu 2023 aument\u00f3 en m\u00e1s de un 40% respecto del a\u00f1o pasado"},"content":{"rendered":"<div class=\"flex_column av_one_full  flex_column_div av-zero-column-padding first  avia-builder-el-0  el_before_av_one_full  avia-builder-el-first  \" style='border-radius:0px; '><div  class='avia-image-container  av-styling-    avia-builder-el-1  avia-builder-el-no-sibling  avia-align-center '  itemprop=\"image\" itemscope=\"itemscope\" itemtype=\"https:\/\/schema.org\/ImageObject\"  ><div class='avia-image-container-inner'><div class='avia-image-overlay-wrap'><img decoding=\"async\" class='wp-image-29201 avia-img-lazy-loading-not-29201 avia_image' src=\"https:\/\/radiorevelacionfm.cl\/wp-content\/uploads\/2023\/03\/inicio-constru-cion-96-viviendas-1-1.jpg\" alt='' title='inicio constru ci\u00f3n 96 viviendas (1) (1)' height=\"600\" width=\"800\"  itemprop=\"thumbnailUrl\" srcset=\"https:\/\/radiorevelacionfm.cl\/wp-content\/uploads\/2023\/03\/inicio-constru-cion-96-viviendas-1-1.jpg 800w, https:\/\/radiorevelacionfm.cl\/wp-content\/uploads\/2023\/03\/inicio-constru-cion-96-viviendas-1-1-300x225.jpg 300w, https:\/\/radiorevelacionfm.cl\/wp-content\/uploads\/2023\/03\/inicio-constru-cion-96-viviendas-1-1-768x576.jpg 768w, https:\/\/radiorevelacionfm.cl\/wp-content\/uploads\/2023\/03\/inicio-constru-cion-96-viviendas-1-1-705x529.jpg 705w, https:\/\/radiorevelacionfm.cl\/wp-content\/uploads\/2023\/03\/inicio-constru-cion-96-viviendas-1-1-600x450.jpg 600w\" sizes=\"(max-width: 800px) 100vw, 800px\" \/><\/div><\/div><\/div><\/div><div class=\"flex_column av_one_full  flex_column_div av-zero-column-padding first  avia-builder-el-2  el_after_av_one_full  el_before_av_one_full  column-top-margin\" style='border-radius:0px; '><section class=\"av_textblock_section \"  itemscope=\"itemscope\" itemtype=\"https:\/\/schema.org\/BlogPosting\" itemprop=\"blogPost\" ><div class='avia_textblock  '   itemprop=\"text\" ><p style=\"text-align: center;\"><span style=\"font-size: 18pt;\"><strong>Presupuesto regional del Minvu 2023 aument\u00f3 en m\u00e1s de un 40% respecto del a\u00f1o pasado<\/strong><\/span><\/p>\n<div id=\"gtx-trans\" style=\"position: absolute; left: -50px; top: 4.31534px;\">\n<div class=\"gtx-trans-icon\"><\/div>\n<\/div>\n<\/div><\/section><\/div><div class=\"flex_column av_one_full  flex_column_div av-zero-column-padding first  avia-builder-el-4  el_after_av_one_full  el_before_av_hr  column-top-margin\" style='border-radius:0px; '><section class=\"av_textblock_section \"  itemscope=\"itemscope\" itemtype=\"https:\/\/schema.org\/BlogPosting\" itemprop=\"blogPost\" ><div class='avia_textblock  '   itemprop=\"text\" ><p style=\"text-align: justify;\">En un 42, 3 por ciento aument\u00f3 el presupuesto del Ministerio de Vivienda y Urbanismo en la regi\u00f3n de Ays\u00e9n para el presente a\u00f1o en comparaci\u00f3n con el 2022, cifra que fue destacada por la Seremi del ramo, Paulina Ruz Delf\u00edn, en reciente presentaci\u00f3n realizada en el Consejo Regional de Ays\u00e9n.<\/p>\n<p style=\"text-align: justify;\">Precis\u00f3 la autoridad que el presupuesto para este a\u00f1o alcanz\u00f3 los 63 mil 689 millones de pesos, lo que permitir\u00e1 iniciar, desarrollar y terminar cientos de obras del \u00e1mbito habitacional y urbano, con el consiguiente beneficio para las familias que viven en las diferentes comunas de la regi\u00f3n.<\/p>\n<p style=\"text-align: justify;\">\u201cHicimos una presentaci\u00f3n ante los consejeros y consejeras regionales respecto de nuestro presupuesto 2023, el cual se incrementa en m\u00e1s de un 40% respecto del a\u00f1o pasado, tanto en lo relativo a obras urbanas (subtitulo 31) como al \u00e1mbito habitacional (subt\u00edtulo 33). Esperamos seguir trabajando junto a los consejeros y consejeras, y con el Gobierno Regional atender en forma oportuna las necesidades y las demandas de nuestras familias, para cumplir con nuestro Plan de Emergencia Habitacional y por supuesto mejorar la calidad de vida de nuestra gente\u201d, expres\u00f3.<\/p>\n<p style=\"text-align: justify;\">Respecto de algunas cifras, inform\u00f3 la Seremi que para este a\u00f1o esperan entregar cerca de 2 mil 640 subsidios habitacionales a trav\u00e9s de los diferentes programas del Minvu, entre los que destacan el Fondo Solidario de Elecci\u00f3n de Vivienda, los subsidios para sectores medios, el Programa de Habitabilidad Rural, los subsidios de arriendo y los de mejoramiento de la vivienda, entre otros. Es as\u00ed como durante este a\u00f1o se espera entregar m\u00e1s de 400 viviendas y dar inicio a la construcci\u00f3n de otras 260 en diferentes ciudades de la regi\u00f3n.<\/p>\n<p style=\"text-align: justify;\">Destac\u00f3 adem\u00e1s la Seremi que este a\u00f1o comenzar\u00e1n proyectos hist\u00f3ricos como la Macro Infraestructura de la Chacra G 1 de Coyhaique, terrenos donde a futuro se contempla dar soluci\u00f3n habitacional a m\u00e1s de mil 200 familias. Tambi\u00e9n se avanzar\u00e1 en la ejecuci\u00f3n de proyectos de pavimentaci\u00f3n participativa en ciudades como Chacabuco, Puerto Ays\u00e9n, Chile Chico, Coyhaique, Bah\u00eda Murta y Villa O\u2019Higgins. En forma paralela partir\u00e1n obras en las comunas de Ays\u00e9n, Chile Chico, Cisnes, Cochrane, R\u00edo Ib\u00e1\u00f1ez, y Tortel, sumando una inversi\u00f3n que supera los 3 mil 700 millones de pesos para este a\u00f1o.<\/p>\n<p style=\"text-align: justify;\">Otras obras que se empezar\u00e1n a hacer realidad con el presupuesto Minvu 2023 tienen que ver con el inicio de la red de aguas lluvias para Villa O\u2019Higgins, y los proyectos de mejoramiento de las plazas de \u00d1irehuao, Puerto Cisnes y La Junta, del Cerro Mirador de Puerto Ays\u00e9n y de las rutas peatonales de Coyhaique y Puerto Cisnes. Tambi\u00e9n ser\u00e1 intervenida la plaza de Villa Ortega y se finalizar\u00e1n los trabajos de mejoramiento en la plazoleta Arturo Prat de Coyhaique.<\/p>\n<p style=\"text-align: justify;\">Agreg\u00f3 la Seremi Paulina Ruz que este a\u00f1o iniciar\u00e1n tambi\u00e9n la construcci\u00f3n del Parque Los Glaciares, en el sector Escuela Agr\u00edcola de Coyhaique y continuar\u00e1n con la implementaci\u00f3n del programa Quiero Mi Barrio, que es muy valorado por la comunidad, y que ahora, adem\u00e1s de Coyhaique y Puerto Ays\u00e9n, est\u00e1 llegando a Villa Ma\u00f1ihuales y Cochrane, con grandes expectativas. \u201cEstamos avanzando con seriedad y responsabilidad en todas las \u00e1reas que involucran a nuestro Ministerio, sabemos que este aumento del presupuesto sectorial es muy positivo, pero tambi\u00e9n que nos impone grandes desaf\u00edos y para ello estamos trabajando en coordinaci\u00f3n con nuestras autoridades regionales, con los municipios, con el sector privado y sobre todo con los dirigentes y los mismos vecinos, quienes entienden que todas estas obras de adelanto se traducir\u00e1n en una mejor calidad de vida para el presente y el futuro de sus familias\u201d, puntualiz\u00f3.<\/p>\n<p style=\"text-align: justify;\">Finalmente, la Seremi Paulina Ruz indic\u00f3 que estos recursos permitir\u00e1n seguir avanzando en las metas trazadas en el marco del Plan de Emergencia Habitacional, impulsando adem\u00e1s la reactivaci\u00f3n de las econom\u00edas locales, generando trabajo para las empresas y puestos de trabajo para hombres y mujeres en todas las comunas de la regi\u00f3n.<\/p>\n<\/div><\/section><\/div><div  style='height:50px' class='hr hr-invisible   avia-builder-el-6  el_after_av_one_full  el_before_av_social_share '><span class='hr-inner ' ><span class='hr-inner-style'><\/span><\/span><\/div><\/p>\n<div  class='av-social-sharing-box  avia-builder-el-7  el_after_av_hr  el_before_av_hr  '><div class='av-share-box'><h5 class='av-share-link-description av-no-toc '>Compartir esta noticia<\/h5><ul class='av-share-box-list noLightbox'><li class='av-share-link av-social-link-facebook' ><a target=\"_blank\" aria-label=\"Compartir en Facebook\" href='https:\/\/www.facebook.com\/sharer.php?u=https:\/\/radiorevelacionfm.cl\/?p=29200&#038;t=Presupuesto%20regional%20del%20Minvu%202023%20aument%C3%B3%20en%20m%C3%A1s%20de%20un%2040%25%20respecto%20del%20a%C3%B1o%20pasado' aria-hidden='false' data-av_icon='\ue8f3' data-av_iconfont='entypo-fontello' title='' data-avia-related-tooltip='Compartir en Facebook' rel=\"noopener\"><span class='avia_hidden_link_text'>Compartir en Facebook<\/span><\/a><\/li><li class='av-share-link av-social-link-twitter' ><a target=\"_blank\" aria-label=\"Compartir en Twitter\" href='https:\/\/twitter.com\/share?text=Presupuesto%20regional%20del%20Minvu%202023%20aument%C3%B3%20en%20m%C3%A1s%20de%20un%2040%25%20respecto%20del%20a%C3%B1o%20pasado&#038;url=https:\/\/radiorevelacionfm.cl\/?p=29200' aria-hidden='false' data-av_icon='\ue8f1' data-av_iconfont='entypo-fontello' title='' data-avia-related-tooltip='Compartir en Twitter' rel=\"noopener\"><span class='avia_hidden_link_text'>Compartir en Twitter<\/span><\/a><\/li><li class='av-share-link av-social-link-whatsapp' ><a target=\"_blank\" aria-label=\"Compartir en Whatsapp\" href='https:\/\/api.whatsapp.com\/send?text=https:\/\/radiorevelacionfm.cl\/?p=29200' aria-hidden='false' data-av_icon='\uf232' data-av_iconfont='entypo-fontello' title='' data-avia-related-tooltip='Compartir en Whatsapp' rel=\"noopener\"><span class='avia_hidden_link_text'>Compartir en Whatsapp<\/span><\/a><\/li><li class='av-share-link av-social-link-linkedin' ><a target=\"_blank\" aria-label=\"Compartir en LinkedIn\" href='https:\/\/linkedin.com\/shareArticle?mini=true&#038;title=Presupuesto%20regional%20del%20Minvu%202023%20aument%C3%B3%20en%20m%C3%A1s%20de%20un%2040%25%20respecto%20del%20a%C3%B1o%20pasado&#038;url=https:\/\/radiorevelacionfm.cl\/?p=29200' aria-hidden='false' data-av_icon='\ue8fc' data-av_iconfont='entypo-fontello' title='' data-avia-related-tooltip='Compartir en LinkedIn' rel=\"noopener\"><span class='avia_hidden_link_text'>Compartir en LinkedIn<\/span><\/a><\/li><li class='av-share-link av-social-link-mail' ><a  aria-label=\"Compartir por correo\" href='mailto:?subject=Presupuesto%20regional%20del%20Minvu%202023%20aument%C3%B3%20en%20m%C3%A1s%20de%20un%2040%25%20respecto%20del%20a%C3%B1o%20pasado&#038;body=https:\/\/radiorevelacionfm.cl\/?p=29200' aria-hidden='false' data-av_icon='\ue805' data-av_iconfont='entypo-fontello' title='' data-avia-related-tooltip='Compartir por correo'><span class='avia_hidden_link_text'>Compartir por correo<\/span><\/a><\/li><\/ul><\/div><\/div>\n<div  style='height:50px' class='hr hr-invisible   avia-builder-el-8  el_after_av_social_share  el_before_av_comments_list '><span class='hr-inner ' ><span class='hr-inner-style'><\/span><\/span><\/div>\n<div  class='av-buildercomment  av-blog-meta-html-info-disabled av-blog-meta-tag-disabled  '><\/div>\n","protected":false},"excerpt":{"rendered":"","protected":false},"author":1,"featured_media":29201,"comment_status":"open","ping_status":"open","sticky":false,"template":"","format":"standard","meta":{"footnotes":""},"categories":[57],"tags":[],"class_list":["post-29200","post","type-post","status-publish","format-standard","has-post-thumbnail","hentry","category-vivienda"],"jetpack_featured_media_url":"https:\/\/radiorevelacionfm.cl\/wp-content\/uploads\/2023\/03\/inicio-constru-cion-96-viviendas-1-1.jpg","_links":{"self":[{"href":"https:\/\/radiorevelacionfm.cl\/index.php?rest_route=\/wp\/v2\/posts\/29200","targetHints":{"allow":["GET"]}}],"collection":[{"href":"https:\/\/radiorevelacionfm.cl\/index.php?rest_route=\/wp\/v2\/posts"}],"about":[{"href":"https:\/\/radiorevelacionfm.cl\/index.php?rest_route=\/wp\/v2\/types\/post"}],"author":[{"embeddable":true,"href":"https:\/\/radiorevelacionfm.cl\/index.php?rest_route=\/wp\/v2\/users\/1"}],"replies":[{"embeddable":true,"href":"https:\/\/radiorevelacionfm.cl\/index.php?rest_route=%2Fwp%2Fv2%2Fcomments&post=29200"}],"version-history":[{"count":2,"href":"https:\/\/radiorevelacionfm.cl\/index.php?rest_route=\/wp\/v2\/posts\/29200\/revisions"}],"predecessor-version":[{"id":29287,"href":"https:\/\/radiorevelacionfm.cl\/index.php?rest_route=\/wp\/v2\/posts\/29200\/revisions\/29287"}],"wp:featuredmedia":[{"embeddable":true,"href":"https:\/\/radiorevelacionfm.cl\/index.php?rest_route=\/wp\/v2\/media\/29201"}],"wp:attachment":[{"href":"https:\/\/radiorevelacionfm.cl\/index.php?rest_route=%2Fwp%2Fv2%2Fmedia&parent=29200"}],"wp:term":[{"taxonomy":"category","embeddable":true,"href":"https:\/\/radiorevelacionfm.cl\/index.php?rest_route=%2Fwp%2Fv2%2Fcategories&post=29200"},{"taxonomy":"post_tag","embeddable":true,"href":"https:\/\/radiorevelacionfm.cl\/index.php?rest_route=%2Fwp%2Fv2%2Ftags&post=29200"}],"curies":[{"name":"wp","href":"https:\/\/api.w.org\/{rel}","templated":true}]}}