{"id":29196,"date":"2023-03-24T09:21:56","date_gmt":"2023-03-24T12:21:56","guid":{"rendered":"https:\/\/radiorevelacionfm.cl\/?p=29196"},"modified":"2023-03-24T09:21:56","modified_gmt":"2023-03-24T12:21:56","slug":"bienes-nacionales-dicto-charla-con-enfoque-de-genero-prevencion-de-las-irregularidades-en-la-posesion-de-un-bien-raiz","status":"publish","type":"post","link":"https:\/\/radiorevelacionfm.cl\/?p=29196","title":{"rendered":"Bienes Nacionales dict\u00f3 charla con enfoque de g\u00e9nero: \u201cPrevenci\u00f3n de las irregularidades en la posesi\u00f3n de un bien ra\u00edz\u201d"},"content":{"rendered":"<div class=\"flex_column av_one_full  flex_column_div av-zero-column-padding first  avia-builder-el-0  el_before_av_one_full  avia-builder-el-first  \" style='border-radius:0px; '><div  class='avia-image-container  av-styling-    avia-builder-el-1  avia-builder-el-no-sibling  avia-align-center '  itemprop=\"image\" itemscope=\"itemscope\" itemtype=\"https:\/\/schema.org\/ImageObject\"  ><div class='avia-image-container-inner'><div class='avia-image-overlay-wrap'><img decoding=\"async\" class='wp-image-29197 avia-img-lazy-loading-not-29197 avia_image' src=\"https:\/\/radiorevelacionfm.cl\/wp-content\/uploads\/2023\/03\/1-28-1_optimized.jpg\" alt='' title='1-(28)-(1)_optimized' height=\"600\" width=\"988\"  itemprop=\"thumbnailUrl\" srcset=\"https:\/\/radiorevelacionfm.cl\/wp-content\/uploads\/2023\/03\/1-28-1_optimized.jpg 988w, https:\/\/radiorevelacionfm.cl\/wp-content\/uploads\/2023\/03\/1-28-1_optimized-300x182.jpg 300w, https:\/\/radiorevelacionfm.cl\/wp-content\/uploads\/2023\/03\/1-28-1_optimized-768x466.jpg 768w, https:\/\/radiorevelacionfm.cl\/wp-content\/uploads\/2023\/03\/1-28-1_optimized-705x428.jpg 705w, https:\/\/radiorevelacionfm.cl\/wp-content\/uploads\/2023\/03\/1-28-1_optimized-600x364.jpg 600w\" sizes=\"(max-width: 988px) 100vw, 988px\" \/><\/div><\/div><\/div><\/div>\n<div class=\"flex_column av_one_full  flex_column_div av-zero-column-padding first  avia-builder-el-2  el_after_av_one_full  el_before_av_one_full  column-top-margin\" style='border-radius:0px; '><section class=\"av_textblock_section \"  itemscope=\"itemscope\" itemtype=\"https:\/\/schema.org\/BlogPosting\" itemprop=\"blogPost\" ><div class='avia_textblock  '   itemprop=\"text\" ><p style=\"text-align: center;\"><strong><span style=\"font-size: 18pt;\">Bienes Nacionales dict\u00f3 charla con enfoque de g\u00e9nero: \u201cPrevenci\u00f3n de las irregularidades en la posesi\u00f3n de un bien ra\u00edz\u201d<\/span><\/strong><\/p>\n<div id=\"gtx-trans\" style=\"position: absolute; left: -50px; top: 4.31534px;\">\n<div class=\"gtx-trans-icon\"><\/div>\n<\/div>\n<\/div><\/section><\/div>\n<div class=\"flex_column av_one_full  flex_column_div av-zero-column-padding first  avia-builder-el-4  el_after_av_one_full  el_before_av_hr  column-top-margin\" style='border-radius:0px; '><section class=\"av_textblock_section \"  itemscope=\"itemscope\" itemtype=\"https:\/\/schema.org\/BlogPosting\" itemprop=\"blogPost\" ><div class='avia_textblock  '   itemprop=\"text\" ><p style=\"text-align: justify;\">En el auditorio de la Biblioteca Regional de Ays\u00e9n, los funcionarios de la Unidad de Regularizaci\u00f3n de la Seremi de Bienes Nacionales, dictaron la charla denominada \u201cPrevenci\u00f3n de las irregularidades en la posesi\u00f3n de un bien ra\u00edz\u201d, actividad enmarcada en un plan anual de difusi\u00f3n, que contempla la publicaci\u00f3n de contenidos en los medios de comunicaci\u00f3n, y de forma presencial, a trav\u00e9s de charlas dirigidas a diversos p\u00fablicos, en las que por una parte se dialogue en torno a las herramientas normativas que gu\u00edan su trabajo y por otro lado, prevenir que las personas adquieran bienes inmuebles fuera de lo que dicta la Ley.<\/p>\n<p style=\"text-align: justify;\">En esta ocasi\u00f3n la actividad fue dirigida a funcionarias y funcionarios p\u00fablicos, entre los servicios presentes: Servicio Nacional de la Mujer y la Equidad de G\u00e9nero Ays\u00e9n, Registro Civil e Identificaci\u00f3n, Servicio de Impuestos Internos, Seremi Justicia y Derechos Humanos Ays\u00e9n y Mop Ays\u00e9n.<\/p>\n<p style=\"text-align: justify;\"><strong>Programa de Regularizaci\u00f3n de la Propiedad Ra\u00edz con enfoque de g\u00e9nero <\/strong><\/p>\n<p style=\"text-align: justify;\">Este programa ha beneficiado a miles de familias del pa\u00eds convirti\u00e9ndolas en legitimas due\u00f1as de un inmueble, la cobertura alcanzada, como las posibilidades para acceder a otros beneficios del estado p\u00fablicos y privados ha contribuido en mejorar las condiciones de vida de muchas personas, especialmente de aquellos con mayor vulnerabilidad.<\/p>\n<p style=\"text-align: justify;\">Las estad\u00edsticas y registros que posee el Ministerio de Bienes Nacionales nos muestra que en los \u00faltimos 6 a\u00f1os la demanda por regularizaci\u00f3n de t\u00edtulos de dominio en la regi\u00f3n Ays\u00e9n ha alcanzado a m\u00e1s de 300 mujeres.<\/p>\n<p style=\"text-align: justify;\">Respecto de la caracterizaci\u00f3n de la poblaci\u00f3n objetivo en Regularizaci\u00f3n, se encuentra en personas con mayor vulnerabilidad considerando aquellas pertenecientes al 40% del Registro Social de Hogares, adultos mayores, pertenecientes a pueblos originarios, jefas de hogar y en el registro de discapacidad.<\/p>\n<p style=\"text-align: justify;\">De nuestras usuarias el 65% de las mujeres est\u00e1 en el 40% de mayor vulnerabilidad, 30% de ellas son jefas de hogar, un 20% son adultas mayores y un 35% pertenecen a pueblos originarios.<\/p>\n<p style=\"text-align: justify;\">Considerando estos grupos relevantes, es que la Seremi de Bienes Nacionales busca a trav\u00e9s de charlas focalizar y crear alianzas con otras instituciones, para sumar esfuerzos para canalizar la informaci\u00f3n y beneficios a quienes m\u00e1s lo necesitan.<\/p>\n<\/div><\/section><\/div><div  style='height:50px' class='hr hr-invisible   avia-builder-el-6  el_after_av_one_full  el_before_av_social_share '><span class='hr-inner ' ><span class='hr-inner-style'><\/span><\/span><\/div><\/p>\n<div  class='av-social-sharing-box  avia-builder-el-7  el_after_av_hr  el_before_av_hr  '><div class='av-share-box'><h5 class='av-share-link-description av-no-toc '>Compartir esta noticia<\/h5><ul class='av-share-box-list noLightbox'><li class='av-share-link av-social-link-facebook' ><a target=\"_blank\" aria-label=\"Compartir en Facebook\" href='https:\/\/www.facebook.com\/sharer.php?u=https:\/\/radiorevelacionfm.cl\/?p=29196&#038;t=Bienes%20Nacionales%20dict%C3%B3%20charla%20con%20enfoque%20de%20g%C3%A9nero%3A%20%E2%80%9CPrevenci%C3%B3n%20de%20las%20irregularidades%20en%20la%20posesi%C3%B3n%20de%20un%20bien%20ra%C3%ADz%E2%80%9D' aria-hidden='false' data-av_icon='\ue8f3' data-av_iconfont='entypo-fontello' title='' data-avia-related-tooltip='Compartir en Facebook' rel=\"noopener\"><span class='avia_hidden_link_text'>Compartir en Facebook<\/span><\/a><\/li><li class='av-share-link av-social-link-twitter' ><a target=\"_blank\" aria-label=\"Compartir en Twitter\" href='https:\/\/twitter.com\/share?text=Bienes%20Nacionales%20dict%C3%B3%20charla%20con%20enfoque%20de%20g%C3%A9nero%3A%20%E2%80%9CPrevenci%C3%B3n%20de%20las%20irregularidades%20en%20la%20posesi%C3%B3n%20de%20un%20bien%20ra%C3%ADz%E2%80%9D&#038;url=https:\/\/radiorevelacionfm.cl\/?p=29196' aria-hidden='false' data-av_icon='\ue8f1' data-av_iconfont='entypo-fontello' title='' data-avia-related-tooltip='Compartir en Twitter' rel=\"noopener\"><span class='avia_hidden_link_text'>Compartir en Twitter<\/span><\/a><\/li><li class='av-share-link av-social-link-whatsapp' ><a target=\"_blank\" aria-label=\"Compartir en Whatsapp\" href='https:\/\/api.whatsapp.com\/send?text=https:\/\/radiorevelacionfm.cl\/?p=29196' aria-hidden='false' data-av_icon='\uf232' data-av_iconfont='entypo-fontello' title='' data-avia-related-tooltip='Compartir en Whatsapp' rel=\"noopener\"><span class='avia_hidden_link_text'>Compartir en Whatsapp<\/span><\/a><\/li><li class='av-share-link av-social-link-linkedin' ><a target=\"_blank\" aria-label=\"Compartir en LinkedIn\" href='https:\/\/linkedin.com\/shareArticle?mini=true&#038;title=Bienes%20Nacionales%20dict%C3%B3%20charla%20con%20enfoque%20de%20g%C3%A9nero%3A%20%E2%80%9CPrevenci%C3%B3n%20de%20las%20irregularidades%20en%20la%20posesi%C3%B3n%20de%20un%20bien%20ra%C3%ADz%E2%80%9D&#038;url=https:\/\/radiorevelacionfm.cl\/?p=29196' aria-hidden='false' data-av_icon='\ue8fc' data-av_iconfont='entypo-fontello' title='' data-avia-related-tooltip='Compartir en LinkedIn' rel=\"noopener\"><span class='avia_hidden_link_text'>Compartir en LinkedIn<\/span><\/a><\/li><li class='av-share-link av-social-link-mail' ><a  aria-label=\"Compartir por correo\" href='mailto:?subject=Bienes%20Nacionales%20dict%C3%B3%20charla%20con%20enfoque%20de%20g%C3%A9nero%3A%20%E2%80%9CPrevenci%C3%B3n%20de%20las%20irregularidades%20en%20la%20posesi%C3%B3n%20de%20un%20bien%20ra%C3%ADz%E2%80%9D&#038;body=https:\/\/radiorevelacionfm.cl\/?p=29196' aria-hidden='false' data-av_icon='\ue805' data-av_iconfont='entypo-fontello' title='' data-avia-related-tooltip='Compartir por correo'><span class='avia_hidden_link_text'>Compartir por correo<\/span><\/a><\/li><\/ul><\/div><\/div>\n<div  style='height:50px' class='hr hr-invisible   avia-builder-el-8  el_after_av_social_share  el_before_av_comments_list '><span class='hr-inner ' ><span class='hr-inner-style'><\/span><\/span><\/div>\n<div  class='av-buildercomment  av-blog-meta-html-info-disabled av-blog-meta-tag-disabled  '><\/div>\n","protected":false},"excerpt":{"rendered":"","protected":false},"author":1,"featured_media":29197,"comment_status":"open","ping_status":"open","sticky":false,"template":"","format":"standard","meta":{"footnotes":""},"categories":[38],"tags":[],"class_list":["post-29196","post","type-post","status-publish","format-standard","has-post-thumbnail","hentry","category-regional"],"jetpack_featured_media_url":"https:\/\/radiorevelacionfm.cl\/wp-content\/uploads\/2023\/03\/1-28-1_optimized.jpg","_links":{"self":[{"href":"https:\/\/radiorevelacionfm.cl\/index.php?rest_route=\/wp\/v2\/posts\/29196","targetHints":{"allow":["GET"]}}],"collection":[{"href":"https:\/\/radiorevelacionfm.cl\/index.php?rest_route=\/wp\/v2\/posts"}],"about":[{"href":"https:\/\/radiorevelacionfm.cl\/index.php?rest_route=\/wp\/v2\/types\/post"}],"author":[{"embeddable":true,"href":"https:\/\/radiorevelacionfm.cl\/index.php?rest_route=\/wp\/v2\/users\/1"}],"replies":[{"embeddable":true,"href":"https:\/\/radiorevelacionfm.cl\/index.php?rest_route=%2Fwp%2Fv2%2Fcomments&post=29196"}],"version-history":[{"count":3,"href":"https:\/\/radiorevelacionfm.cl\/index.php?rest_route=\/wp\/v2\/posts\/29196\/revisions"}],"predecessor-version":[{"id":29310,"href":"https:\/\/radiorevelacionfm.cl\/index.php?rest_route=\/wp\/v2\/posts\/29196\/revisions\/29310"}],"wp:featuredmedia":[{"embeddable":true,"href":"https:\/\/radiorevelacionfm.cl\/index.php?rest_route=\/wp\/v2\/media\/29197"}],"wp:attachment":[{"href":"https:\/\/radiorevelacionfm.cl\/index.php?rest_route=%2Fwp%2Fv2%2Fmedia&parent=29196"}],"wp:term":[{"taxonomy":"category","embeddable":true,"href":"https:\/\/radiorevelacionfm.cl\/index.php?rest_route=%2Fwp%2Fv2%2Fcategories&post=29196"},{"taxonomy":"post_tag","embeddable":true,"href":"https:\/\/radiorevelacionfm.cl\/index.php?rest_route=%2Fwp%2Fv2%2Ftags&post=29196"}],"curies":[{"name":"wp","href":"https:\/\/api.w.org\/{rel}","templated":true}]}}