{"id":29187,"date":"2023-03-22T18:43:28","date_gmt":"2023-03-22T21:43:28","guid":{"rendered":"https:\/\/radiorevelacionfm.cl\/?p=29187"},"modified":"2023-03-22T18:43:28","modified_gmt":"2023-03-22T21:43:28","slug":"con-el-llamado-a-volver-al-jardin-autoridades-de-educacion-dieron-el-vamos-oficial-al-inicio-del-ano-parvulario-en-la-region-de-aysen","status":"publish","type":"post","link":"https:\/\/radiorevelacionfm.cl\/?p=29187","title":{"rendered":"Con el llamado a \u201cVolver al Jard\u00edn\u201d autoridades de Educaci\u00f3n dieron el vamos oficial al inicio del a\u00f1o parvulario en la regi\u00f3n de Ays\u00e9n"},"content":{"rendered":"<div class=\"flex_column av_one_full  flex_column_div av-zero-column-padding first  avia-builder-el-0  el_before_av_one_full  avia-builder-el-first  \" style='border-radius:0px; '><div  class='avia-image-container  av-styling-    avia-builder-el-1  avia-builder-el-no-sibling  avia-align-center '  itemprop=\"image\" itemscope=\"itemscope\" itemtype=\"https:\/\/schema.org\/ImageObject\"  ><div class='avia-image-container-inner'><div class='avia-image-overlay-wrap'><img decoding=\"async\" class='wp-image-29188 avia-img-lazy-loading-not-29188 avia_image' src=\"https:\/\/radiorevelacionfm.cl\/wp-content\/uploads\/2023\/03\/1-13-2-1.jpeg\" alt='' title='1 (13) (2) (1)' height=\"600\" width=\"902\"  itemprop=\"thumbnailUrl\" srcset=\"https:\/\/radiorevelacionfm.cl\/wp-content\/uploads\/2023\/03\/1-13-2-1.jpeg 902w, https:\/\/radiorevelacionfm.cl\/wp-content\/uploads\/2023\/03\/1-13-2-1-300x200.jpeg 300w, https:\/\/radiorevelacionfm.cl\/wp-content\/uploads\/2023\/03\/1-13-2-1-768x511.jpeg 768w, https:\/\/radiorevelacionfm.cl\/wp-content\/uploads\/2023\/03\/1-13-2-1-705x469.jpeg 705w, https:\/\/radiorevelacionfm.cl\/wp-content\/uploads\/2023\/03\/1-13-2-1-600x399.jpeg 600w\" sizes=\"(max-width: 902px) 100vw, 902px\" \/><\/div><\/div><\/div><\/div><div class=\"flex_column av_one_full  flex_column_div av-zero-column-padding first  avia-builder-el-2  el_after_av_one_full  el_before_av_one_full  column-top-margin\" style='border-radius:0px; '><section class=\"av_textblock_section \"  itemscope=\"itemscope\" itemtype=\"https:\/\/schema.org\/BlogPosting\" itemprop=\"blogPost\" ><div class='avia_textblock  '   itemprop=\"text\" ><p style=\"text-align: center;\"><strong><span style=\"font-size: 18pt;\">Con el llamado a \u201cVolver al Jard\u00edn\u201d autoridades de Educaci\u00f3n dieron el vamos oficial al inicio del a\u00f1o parvulario en la regi\u00f3n de Ays\u00e9n<\/span><\/strong><\/p>\n<div id=\"gtx-trans\" style=\"position: absolute; left: -50px; top: 4.31534px;\">\n<div class=\"gtx-trans-icon\"><\/div>\n<\/div>\n<\/div><\/section><\/div><div class=\"flex_column av_one_full  flex_column_div av-zero-column-padding first  avia-builder-el-4  el_after_av_one_full  el_before_av_hr  column-top-margin\" style='border-radius:0px; '><section class=\"av_textblock_section \"  itemscope=\"itemscope\" itemtype=\"https:\/\/schema.org\/BlogPosting\" itemprop=\"blogPost\" ><div class='avia_textblock  '   itemprop=\"text\" ><p style=\"font-weight: 400; text-align: justify;\">En dependencias del Jard\u00edn Infantil y Sala Cuna \u201cMart\u00edn Pescador\u201d de JUNJI y acompa\u00f1ados con todas las autoridades de Educaci\u00f3n de la regi\u00f3n de Ays\u00e9n se realiz\u00f3 el hito de inicio del a\u00f1o parvulario 2023. En la actividad se presentaron diversas acciones correspondientes al Plan de Reactivaci\u00f3n Educativa, enfocadas en las ni\u00f1as y ni\u00f1os del nivel parvulario, poniendo el foco en lo importante que es que los ni\u00f1os y ni\u00f1as asistan a los establecimientos educacionales.<\/p>\n<p style=\"font-weight: 400; text-align: justify;\">En la instancia participaron el representante del Delegado Presidencial, Samuel Navarro, la gobernadora regional, Andrea Mac\u00edas, la seremi de Educaci\u00f3n de Ays\u00e9n, Isabel Garrido, junto al director regional (s) de JUNJI, David Catal\u00e1n y la directora regional de Fundaci\u00f3n Integra, Leticia Araya, adem\u00e1s de representantes de la subsecretar\u00eda de educaci\u00f3n parvularia y la superintendencia de educaci\u00f3n de la regi\u00f3n, quienes recalcaron la necesidad de que las familias lleven a sus hijos e hijas a salas cuna y jardines infantiles.<\/p>\n<p style=\"font-weight: 400; text-align: justify;\">La seremi de Educaci\u00f3n destac\u00f3 que \u201cestamos dando inicio al a\u00f1o parvulario y como lo ha dicho el presidente Gabriel Boric estamos en el a\u00f1o de la reactivaci\u00f3n educativa buscando tres grandes objetivos que son que ni\u00f1os y ni\u00f1as asistan a las escuelas , que aprendan lo que tiene que aprender y que se haga en ambientes de sana convivencia escolar\u201d.<\/p>\n<p style=\"font-weight: 400; text-align: justify;\">Por su parte, la gobernadora regional destac\u00f3 que \u201cestamos muy contentos de poder participar de esta inauguraci\u00f3n del a\u00f1o escolar parvulario ya que sabemos que la primera infancia y los espacios educativos que existen son fundamentales ya que son espacios de resguardo, seguros y que nos permiten crear una mejor sociedad\u201d.<\/p>\n<p style=\"font-weight: 400; text-align: justify;\">Distintos expertos en materia de primera infancia recalcan los beneficios que entregan los jardines infantiles y salas cunas entendiendo que ah\u00ed hay experiencias y\/o aprendizajes que son para toda la vida en la que se les entregan una serie de herramientas para toda la vida, se refuerzan habilidades psicomotoras, sociales junto a sus pares.<\/p>\n<p style=\"font-weight: 400; text-align: justify;\">El director regional (s) de JUNJI, recalc\u00f3 que \u201cqueremos decirles a las familias que contamos con espacios y equipos educativos altamente especializados para que sus ni\u00f1os y ni\u00f1as se desarrollen integralmente. Ellos como motores de sus aprendizajes en espacios de calidad, seguros y confortables\u201d.<\/p>\n<p style=\"font-weight: 400; text-align: justify;\">La directora regional de Fundaci\u00f3n Integra, a su vez hizo un llamado a la comunidad regional enfatizando en que \u201cnecesitamos que los ni\u00f1os y las ni\u00f1as est\u00e9n en los jardines infantiles, que son espacios enriquecidos donde el juego se releva y con equipos educativos sensibles a las necesidades de los p\u00e1rvulos y donde ellos son protagonistas de sus aprendizajes\u201d. A su vez invit\u00f3 a las familias a \u201cconfiar en el trabajo que se desarrolla en educaci\u00f3n parvularia, en la oferta p\u00fablica que tenemos y que puedan asistir a nuestros jardines infantiles\u201d<\/p>\n<p style=\"font-weight: 400; text-align: justify;\">Por su parte, la directora del Jard\u00edn Infantil y Sala Cuna \u201cMart\u00edn Pescador\u201d, Malvina Aguilera destac\u00f3 que \u201ces en la educaci\u00f3n inicial donde se entregan las bases para lo que se viene para m\u00e1s adelante. Los jardines infantiles tenemos espacios seguros, equipos educativos comprometidos y muy preocupados de entregar lo mejor de nosotros e incorporar a las familias en estos procesos. Todo esto en funci\u00f3n de que los ni\u00f1os y ni\u00f1as puedan ser felices y sacar el m\u00e1ximo de su potencial\u201d.<\/p>\n<p style=\"font-weight: 400; text-align: justify;\">Finalmente, desde JUNJI e Integra recalcan que a nivel regional a\u00fan existen cupos disponibles en sus jardines infantiles por lo que la invitaci\u00f3n es a acercarse al establecimiento de su preferencia y hacer el tr\u00e1mite de manera directa.<\/p>\n<\/div><\/section><\/div><div  style='height:50px' class='hr hr-invisible   avia-builder-el-6  el_after_av_one_full  el_before_av_social_share '><span class='hr-inner ' ><span class='hr-inner-style'><\/span><\/span><\/div><\/p>\n<div  class='av-social-sharing-box  avia-builder-el-7  el_after_av_hr  el_before_av_hr  '><div class='av-share-box'><h5 class='av-share-link-description av-no-toc '>Compartir esta noticia<\/h5><ul class='av-share-box-list noLightbox'><li class='av-share-link av-social-link-facebook' ><a target=\"_blank\" aria-label=\"Compartir en Facebook\" href='https:\/\/www.facebook.com\/sharer.php?u=https:\/\/radiorevelacionfm.cl\/?p=29187&#038;t=Con%20el%20llamado%20a%20%E2%80%9CVolver%20al%20Jard%C3%ADn%E2%80%9D%20autoridades%20de%20Educaci%C3%B3n%20dieron%20el%20vamos%20oficial%20al%20inicio%20del%20a%C3%B1o%20parvulario%20en%20la%20regi%C3%B3n%20de%20Ays%C3%A9n' aria-hidden='false' data-av_icon='\ue8f3' data-av_iconfont='entypo-fontello' title='' data-avia-related-tooltip='Compartir en Facebook' rel=\"noopener\"><span class='avia_hidden_link_text'>Compartir en Facebook<\/span><\/a><\/li><li class='av-share-link av-social-link-twitter' ><a target=\"_blank\" aria-label=\"Compartir en Twitter\" href='https:\/\/twitter.com\/share?text=Con%20el%20llamado%20a%20%E2%80%9CVolver%20al%20Jard%C3%ADn%E2%80%9D%20autoridades%20de%20Educaci%C3%B3n%20dieron%20el%20vamos%20oficial%20al%20inicio%20del%20a%C3%B1o%20parvulario%20en%20la%20regi%C3%B3n%20de%20Ays%C3%A9n&#038;url=https:\/\/radiorevelacionfm.cl\/?p=29187' aria-hidden='false' data-av_icon='\ue8f1' data-av_iconfont='entypo-fontello' title='' data-avia-related-tooltip='Compartir en Twitter' rel=\"noopener\"><span class='avia_hidden_link_text'>Compartir en Twitter<\/span><\/a><\/li><li class='av-share-link av-social-link-whatsapp' ><a target=\"_blank\" aria-label=\"Compartir en Whatsapp\" href='https:\/\/api.whatsapp.com\/send?text=https:\/\/radiorevelacionfm.cl\/?p=29187' aria-hidden='false' data-av_icon='\uf232' data-av_iconfont='entypo-fontello' title='' data-avia-related-tooltip='Compartir en Whatsapp' rel=\"noopener\"><span class='avia_hidden_link_text'>Compartir en Whatsapp<\/span><\/a><\/li><li class='av-share-link av-social-link-linkedin' ><a target=\"_blank\" aria-label=\"Compartir en LinkedIn\" href='https:\/\/linkedin.com\/shareArticle?mini=true&#038;title=Con%20el%20llamado%20a%20%E2%80%9CVolver%20al%20Jard%C3%ADn%E2%80%9D%20autoridades%20de%20Educaci%C3%B3n%20dieron%20el%20vamos%20oficial%20al%20inicio%20del%20a%C3%B1o%20parvulario%20en%20la%20regi%C3%B3n%20de%20Ays%C3%A9n&#038;url=https:\/\/radiorevelacionfm.cl\/?p=29187' aria-hidden='false' data-av_icon='\ue8fc' data-av_iconfont='entypo-fontello' title='' data-avia-related-tooltip='Compartir en LinkedIn' rel=\"noopener\"><span class='avia_hidden_link_text'>Compartir en LinkedIn<\/span><\/a><\/li><li class='av-share-link av-social-link-mail' ><a  aria-label=\"Compartir por correo\" href='mailto:?subject=Con%20el%20llamado%20a%20%E2%80%9CVolver%20al%20Jard%C3%ADn%E2%80%9D%20autoridades%20de%20Educaci%C3%B3n%20dieron%20el%20vamos%20oficial%20al%20inicio%20del%20a%C3%B1o%20parvulario%20en%20la%20regi%C3%B3n%20de%20Ays%C3%A9n&#038;body=https:\/\/radiorevelacionfm.cl\/?p=29187' aria-hidden='false' data-av_icon='\ue805' data-av_iconfont='entypo-fontello' title='' data-avia-related-tooltip='Compartir por correo'><span class='avia_hidden_link_text'>Compartir por correo<\/span><\/a><\/li><\/ul><\/div><\/div>\n<div  style='height:50px' class='hr hr-invisible   avia-builder-el-8  el_after_av_social_share  el_before_av_comments_list '><span class='hr-inner ' ><span class='hr-inner-style'><\/span><\/span><\/div>\n<div  class='av-buildercomment  av-blog-meta-html-info-disabled av-blog-meta-tag-disabled  '><\/div>\n","protected":false},"excerpt":{"rendered":"","protected":false},"author":1,"featured_media":29188,"comment_status":"open","ping_status":"open","sticky":false,"template":"","format":"standard","meta":{"footnotes":""},"categories":[49],"tags":[],"class_list":["post-29187","post","type-post","status-publish","format-standard","has-post-thumbnail","hentry","category-educacion"],"jetpack_featured_media_url":"https:\/\/radiorevelacionfm.cl\/wp-content\/uploads\/2023\/03\/1-13-2-1.jpeg","_links":{"self":[{"href":"https:\/\/radiorevelacionfm.cl\/index.php?rest_route=\/wp\/v2\/posts\/29187","targetHints":{"allow":["GET"]}}],"collection":[{"href":"https:\/\/radiorevelacionfm.cl\/index.php?rest_route=\/wp\/v2\/posts"}],"about":[{"href":"https:\/\/radiorevelacionfm.cl\/index.php?rest_route=\/wp\/v2\/types\/post"}],"author":[{"embeddable":true,"href":"https:\/\/radiorevelacionfm.cl\/index.php?rest_route=\/wp\/v2\/users\/1"}],"replies":[{"embeddable":true,"href":"https:\/\/radiorevelacionfm.cl\/index.php?rest_route=%2Fwp%2Fv2%2Fcomments&post=29187"}],"version-history":[{"count":2,"href":"https:\/\/radiorevelacionfm.cl\/index.php?rest_route=\/wp\/v2\/posts\/29187\/revisions"}],"predecessor-version":[{"id":29247,"href":"https:\/\/radiorevelacionfm.cl\/index.php?rest_route=\/wp\/v2\/posts\/29187\/revisions\/29247"}],"wp:featuredmedia":[{"embeddable":true,"href":"https:\/\/radiorevelacionfm.cl\/index.php?rest_route=\/wp\/v2\/media\/29188"}],"wp:attachment":[{"href":"https:\/\/radiorevelacionfm.cl\/index.php?rest_route=%2Fwp%2Fv2%2Fmedia&parent=29187"}],"wp:term":[{"taxonomy":"category","embeddable":true,"href":"https:\/\/radiorevelacionfm.cl\/index.php?rest_route=%2Fwp%2Fv2%2Fcategories&post=29187"},{"taxonomy":"post_tag","embeddable":true,"href":"https:\/\/radiorevelacionfm.cl\/index.php?rest_route=%2Fwp%2Fv2%2Ftags&post=29187"}],"curies":[{"name":"wp","href":"https:\/\/api.w.org\/{rel}","templated":true}]}}