{"id":2918,"date":"2021-02-23T23:05:12","date_gmt":"2021-02-24T02:05:12","guid":{"rendered":"https:\/\/radiorevelacionfm.cl\/?p=2918"},"modified":"2021-02-23T23:05:12","modified_gmt":"2021-02-24T02:05:12","slug":"core-aprobo-por-unanimidad-reposicion-del-cuartel-de-bomberos-de-puerto-cisnes","status":"publish","type":"post","link":"https:\/\/radiorevelacionfm.cl\/?p=2918","title":{"rendered":"CORE aprob\u00f3 por unanimidad reposici\u00f3n del Cuartel de Bomberos de Puerto Cisnes"},"content":{"rendered":"<div class=\"flex_column av_one_full  flex_column_div av-zero-column-padding first  avia-builder-el-0  el_before_av_one_full  avia-builder-el-first  \" style='border-radius:0px; '><div  class='avia-image-container  av-styling-    avia-builder-el-1  avia-builder-el-no-sibling  avia-align-center '  itemprop=\"image\" itemscope=\"itemscope\" itemtype=\"https:\/\/schema.org\/ImageObject\"  ><div class='avia-image-container-inner'><div class='avia-image-overlay-wrap'><img decoding=\"async\" class='wp-image-2920 avia-img-lazy-loading-not-2920 avia_image' src=\"https:\/\/radiorevelacionfm.cl\/wp-content\/uploads\/2021\/02\/Bomberos-Cisnes-2-1.jpeg\" alt='' title='Bomberos Cisnes (2) (1)' height=\"567\" width=\"835\"  itemprop=\"thumbnailUrl\" srcset=\"https:\/\/radiorevelacionfm.cl\/wp-content\/uploads\/2021\/02\/Bomberos-Cisnes-2-1.jpeg 835w, https:\/\/radiorevelacionfm.cl\/wp-content\/uploads\/2021\/02\/Bomberos-Cisnes-2-1-300x204.jpeg 300w, https:\/\/radiorevelacionfm.cl\/wp-content\/uploads\/2021\/02\/Bomberos-Cisnes-2-1-768x522.jpeg 768w, https:\/\/radiorevelacionfm.cl\/wp-content\/uploads\/2021\/02\/Bomberos-Cisnes-2-1-705x479.jpeg 705w, https:\/\/radiorevelacionfm.cl\/wp-content\/uploads\/2021\/02\/Bomberos-Cisnes-2-1-600x407.jpeg 600w\" sizes=\"(max-width: 835px) 100vw, 835px\" \/><\/div><\/div><\/div><\/div><div class=\"flex_column av_one_full  flex_column_div av-zero-column-padding first  avia-builder-el-2  el_after_av_one_full  el_before_av_one_full  column-top-margin\" style='border-radius:0px; '><section class=\"av_textblock_section \"  itemscope=\"itemscope\" itemtype=\"https:\/\/schema.org\/BlogPosting\" itemprop=\"blogPost\" ><div class='avia_textblock  '   itemprop=\"text\" ><p style=\"text-align: center;\"><strong><span style=\"font-size: 18pt;\">CORE aprob\u00f3 por unanimidad reposici\u00f3n del Cuartel de Bomberos de Puerto Cisnes<\/span><\/strong><\/p>\n<div id=\"gtx-trans\" style=\"position: absolute; left: -50px; top: 4.31534px;\">\n<div class=\"gtx-trans-icon\"><\/div>\n<\/div>\n<\/div><\/section><\/div><div class=\"flex_column av_one_full  flex_column_div av-zero-column-padding first  avia-builder-el-4  el_after_av_one_full  el_before_av_hr  column-top-margin\" style='border-radius:0px; '><section class=\"av_textblock_section \"  itemscope=\"itemscope\" itemtype=\"https:\/\/schema.org\/BlogPosting\" itemprop=\"blogPost\" ><div class='avia_textblock  '   itemprop=\"text\" ><p style=\"text-align: justify;\">El proyecto, formulado por la municipalidad de Cisnes, implica m\u00e1s de $700 millones para mejorar las condiciones laborales y de habitabilidad de m\u00e1s de 30 voluntarios.<span id=\"more-84010\"><\/span><\/p>\n<p style=\"text-align: justify;\">Ateniendo a la urgencia de fortalecer el servicio que se entrega a la comunidad y las condiciones laborales y de habitabilidad para m\u00e1s de 30 voluntarios, el Consejo Regional (CORE) de Ays\u00e9n aprob\u00f3 por unanimidad en su sesi\u00f3n plenaria de este martes \u2013disponible en Facebook Live- la Reposici\u00f3n del Cuartel General y Primera Compa\u00f1\u00eda de Bomberos de Puerto Cisnes Pompa Italia.<\/p>\n<p style=\"text-align: justify;\">El proyecto fue formulado por la Municipalidad y presentado por el alcalde Francisco Roncagliolo, quien explic\u00f3 que implica m\u00e1s de 700 millones de pesos para la reposici\u00f3n de un edificio de alrededor de 500 metros cuadrados para una infraestructura de dos niveles, en hormig\u00f3n armado y acero galvanizado, en un terreno ubicado en calles Jos\u00e9 Mar\u00eda Caro y Gabriela Mistral.<\/p>\n<p style=\"text-align: justify;\">El presidente de la Comisi\u00f3n de Seguridad P\u00fablica y Emergencias, Luis Co\u00f1uecar, expres\u00f3 la voluntad de contribuir a dignificar las condiciones del Cuerpo de Bomberos, recordando la reciente aprobaci\u00f3n para equipamiento del Grupo de Especialidad de Rescate Subacu\u00e1tico GERSA, y el dise\u00f1o de la Primera Compa\u00f1\u00eda de Bomberos de Coyhaique. \u201cMerecen tener buena implementaci\u00f3n, buenos edificios porque adem\u00e1s es un trabajo voluntario. Requieren equipamiento que d\u00e9 seguridad a quienes lo van a utilizar y tambi\u00e9n permita eficiencia en el trabajo, que es prioritario para la poblaci\u00f3n\u201d, se\u00f1al\u00f3.<\/p>\n<p style=\"text-align: justify;\">El superintendente del Cuerpo de Bomberos de Cisnes, Miguel Jara, indic\u00f3 que este proyecto permitir\u00eda normalizar las condiciones del servicio operativo, atendiendo de manera m\u00e1s expedita y oportuna las emergencias de la comunidad.<\/p>\n<p style=\"text-align: justify;\">\u201cContar con unas dependencias nuevas significa tener todo nuestro material guardado, a buen recaudo, bien protegido, ya no se va a echar a perder porque est\u00e9 bajo la lluvia o en malas condiciones. Quiz\u00e1s, pensar en tener una buena se\u00f1al de alarma que preste servicio para atender requerimientos de toda la comuna, contar con una centralista que pueda responder r\u00e1pidamente y, por sobre todo, ayudar a que llegue m\u00e1s gente nueva a la compa\u00f1\u00eda, m\u00e1s j\u00f3venes interesados, al ver que hay una dependencia en buen estado\u201d, explic\u00f3.<\/p>\n<p style=\"text-align: justify;\">El presidente del CORE, Sergio Gonz\u00e1lez indic\u00f3 que el proyecto responde a la necesaria seguridad que requieren los m\u00e1s de 2.700 vecinos de Cisnes. \u201cHace m\u00e1s de diez a\u00f1os que ellos van tras la consecuci\u00f3n de un cuartel propio y utilizan las instalaciones del Vicariato Apost\u00f3lico. Por lo tanto, tener un proyecto nuevo, en un terreno aparte, donde tengan todas sus instalaciones y puedan ejercer de mejor forma, es un beneficio no s\u00f3lo para bomberos, sino que para toda la comuna de Cisnes\u201d, recalc\u00f3.<\/p>\n<p style=\"text-align: justify;\">La Ley Marco de Bomberos de Chile contempla una serie de exigencias orientadas a mejorar el servicio operativo de la instituci\u00f3n, entre ellas disponer un n\u00famero m\u00ednimo de personal y tener un local adecuado para su funcionamiento.<\/p>\n<\/div><\/section><\/div><div  style='height:50px' class='hr hr-invisible   avia-builder-el-6  el_after_av_one_full  el_before_av_social_share '><span class='hr-inner ' ><span class='hr-inner-style'><\/span><\/span><\/div><\/p>\n<div  class='av-social-sharing-box  avia-builder-el-7  el_after_av_hr  el_before_av_hr  '><div class='av-share-box'><h5 class='av-share-link-description av-no-toc '>Compartir esta noticia<\/h5><ul class='av-share-box-list noLightbox'><li class='av-share-link av-social-link-facebook' ><a target=\"_blank\" aria-label=\"Compartir en Facebook\" href='https:\/\/www.facebook.com\/sharer.php?u=https:\/\/radiorevelacionfm.cl\/?p=2918&#038;t=CORE%20aprob%C3%B3%20por%20unanimidad%20reposici%C3%B3n%20del%20Cuartel%20de%20Bomberos%20de%20Puerto%20Cisnes' aria-hidden='false' data-av_icon='\ue8f3' data-av_iconfont='entypo-fontello' title='' data-avia-related-tooltip='Compartir en Facebook' rel=\"noopener\"><span class='avia_hidden_link_text'>Compartir en Facebook<\/span><\/a><\/li><li class='av-share-link av-social-link-twitter' ><a target=\"_blank\" aria-label=\"Compartir en Twitter\" href='https:\/\/twitter.com\/share?text=CORE%20aprob%C3%B3%20por%20unanimidad%20reposici%C3%B3n%20del%20Cuartel%20de%20Bomberos%20de%20Puerto%20Cisnes&#038;url=https:\/\/radiorevelacionfm.cl\/?p=2918' aria-hidden='false' data-av_icon='\ue8f1' data-av_iconfont='entypo-fontello' title='' data-avia-related-tooltip='Compartir en Twitter' rel=\"noopener\"><span class='avia_hidden_link_text'>Compartir en Twitter<\/span><\/a><\/li><li class='av-share-link av-social-link-whatsapp' ><a target=\"_blank\" aria-label=\"Compartir en Whatsapp\" href='https:\/\/api.whatsapp.com\/send?text=https:\/\/radiorevelacionfm.cl\/?p=2918' aria-hidden='false' data-av_icon='\uf232' data-av_iconfont='entypo-fontello' title='' data-avia-related-tooltip='Compartir en Whatsapp' rel=\"noopener\"><span class='avia_hidden_link_text'>Compartir en Whatsapp<\/span><\/a><\/li><li class='av-share-link av-social-link-linkedin' ><a target=\"_blank\" aria-label=\"Compartir en LinkedIn\" href='https:\/\/linkedin.com\/shareArticle?mini=true&#038;title=CORE%20aprob%C3%B3%20por%20unanimidad%20reposici%C3%B3n%20del%20Cuartel%20de%20Bomberos%20de%20Puerto%20Cisnes&#038;url=https:\/\/radiorevelacionfm.cl\/?p=2918' aria-hidden='false' data-av_icon='\ue8fc' data-av_iconfont='entypo-fontello' title='' data-avia-related-tooltip='Compartir en LinkedIn' rel=\"noopener\"><span class='avia_hidden_link_text'>Compartir en LinkedIn<\/span><\/a><\/li><li class='av-share-link av-social-link-mail' ><a  aria-label=\"Compartir por correo\" href='mailto:?subject=CORE%20aprob%C3%B3%20por%20unanimidad%20reposici%C3%B3n%20del%20Cuartel%20de%20Bomberos%20de%20Puerto%20Cisnes&#038;body=https:\/\/radiorevelacionfm.cl\/?p=2918' aria-hidden='false' data-av_icon='\ue805' data-av_iconfont='entypo-fontello' title='' data-avia-related-tooltip='Compartir por correo'><span class='avia_hidden_link_text'>Compartir por correo<\/span><\/a><\/li><\/ul><\/div><\/div>\n<div  style='height:50px' class='hr hr-invisible   avia-builder-el-8  el_after_av_social_share  el_before_av_comments_list '><span class='hr-inner ' ><span class='hr-inner-style'><\/span><\/span><\/div>\n<div  class='av-buildercomment  av-blog-meta-html-info-disabled av-blog-meta-tag-disabled  '><\/div>\n","protected":false},"excerpt":{"rendered":"","protected":false},"author":1,"featured_media":2920,"comment_status":"open","ping_status":"open","sticky":false,"template":"","format":"standard","meta":{"footnotes":""},"categories":[38],"tags":[],"class_list":["post-2918","post","type-post","status-publish","format-standard","has-post-thumbnail","hentry","category-regional"],"jetpack_featured_media_url":"https:\/\/radiorevelacionfm.cl\/wp-content\/uploads\/2021\/02\/Bomberos-Cisnes-2-1.jpeg","_links":{"self":[{"href":"https:\/\/radiorevelacionfm.cl\/index.php?rest_route=\/wp\/v2\/posts\/2918","targetHints":{"allow":["GET"]}}],"collection":[{"href":"https:\/\/radiorevelacionfm.cl\/index.php?rest_route=\/wp\/v2\/posts"}],"about":[{"href":"https:\/\/radiorevelacionfm.cl\/index.php?rest_route=\/wp\/v2\/types\/post"}],"author":[{"embeddable":true,"href":"https:\/\/radiorevelacionfm.cl\/index.php?rest_route=\/wp\/v2\/users\/1"}],"replies":[{"embeddable":true,"href":"https:\/\/radiorevelacionfm.cl\/index.php?rest_route=%2Fwp%2Fv2%2Fcomments&post=2918"}],"version-history":[{"count":1,"href":"https:\/\/radiorevelacionfm.cl\/index.php?rest_route=\/wp\/v2\/posts\/2918\/revisions"}],"predecessor-version":[{"id":2921,"href":"https:\/\/radiorevelacionfm.cl\/index.php?rest_route=\/wp\/v2\/posts\/2918\/revisions\/2921"}],"wp:featuredmedia":[{"embeddable":true,"href":"https:\/\/radiorevelacionfm.cl\/index.php?rest_route=\/wp\/v2\/media\/2920"}],"wp:attachment":[{"href":"https:\/\/radiorevelacionfm.cl\/index.php?rest_route=%2Fwp%2Fv2%2Fmedia&parent=2918"}],"wp:term":[{"taxonomy":"category","embeddable":true,"href":"https:\/\/radiorevelacionfm.cl\/index.php?rest_route=%2Fwp%2Fv2%2Fcategories&post=2918"},{"taxonomy":"post_tag","embeddable":true,"href":"https:\/\/radiorevelacionfm.cl\/index.php?rest_route=%2Fwp%2Fv2%2Ftags&post=2918"}],"curies":[{"name":"wp","href":"https:\/\/api.w.org\/{rel}","templated":true}]}}