{"id":29179,"date":"2023-03-22T09:49:09","date_gmt":"2023-03-22T12:49:09","guid":{"rendered":"https:\/\/radiorevelacionfm.cl\/?p=29179"},"modified":"2023-03-22T09:49:09","modified_gmt":"2023-03-22T12:49:09","slug":"equipos-mop-se-trasladan-a-la-zona-sur-de-la-region-de-aysen-para-dialogar-con-comunidades-e-informar-inversion-y-futuros-proyectos-en-la-zona","status":"publish","type":"post","link":"https:\/\/radiorevelacionfm.cl\/?p=29179","title":{"rendered":"Equipos MOP se trasladan a la zona sur de la regi\u00f3n de Ays\u00e9n para dialogar con comunidades e informar inversi\u00f3n y futuros proyectos en la zona"},"content":{"rendered":"<div class=\"flex_column av_one_full  flex_column_div av-zero-column-padding first  avia-builder-el-0  el_before_av_one_full  avia-builder-el-first  \" style='border-radius:0px; '><div  class='avia-image-container  av-styling-    avia-builder-el-1  avia-builder-el-no-sibling  avia-align-center '  itemprop=\"image\" itemscope=\"itemscope\" itemtype=\"https:\/\/schema.org\/ImageObject\"  ><div class='avia-image-container-inner'><div class='avia-image-overlay-wrap'><img decoding=\"async\" class='wp-image-29180 avia-img-lazy-loading-not-29180 avia_image' src=\"https:\/\/radiorevelacionfm.cl\/wp-content\/uploads\/2023\/03\/IMG_4489-1-1.jpg\" alt='' title='IMG_4489 (1) (1)' height=\"600\" width=\"921\"  itemprop=\"thumbnailUrl\" srcset=\"https:\/\/radiorevelacionfm.cl\/wp-content\/uploads\/2023\/03\/IMG_4489-1-1.jpg 921w, https:\/\/radiorevelacionfm.cl\/wp-content\/uploads\/2023\/03\/IMG_4489-1-1-300x195.jpg 300w, https:\/\/radiorevelacionfm.cl\/wp-content\/uploads\/2023\/03\/IMG_4489-1-1-768x500.jpg 768w, https:\/\/radiorevelacionfm.cl\/wp-content\/uploads\/2023\/03\/IMG_4489-1-1-705x459.jpg 705w, https:\/\/radiorevelacionfm.cl\/wp-content\/uploads\/2023\/03\/IMG_4489-1-1-600x391.jpg 600w\" sizes=\"(max-width: 921px) 100vw, 921px\" \/><\/div><\/div><\/div><\/div><div class=\"flex_column av_one_full  flex_column_div av-zero-column-padding first  avia-builder-el-2  el_after_av_one_full  el_before_av_one_full  column-top-margin\" style='border-radius:0px; '><section class=\"av_textblock_section \"  itemscope=\"itemscope\" itemtype=\"https:\/\/schema.org\/BlogPosting\" itemprop=\"blogPost\" ><div class='avia_textblock  '   itemprop=\"text\" ><p style=\"text-align: center;\"><strong><span style=\"font-size: 18pt;\">Equipos MOP se trasladan a la zona sur de la regi\u00f3n de Ays\u00e9n para dialogar con comunidades e informar inversi\u00f3n y futuros proyectos en la zona<\/span><\/strong><\/p>\n<div id=\"gtx-trans\" style=\"position: absolute; left: -50px; top: 4.31534px;\">\n<div class=\"gtx-trans-icon\"><\/div>\n<\/div>\n<\/div><\/section><\/div><div class=\"flex_column av_one_full  flex_column_div av-zero-column-padding first  avia-builder-el-4  el_after_av_one_full  el_before_av_hr  column-top-margin\" style='border-radius:0px; '><section class=\"av_textblock_section \"  itemscope=\"itemscope\" itemtype=\"https:\/\/schema.org\/BlogPosting\" itemprop=\"blogPost\" ><div class='avia_textblock  '   itemprop=\"text\" ><p style=\"text-align: justify;\">El Secretario Regional Ministerial de Obras P\u00fablicas, Patricio Sanhueza Ulloa junto a los Directores Regionales de Arquitectura Paola Az\u00f3car, Obras Hidr\u00e1ulicas Francisco Real, Obras Portuarias \u00c1lvaro D\u00edaz y de Planeamiento Ynyeverli D\u00edaz viajaron esta semana a las ciudades de Cochrane y Villa O\u00b4Higgins, para escuchar las necesidades de las comunidades junto con informarles los avances que presenta el Plan de Mejoramiento de la Integraci\u00f3n y la Conectividad de la regi\u00f3n de Ays\u00e9n, el Plan Excepcional de Conservaci\u00f3n de Caminos, la nueva Pol\u00edtica de Desarrollo de Zonas Extremas y en ese marco la inversi\u00f3n, proyectos y obras que se materializar\u00e1n este a\u00f1o.<\/p>\n<p style=\"text-align: justify;\">En la oportunidad, el SEREMI del MOP destac\u00f3 la importancia que para el gobierno del presidente Gabriel Boric tiene trabajar en terreno con la comunidad, escuchando sus necesidades, buscando alternativas de soluci\u00f3n, y en forma paralela \u00a0informar la inversi\u00f3n, Planes y futuras obras que se proyecta concretar durante este a\u00f1o. \u201cNos reunimos con los Alcaldes de Cochrane Jorge Calder\u00f3n y de O\u00b4Higgins Jos\u00e9 Fica y le transmitimos toda la informaci\u00f3n al Alcalde \u00a0de Tortel Abel Becerra, as\u00ed como tambi\u00e9n conversamos con algunos Concejales, con quienes tuvimos una muy buena jornada de trabajo, en donde escuchamos sus necesidades, cr\u00edticas constructivas y juntos buscamos alternativas de soluci\u00f3n a los requerimientos de la comunidad, as\u00ed como tambi\u00e9n proyectamos continuar desarrollando un trabajo colaborativo, porque tanto ellos como nosotros queremos el bienestar de las y los vecinos. As\u00ed que, las materias tratadas fueron variadas y abarcaron diversos \u00e1mbitos de gesti\u00f3n, entre ellos asistimos a una reuni\u00f3n de participaci\u00f3n ciudadana relacionada con el proyecto de Dise\u00f1o de un nuevo edificio consistorial para la Municipalidad de Villa O\u00b4Higgins, la conservaci\u00f3n que realizaremos a trav\u00e9s de nuestra Direcci\u00f3n Regional de Aeropuertos al Aer\u00f3dromo de Villa O&#8217;Higgins; informamos las alternativas que se est\u00e1n manejando para restituir la conectividad con naves de nuestro ministerio en el Lago O&#8217;Higgins y abordamos el proceso que estamos llevando a cabo para instalar una segunda nave en el Fiordo Mitchell. En Cochrane, Guadal y Puerto R\u00edo Tranquilo la comunidad expres\u00f3 su disconformidad con la falta de avance en la pavimentaci\u00f3n de la Ruta 7, as\u00ed como tambi\u00e9n hizo hincapi\u00e9 en la condici\u00f3n de los caminos y su conservaci\u00f3n, a lo que indicamos que a trav\u00e9s del Plan Excepcional Regional de Conservaci\u00f3n de Caminos vamos a trabajar estas materias; tambi\u00e9n conversamos acerca de c\u00f3mo se integran los diferentes anuncios que ha realizado nuestro presidente Gabriel Boric, como por ejemplo la relevancia de la firma del documento Pol\u00edtica de Zonas Extremas, la importancia que tiene el anuncio presidencial y ministerial relacionado con que nosotros como ministerio vamos de ahora en adelante a financiar las obras de mejoramiento y pavimentaci\u00f3n de la Ruta 7, y tambi\u00e9n nos comprometimos a continuar desarrollando una agenda en terreno en forma permanente para mantener l\u00ednea directa con las y los vecinos\u00a0 y sus requerimientos\u201d.<\/p>\n<p style=\"text-align: justify;\">En las diversas reuniones las vecinas y vecinos tuvieron espacio tambi\u00e9n para dialogar con los Directores Regionales del MOP, ocasi\u00f3n en la que el Director Regional de Obras Hidr\u00e1ulicas Francisco Real inform\u00f3 en Puerto R\u00edo Tranquilo que esta Direcci\u00f3n MOP ya cuenta con los recursos para iniciar el proceso de licitaci\u00f3n de la reposici\u00f3n del Servicio Sanitario Rural de la localidad el que considera una inversi\u00f3n de alrededor de 6 mil millones de pesos; la Directora Regional de Arquitectura Paola Az\u00f3car inform\u00f3 a la comunidad de Villa O&#8217;Higgins que el Dise\u00f1o para reponer el edificio consistorial de la municipalidad de O\u00b4Higgins hoy se encuentra con 50% de avance. El Director Regional de Obras Portuarias \u00c1lvaro D\u00edaz inform\u00f3 que en Villa O\u00b4Higgins se dieron a conocer las iniciativas que involucran infraestructura en el Lago O\u00b4Higgins y la comunidad \u00a0solicit\u00f3 que se exploren iniciativas de infraestructura portuaria de conectividad tambi\u00e9n para el Lago Christie y para el Lago Alegre, lo que el equipo de Obras Portuarias MOP se comprometi\u00f3 a analizar; tambi\u00e9n solicitaron apoyo t\u00e9cnico para la reparaci\u00f3n de la Barcaza Integraci\u00f3n y asesor\u00eda t\u00e9cnica en la reparaci\u00f3n cuando se ejecuten estos trabajos; se inform\u00f3 el importante avance en la ejecuci\u00f3n de \u00a0las obras de conservaci\u00f3n de la rampa de R\u00edo Bravo la que hoy cuenta con 97% de avance y considera una inversi\u00f3n de 285 millones de pesos aproximadamente. Adem\u00e1s, se anunci\u00f3 la adjudicaci\u00f3n de la Consultor\u00eda de Dise\u00f1o para la ampliaci\u00f3n de la infraestructura portuaria de Puerto Yungay la que se estima terminar el a\u00f1o 2024; en Tortel la Direcci\u00f3n Regional de Obras Portuarias MOP destac\u00f3 que este a\u00f1o licitar\u00e1 el Dise\u00f1o para reponer infraestructura portuaria en Caleta Tortel, sector Rinc\u00f3n Bajo y Playa Ancha; y se impulsar\u00e1 la licitaci\u00f3n el a\u00f1o 2024 del Dise\u00f1o de infraestructura portuaria para el Lago Cochrane. En Puerto Guadal este a\u00f1o van a licitar la conservaci\u00f3n del muelle. En tanto, para el a\u00f1o 2024 est\u00e1n solicitando incluir en la cartera de proyectos la realizaci\u00f3n de un proyecto de pre-factibilidad para la ejecuci\u00f3n de un Dise\u00f1o de nueva infraestructura para el Lago General Carrera.<\/p>\n<p style=\"text-align: justify;\">Una vez finalizada la reuni\u00f3n, el Alcalde de la comuna de O\u00b4Higgins Jos\u00e9 Fica G\u00f3mez hizo un balance de la jornada, resaltando el trabajo conjunto con el Ministerio de Obras P\u00fablicas, indicando que \u201cestas instancias de coordinaci\u00f3n con la SEREM\u00cdA de Obras P\u00fablicas, su equipo T\u00e9cnico y las Direcciones respectivas para nosotros son muy importantes, porque es en este tipo de reuniones en donde se recibe la opini\u00f3n de la comunidad y las inquietudes de las diversas problem\u00e1ticas que tiene la comuna. Nuestra comuna es una de las m\u00e1s aisladas de la regi\u00f3n, los problemas son variados y fuertes para los pobladores que viven aisladamente dentro de nuestra propia comuna, as\u00ed que la importancia de estas reuniones en donde est\u00e1n las autoridades regionales, en donde est\u00e1n los SEREMIS, los Directores de Servicios son de suma relevancia para la comunidad. El SEREMI debiera tomarlo en cuenta y deber\u00edamos seguir trabajando en esta l\u00ednea, que es sumamente importante\u201d.<\/p>\n<p style=\"text-align: justify;\">En tanto, Rub\u00e9n Sandoval Poblete, Concejal por la comuna de R\u00edo Ib\u00e1\u00f1ez indic\u00f3: \u201cMe parece muy importante que la autoridad regional de Obras P\u00fablicas y sus Servicios hayan estado ac\u00e1, y as\u00ed la comunidad pueda escuchar la respuesta de ellos. Lamentablemente bastantes cosas se presentaron en forma negativa, el tema de los caminos, lo que ha pasado con el r\u00edo Chirifo y todas las emergencias que han habido, pero bueno, tambi\u00e9n queda la tranquilidad de que el Ministerio de Obras P\u00fablicas a trav\u00e9s de sus departamentos est\u00e1 haciendo trabajos para ir en soluci\u00f3n de estas emergencias, y tambi\u00e9n interiorizarse que ha sido lamentable el hecho de que las empresas se fueron en quiebra y que han sido una causa tambi\u00e9n del mal estado de los caminos. Queda la tranquilidad de que s\u00ed se han hecho las cosas, y que tambi\u00e9n ya pronto va haber resoluci\u00f3n a estos temas de seguir con pavimento en algunos tramos\u201d.<\/p>\n<\/div><\/section><\/div><div  style='height:50px' class='hr hr-invisible   avia-builder-el-6  el_after_av_one_full  el_before_av_social_share '><span class='hr-inner ' ><span class='hr-inner-style'><\/span><\/span><\/div><\/p>\n<div  class='av-social-sharing-box  avia-builder-el-7  el_after_av_hr  el_before_av_hr  '><div class='av-share-box'><h5 class='av-share-link-description av-no-toc '>Compartir esta noticia<\/h5><ul class='av-share-box-list noLightbox'><li class='av-share-link av-social-link-facebook' ><a target=\"_blank\" aria-label=\"Compartir en Facebook\" href='https:\/\/www.facebook.com\/sharer.php?u=https:\/\/radiorevelacionfm.cl\/?p=29179&#038;t=Equipos%20MOP%20se%20trasladan%20a%20la%20zona%20sur%20de%20la%20regi%C3%B3n%20de%20Ays%C3%A9n%20para%20dialogar%20con%20comunidades%20e%20informar%20inversi%C3%B3n%20y%20futuros%20proyectos%20en%20la%20zona' aria-hidden='false' data-av_icon='\ue8f3' data-av_iconfont='entypo-fontello' title='' data-avia-related-tooltip='Compartir en Facebook' rel=\"noopener\"><span class='avia_hidden_link_text'>Compartir en Facebook<\/span><\/a><\/li><li class='av-share-link av-social-link-twitter' ><a target=\"_blank\" aria-label=\"Compartir en Twitter\" href='https:\/\/twitter.com\/share?text=Equipos%20MOP%20se%20trasladan%20a%20la%20zona%20sur%20de%20la%20regi%C3%B3n%20de%20Ays%C3%A9n%20para%20dialogar%20con%20comunidades%20e%20informar%20inversi%C3%B3n%20y%20futuros%20proyectos%20en%20la%20zona&#038;url=https:\/\/radiorevelacionfm.cl\/?p=29179' aria-hidden='false' data-av_icon='\ue8f1' data-av_iconfont='entypo-fontello' title='' data-avia-related-tooltip='Compartir en Twitter' rel=\"noopener\"><span class='avia_hidden_link_text'>Compartir en Twitter<\/span><\/a><\/li><li class='av-share-link av-social-link-whatsapp' ><a target=\"_blank\" aria-label=\"Compartir en Whatsapp\" href='https:\/\/api.whatsapp.com\/send?text=https:\/\/radiorevelacionfm.cl\/?p=29179' aria-hidden='false' data-av_icon='\uf232' data-av_iconfont='entypo-fontello' title='' data-avia-related-tooltip='Compartir en Whatsapp' rel=\"noopener\"><span class='avia_hidden_link_text'>Compartir en Whatsapp<\/span><\/a><\/li><li class='av-share-link av-social-link-linkedin' ><a target=\"_blank\" aria-label=\"Compartir en LinkedIn\" href='https:\/\/linkedin.com\/shareArticle?mini=true&#038;title=Equipos%20MOP%20se%20trasladan%20a%20la%20zona%20sur%20de%20la%20regi%C3%B3n%20de%20Ays%C3%A9n%20para%20dialogar%20con%20comunidades%20e%20informar%20inversi%C3%B3n%20y%20futuros%20proyectos%20en%20la%20zona&#038;url=https:\/\/radiorevelacionfm.cl\/?p=29179' aria-hidden='false' data-av_icon='\ue8fc' data-av_iconfont='entypo-fontello' title='' data-avia-related-tooltip='Compartir en LinkedIn' rel=\"noopener\"><span class='avia_hidden_link_text'>Compartir en LinkedIn<\/span><\/a><\/li><li class='av-share-link av-social-link-mail' ><a  aria-label=\"Compartir por correo\" href='mailto:?subject=Equipos%20MOP%20se%20trasladan%20a%20la%20zona%20sur%20de%20la%20regi%C3%B3n%20de%20Ays%C3%A9n%20para%20dialogar%20con%20comunidades%20e%20informar%20inversi%C3%B3n%20y%20futuros%20proyectos%20en%20la%20zona&#038;body=https:\/\/radiorevelacionfm.cl\/?p=29179' aria-hidden='false' data-av_icon='\ue805' data-av_iconfont='entypo-fontello' title='' data-avia-related-tooltip='Compartir por correo'><span class='avia_hidden_link_text'>Compartir por correo<\/span><\/a><\/li><\/ul><\/div><\/div>\n<div  style='height:50px' class='hr hr-invisible   avia-builder-el-8  el_after_av_social_share  el_before_av_comments_list '><span class='hr-inner ' ><span class='hr-inner-style'><\/span><\/span><\/div>\n<div  class='av-buildercomment  av-blog-meta-html-info-disabled av-blog-meta-tag-disabled  '><\/div>\n","protected":false},"excerpt":{"rendered":"","protected":false},"author":1,"featured_media":29180,"comment_status":"open","ping_status":"open","sticky":false,"template":"","format":"standard","meta":{"footnotes":""},"categories":[38],"tags":[],"class_list":["post-29179","post","type-post","status-publish","format-standard","has-post-thumbnail","hentry","category-regional"],"jetpack_featured_media_url":"https:\/\/radiorevelacionfm.cl\/wp-content\/uploads\/2023\/03\/IMG_4489-1-1.jpg","_links":{"self":[{"href":"https:\/\/radiorevelacionfm.cl\/index.php?rest_route=\/wp\/v2\/posts\/29179","targetHints":{"allow":["GET"]}}],"collection":[{"href":"https:\/\/radiorevelacionfm.cl\/index.php?rest_route=\/wp\/v2\/posts"}],"about":[{"href":"https:\/\/radiorevelacionfm.cl\/index.php?rest_route=\/wp\/v2\/types\/post"}],"author":[{"embeddable":true,"href":"https:\/\/radiorevelacionfm.cl\/index.php?rest_route=\/wp\/v2\/users\/1"}],"replies":[{"embeddable":true,"href":"https:\/\/radiorevelacionfm.cl\/index.php?rest_route=%2Fwp%2Fv2%2Fcomments&post=29179"}],"version-history":[{"count":2,"href":"https:\/\/radiorevelacionfm.cl\/index.php?rest_route=\/wp\/v2\/posts\/29179\/revisions"}],"predecessor-version":[{"id":29182,"href":"https:\/\/radiorevelacionfm.cl\/index.php?rest_route=\/wp\/v2\/posts\/29179\/revisions\/29182"}],"wp:featuredmedia":[{"embeddable":true,"href":"https:\/\/radiorevelacionfm.cl\/index.php?rest_route=\/wp\/v2\/media\/29180"}],"wp:attachment":[{"href":"https:\/\/radiorevelacionfm.cl\/index.php?rest_route=%2Fwp%2Fv2%2Fmedia&parent=29179"}],"wp:term":[{"taxonomy":"category","embeddable":true,"href":"https:\/\/radiorevelacionfm.cl\/index.php?rest_route=%2Fwp%2Fv2%2Fcategories&post=29179"},{"taxonomy":"post_tag","embeddable":true,"href":"https:\/\/radiorevelacionfm.cl\/index.php?rest_route=%2Fwp%2Fv2%2Ftags&post=29179"}],"curies":[{"name":"wp","href":"https:\/\/api.w.org\/{rel}","templated":true}]}}