{"id":29173,"date":"2023-03-21T22:12:39","date_gmt":"2023-03-22T01:12:39","guid":{"rendered":"https:\/\/radiorevelacionfm.cl\/?p=29173"},"modified":"2023-03-21T22:44:32","modified_gmt":"2023-03-22T01:44:32","slug":"gimnasio-de-melinka-cuenta-nuevas-maquinas-de-ejercicios-adquiridas-con-el-plan-de-promocion-de-salud","status":"publish","type":"post","link":"https:\/\/radiorevelacionfm.cl\/?p=29173","title":{"rendered":"Gimnasio de Melinka cuenta con nuevas m\u00e1quinas de ejercicios adquiridas con el Plan de Promoci\u00f3n de Salud"},"content":{"rendered":"<div class=\"flex_column av_one_full  flex_column_div av-zero-column-padding first  avia-builder-el-0  el_before_av_one_full  avia-builder-el-first  \" style='border-radius:0px; '><div  class='avia-image-container  av-styling-    avia-builder-el-1  avia-builder-el-no-sibling  avia-align-center '  itemprop=\"image\" itemscope=\"itemscope\" itemtype=\"https:\/\/schema.org\/ImageObject\"  ><div class='avia-image-container-inner'><div class='avia-image-overlay-wrap'><img decoding=\"async\" class='wp-image-29174 avia-img-lazy-loading-not-29174 avia_image' src=\"https:\/\/radiorevelacionfm.cl\/wp-content\/uploads\/2023\/03\/336179899_1259019041705117_5242712376101380286_n-1_optimized-1.jpg\" alt='' title='336179899_1259019041705117_5242712376101380286_n-(1)_optimized (1)' height=\"600\" width=\"1067\"  itemprop=\"thumbnailUrl\" srcset=\"https:\/\/radiorevelacionfm.cl\/wp-content\/uploads\/2023\/03\/336179899_1259019041705117_5242712376101380286_n-1_optimized-1.jpg 1067w, https:\/\/radiorevelacionfm.cl\/wp-content\/uploads\/2023\/03\/336179899_1259019041705117_5242712376101380286_n-1_optimized-1-300x169.jpg 300w, https:\/\/radiorevelacionfm.cl\/wp-content\/uploads\/2023\/03\/336179899_1259019041705117_5242712376101380286_n-1_optimized-1-1030x579.jpg 1030w, https:\/\/radiorevelacionfm.cl\/wp-content\/uploads\/2023\/03\/336179899_1259019041705117_5242712376101380286_n-1_optimized-1-768x432.jpg 768w, https:\/\/radiorevelacionfm.cl\/wp-content\/uploads\/2023\/03\/336179899_1259019041705117_5242712376101380286_n-1_optimized-1-705x396.jpg 705w, https:\/\/radiorevelacionfm.cl\/wp-content\/uploads\/2023\/03\/336179899_1259019041705117_5242712376101380286_n-1_optimized-1-600x337.jpg 600w\" sizes=\"(max-width: 1067px) 100vw, 1067px\" \/><\/div><\/div><\/div><\/div>\n<div class=\"flex_column av_one_full  flex_column_div av-zero-column-padding first  avia-builder-el-2  el_after_av_one_full  el_before_av_one_full  column-top-margin\" style='border-radius:0px; '><section class=\"av_textblock_section \"  itemscope=\"itemscope\" itemtype=\"https:\/\/schema.org\/BlogPosting\" itemprop=\"blogPost\" ><div class='avia_textblock  '   itemprop=\"text\" ><p style=\"text-align: center;\"><strong><span style=\"font-size: 18pt;\">Gimnasio de Melinka cuenta con nuevas m\u00e1quinas de ejercicios adquiridas con el Plan de Promoci\u00f3n de Salud<\/span><\/strong><\/p>\n<div id=\"gtx-trans\" style=\"position: absolute; left: -50px; top: 4.31534px;\">\n<div class=\"gtx-trans-icon\"><\/div>\n<\/div>\n<\/div><\/section><\/div><div class=\"flex_column av_one_full  flex_column_div av-zero-column-padding first  avia-builder-el-4  el_after_av_one_full  el_before_av_hr  column-top-margin\" style='border-radius:0px; '><section class=\"av_textblock_section \"  itemscope=\"itemscope\" itemtype=\"https:\/\/schema.org\/BlogPosting\" itemprop=\"blogPost\" ><div class='avia_textblock  '   itemprop=\"text\" ><p style=\"text-align: justify;\"><em>Las m\u00e1quinas se entregaron a la comunidad en una ceremonia a la cual asisti\u00f3 la Seremi de Salud, ocasi\u00f3n en la que con el alcalde Marcos Silva firmaron una carta de compromiso para la transferencia de recursos del Plan de Promoci\u00f3n de Salud correspondiente al a\u00f1o en curso.<\/em><\/p>\n<p style=\"text-align: justify;\">Dos nuevas m\u00e1quinas de ejercicios y diversa implementaci\u00f3n deportiva se sumaron al equipamiento disponible en el gimnasio municipal de Melinka, gracias a un proyecto municipal por m\u00e1s de 4 millones de pesos que se gestionaron en el Fondo del Plan de Promoci\u00f3n de Salud.<\/p>\n<p style=\"text-align: justify;\">El nuevo equipamiento se habilit\u00f3 en el segundo piso del gimnasio de Melinka, dependencias que durante la pandemia se facilit\u00f3 a la posta de salud y que hace un tiempo fueron devueltas al municipio.<\/p>\n<p style=\"text-align: justify;\">El alcalde Marcos Silva, junto a la Seremi de Salud, Carmen Gloria Monsalve, quien hace unos d\u00edas visit\u00f3 la comuna, entregaron a la comunidad estas nuevas m\u00e1quinas, que se suman a las que ya existen en la sala de acondicionamiento f\u00edsico disponible en el primer nivel del gimnasio.<\/p>\n<p style=\"text-align: justify;\">Mauro Andrade, de la oficina de Deportes de la Municipalidad de Guaitecas, dijo que se trata de una nueva trotadora y una m\u00e1quina para ejercitar las piernas.<\/p>\n<p style=\"text-align: justify;\">\u201cGracias al Programa de Promoci\u00f3n de Salud se logr\u00f3 comprar dos m\u00e1quinas: una trotadora y una serie para piernas, que vienen a complementar las m\u00e1quinas que hay en la sala de ejercitaci\u00f3n, sobre todo en un \u00e1rea que estamos carentes, pues por el aislamiento no hemos podido hacer mantenci\u00f3n a algunas m\u00e1quinas y una trotadora no est\u00e1 operando y esta nueva m\u00e1quina viene a fortalecer esta parte y la otra viene a fortalecer el trabajo de piernas, pues no cont\u00e1bamos con una m\u00e1quina de esas caracter\u00edsticas\u201d, dijo el funcionario municipal, quien a\u00f1adi\u00f3 que adem\u00e1s se adquirieron insumos para apoyar los talleres deportivos de la municipalidad.<\/p>\n<p style=\"text-align: justify;\">Por su parte el alcalde de Guaitecas Marcos Silva destac\u00f3 esta inversi\u00f3n que se pone a disposici\u00f3n de la comunidad con recursos del Ministerio de Salud.<\/p>\n<p style=\"text-align: justify;\">\u201cEsto es un apoyo para generar actividad f\u00edsica y es para la comunidad y est\u00e1 abierto para todos y se suma a otras m\u00e1quinas que tenemos en el primer nivel, as\u00ed que, felices pues este tipo de implementaci\u00f3n en m\u00e1quinas signific\u00f3 una inversi\u00f3n de m\u00e1s de 4 millones pesos y esto a\u00f1o 2023 contamos tambi\u00e9n con recursos para seguir avanzando en esta l\u00ednea de promoci\u00f3n de la salud\u201d, dijo la autoridad comunal, quien indic\u00f3 que en la vista de la Seremi de Salud firmaron una carta de compromiso para la transferencia de recursos correspondiente al a\u00f1o en curso.<\/p>\n<p style=\"text-align: justify;\">Por otro lado, el alcalde Marcos Silva indic\u00f3 que estas m\u00e1quinas se habilitaron en un espacio que hasta hace poco, durante la pandemia, estuvo facilitado a la posta de salud de Melinka.<\/p>\n<p style=\"text-align: justify;\">\u201cEste espacio, en el segundo nivel del gimnasio, que es una sala espectacular, lo tuvimos facilitado a la posta de salud durante un buen tiempo. Durante la pandemia facilitamos este espacio y logramos hacer presi\u00f3n para que salud invirtiera en una bodega y de paso nos devolvieron este espacio para usarlo en acondicionamiento f\u00edsico, con estas m\u00e1quinas que se suman a las que ya tenemos\u201d, dijo finalmente el alcalde de Guaitecas, Marcos Silva.<\/p>\n<\/div><\/section><\/div><\/p>\n<div  style='height:50px' class='hr hr-invisible   avia-builder-el-6  el_after_av_one_full  el_before_av_social_share '><span class='hr-inner ' ><span class='hr-inner-style'><\/span><\/span><\/div>\n<div  class='av-social-sharing-box  avia-builder-el-7  el_after_av_hr  el_before_av_hr  '><div class='av-share-box'><h5 class='av-share-link-description av-no-toc '>Compartir esta noticia<\/h5><ul class='av-share-box-list noLightbox'><li class='av-share-link av-social-link-facebook' ><a target=\"_blank\" aria-label=\"Compartir en Facebook\" href='https:\/\/www.facebook.com\/sharer.php?u=https:\/\/radiorevelacionfm.cl\/?p=29173&#038;t=Gimnasio%20de%20Melinka%20cuenta%20con%20nuevas%20m%C3%A1quinas%20de%20ejercicios%20adquiridas%20con%20el%20Plan%20de%20Promoci%C3%B3n%20de%20Salud' aria-hidden='false' data-av_icon='\ue8f3' data-av_iconfont='entypo-fontello' title='' data-avia-related-tooltip='Compartir en Facebook' rel=\"noopener\"><span class='avia_hidden_link_text'>Compartir en Facebook<\/span><\/a><\/li><li class='av-share-link av-social-link-twitter' ><a target=\"_blank\" aria-label=\"Compartir en Twitter\" href='https:\/\/twitter.com\/share?text=Gimnasio%20de%20Melinka%20cuenta%20con%20nuevas%20m%C3%A1quinas%20de%20ejercicios%20adquiridas%20con%20el%20Plan%20de%20Promoci%C3%B3n%20de%20Salud&#038;url=https:\/\/radiorevelacionfm.cl\/?p=29173' aria-hidden='false' data-av_icon='\ue8f1' data-av_iconfont='entypo-fontello' title='' data-avia-related-tooltip='Compartir en Twitter' rel=\"noopener\"><span class='avia_hidden_link_text'>Compartir en Twitter<\/span><\/a><\/li><li class='av-share-link av-social-link-whatsapp' ><a target=\"_blank\" aria-label=\"Compartir en Whatsapp\" href='https:\/\/api.whatsapp.com\/send?text=https:\/\/radiorevelacionfm.cl\/?p=29173' aria-hidden='false' data-av_icon='\uf232' data-av_iconfont='entypo-fontello' title='' data-avia-related-tooltip='Compartir en Whatsapp' rel=\"noopener\"><span class='avia_hidden_link_text'>Compartir en Whatsapp<\/span><\/a><\/li><li class='av-share-link av-social-link-linkedin' ><a target=\"_blank\" aria-label=\"Compartir en LinkedIn\" href='https:\/\/linkedin.com\/shareArticle?mini=true&#038;title=Gimnasio%20de%20Melinka%20cuenta%20con%20nuevas%20m%C3%A1quinas%20de%20ejercicios%20adquiridas%20con%20el%20Plan%20de%20Promoci%C3%B3n%20de%20Salud&#038;url=https:\/\/radiorevelacionfm.cl\/?p=29173' aria-hidden='false' data-av_icon='\ue8fc' data-av_iconfont='entypo-fontello' title='' data-avia-related-tooltip='Compartir en LinkedIn' rel=\"noopener\"><span class='avia_hidden_link_text'>Compartir en LinkedIn<\/span><\/a><\/li><li class='av-share-link av-social-link-mail' ><a  aria-label=\"Compartir por correo\" href='mailto:?subject=Gimnasio%20de%20Melinka%20cuenta%20con%20nuevas%20m%C3%A1quinas%20de%20ejercicios%20adquiridas%20con%20el%20Plan%20de%20Promoci%C3%B3n%20de%20Salud&#038;body=https:\/\/radiorevelacionfm.cl\/?p=29173' aria-hidden='false' data-av_icon='\ue805' data-av_iconfont='entypo-fontello' title='' data-avia-related-tooltip='Compartir por correo'><span class='avia_hidden_link_text'>Compartir por correo<\/span><\/a><\/li><\/ul><\/div><\/div>\n<div  style='height:50px' class='hr hr-invisible   avia-builder-el-8  el_after_av_social_share  el_before_av_comments_list '><span class='hr-inner ' ><span class='hr-inner-style'><\/span><\/span><\/div>\n<div  class='av-buildercomment  av-blog-meta-html-info-disabled av-blog-meta-tag-disabled  '><\/div>\n","protected":false},"excerpt":{"rendered":"","protected":false},"author":1,"featured_media":29174,"comment_status":"open","ping_status":"open","sticky":false,"template":"","format":"standard","meta":{"footnotes":""},"categories":[38],"tags":[],"class_list":["post-29173","post","type-post","status-publish","format-standard","has-post-thumbnail","hentry","category-regional"],"jetpack_featured_media_url":"https:\/\/radiorevelacionfm.cl\/wp-content\/uploads\/2023\/03\/336179899_1259019041705117_5242712376101380286_n-1_optimized-1.jpg","_links":{"self":[{"href":"https:\/\/radiorevelacionfm.cl\/index.php?rest_route=\/wp\/v2\/posts\/29173","targetHints":{"allow":["GET"]}}],"collection":[{"href":"https:\/\/radiorevelacionfm.cl\/index.php?rest_route=\/wp\/v2\/posts"}],"about":[{"href":"https:\/\/radiorevelacionfm.cl\/index.php?rest_route=\/wp\/v2\/types\/post"}],"author":[{"embeddable":true,"href":"https:\/\/radiorevelacionfm.cl\/index.php?rest_route=\/wp\/v2\/users\/1"}],"replies":[{"embeddable":true,"href":"https:\/\/radiorevelacionfm.cl\/index.php?rest_route=%2Fwp%2Fv2%2Fcomments&post=29173"}],"version-history":[{"count":3,"href":"https:\/\/radiorevelacionfm.cl\/index.php?rest_route=\/wp\/v2\/posts\/29173\/revisions"}],"predecessor-version":[{"id":29177,"href":"https:\/\/radiorevelacionfm.cl\/index.php?rest_route=\/wp\/v2\/posts\/29173\/revisions\/29177"}],"wp:featuredmedia":[{"embeddable":true,"href":"https:\/\/radiorevelacionfm.cl\/index.php?rest_route=\/wp\/v2\/media\/29174"}],"wp:attachment":[{"href":"https:\/\/radiorevelacionfm.cl\/index.php?rest_route=%2Fwp%2Fv2%2Fmedia&parent=29173"}],"wp:term":[{"taxonomy":"category","embeddable":true,"href":"https:\/\/radiorevelacionfm.cl\/index.php?rest_route=%2Fwp%2Fv2%2Fcategories&post=29173"},{"taxonomy":"post_tag","embeddable":true,"href":"https:\/\/radiorevelacionfm.cl\/index.php?rest_route=%2Fwp%2Fv2%2Ftags&post=29173"}],"curies":[{"name":"wp","href":"https:\/\/api.w.org\/{rel}","templated":true}]}}