{"id":29169,"date":"2023-03-22T15:59:33","date_gmt":"2023-03-22T18:59:33","guid":{"rendered":"https:\/\/radiorevelacionfm.cl\/?p=29169"},"modified":"2023-03-22T15:59:33","modified_gmt":"2023-03-22T18:59:33","slug":"instituto-forestal-celebro-dia-internacional-de-los-bosques-con-estudiantes","status":"publish","type":"post","link":"https:\/\/radiorevelacionfm.cl\/?p=29169","title":{"rendered":"Instituto Forestal celebr\u00f3 D\u00eda Internacional de los Bosques con estudiantes"},"content":{"rendered":"<div class=\"flex_column av_one_full  flex_column_div av-zero-column-padding first  avia-builder-el-0  el_before_av_one_full  avia-builder-el-first  \" style='border-radius:0px; '><div  class='avia-image-container  av-styling-    avia-builder-el-1  avia-builder-el-no-sibling  avia-align-center '  itemprop=\"image\" itemscope=\"itemscope\" itemtype=\"https:\/\/schema.org\/ImageObject\"  ><div class='avia-image-container-inner'><div class='avia-image-overlay-wrap'><img decoding=\"async\" class='wp-image-29170 avia-img-lazy-loading-not-29170 avia_image' src=\"https:\/\/radiorevelacionfm.cl\/wp-content\/uploads\/2023\/03\/06-dia-de-los-bosques-1_optimized-1.jpg\" alt='' title='06-dia-de-los-bosques-(1)_optimized (1)' height=\"600\" width=\"978\"  itemprop=\"thumbnailUrl\" srcset=\"https:\/\/radiorevelacionfm.cl\/wp-content\/uploads\/2023\/03\/06-dia-de-los-bosques-1_optimized-1.jpg 978w, https:\/\/radiorevelacionfm.cl\/wp-content\/uploads\/2023\/03\/06-dia-de-los-bosques-1_optimized-1-300x184.jpg 300w, https:\/\/radiorevelacionfm.cl\/wp-content\/uploads\/2023\/03\/06-dia-de-los-bosques-1_optimized-1-768x471.jpg 768w, https:\/\/radiorevelacionfm.cl\/wp-content\/uploads\/2023\/03\/06-dia-de-los-bosques-1_optimized-1-705x433.jpg 705w, https:\/\/radiorevelacionfm.cl\/wp-content\/uploads\/2023\/03\/06-dia-de-los-bosques-1_optimized-1-600x368.jpg 600w\" sizes=\"(max-width: 978px) 100vw, 978px\" \/><\/div><\/div><\/div><\/div><div class=\"flex_column av_one_full  flex_column_div av-zero-column-padding first  avia-builder-el-2  el_after_av_one_full  el_before_av_one_full  column-top-margin\" style='border-radius:0px; '><section class=\"av_textblock_section \"  itemscope=\"itemscope\" itemtype=\"https:\/\/schema.org\/BlogPosting\" itemprop=\"blogPost\" ><div class='avia_textblock  '   itemprop=\"text\" ><p style=\"text-align: center;\"><span style=\"font-size: 18pt;\"><strong>Instituto Forestal celebr\u00f3 D\u00eda Internacional de los Bosques con estudiantes <\/strong><\/span><\/p>\n<div id=\"gtx-trans\" style=\"position: absolute; left: -50px; top: 4.31534px;\">\n<div class=\"gtx-trans-icon\"><\/div>\n<\/div>\n<\/div><\/section><\/div><div class=\"flex_column av_one_full  flex_column_div av-zero-column-padding first  avia-builder-el-4  el_after_av_one_full  el_before_av_hr  column-top-margin\" style='border-radius:0px; '><section class=\"av_textblock_section \"  itemscope=\"itemscope\" itemtype=\"https:\/\/schema.org\/BlogPosting\" itemprop=\"blogPost\" ><div class='avia_textblock  '   itemprop=\"text\" ><p style=\"text-align: justify;\"><em>Cerca de 30 ni\u00f1os y ni\u00f1as conocieron el trabajo en un vivero, degustaron frutos provenientes de los bosques y realizaron una plantaci\u00f3n simb\u00f3lica de \u00e1rboles nativos para celebrar y valorar el importante rol de los bosques.<\/em><\/p>\n<p style=\"text-align: justify;\">En el marco del D\u00eda Internacional de los Bosques, que se celebra cada 21 de marzo, el Instituto Forestal (INFOR) sede Patagonia, realiz\u00f3 una actividad educativa con alumnos y alumnas de 6to a\u00f1o b\u00e1sico del colegio \u201cEl Camino a la Fuente\u201d, quienes conocieron tres experiencias relacionadas al desarrollo forestal, en las dependencias del organismo dependiente del Ministerio de Agricultura en la ciudad de Coyhaique.<\/p>\n<p style=\"text-align: justify;\">La actividad comenz\u00f3 con una muestra del proceso de propagaci\u00f3n de especies nativas, desde la colecta de semillas hasta la siembra, para que posteriormente, los estudiantes\u00a0\u00a0prepararan su propia bandeja con sustrato y sembrar su propia semilla. Luego, recorrieron el vivero y cada uno de los estudiantes llev\u00f3 una planta de lenga al exterior para realizar una plantaci\u00f3n simb\u00f3lica. Finalmente, la delegaci\u00f3n del 6to a\u00f1o, se dirigi\u00f3 a las oficinas de la sede INFOR, para participar de una muestra de Productos Forestales No Madereros, con diferentes frutos silvestres presentes en Patagonia y degustaci\u00f3n de l\u00e1minas y mermeladas de calafate y mosqueta, conociendo la alimentaci\u00f3n saludable que brindan los bosques.<\/p>\n<p style=\"text-align: justify;\">En esta celebraci\u00f3n del D\u00eda Internacional de los Bosques estuvieron presentes el seremi de Agricultura de Ays\u00e9n, Alan Espinoza; y el gerente de INFOR Patagonia, Jaime Salinas, quienes destacaron lo relevante de valorar los bosques como ecosistemas imprescindibles para el planeta, especialmente, para combatir el cambio clim\u00e1tico, al ser verdaderos pulmones del planeta y acoger a m\u00e1s del 75% de la biodiversidad terrestre.<\/p>\n<p style=\"text-align: justify;\">\u00abEstuvimos compartiendo con los ni\u00f1os en un stand relacionado al manejo de la semilla, conocieron desde su propia perspectiva c\u00f3mo se siembran los \u00e1rboles, conocieron el vivero del Instituto Forestal y terminamos con una plantaci\u00f3n simb\u00f3lica en este recinto. Aprendiendo sobre todas las actividades ligadas a la creaci\u00f3n de nuevos bosques, bosques sanos que requiere nuestra sociedad hoy en d\u00eda\u00bb, Jaime Salinas, gerente del INFOR sede Patagonia.<\/p>\n<p style=\"text-align: justify;\">Por su parte, Sandra Vera, profesora del colegio \u201cEl Camino de la Fuente\u201d\u00a0\u00a0reconoci\u00f3 que \u00abesta actividad nos ayuda en realidad a que los ni\u00f1os sean m\u00e1s conscientes, ellos en el colegio tienen un bosque que tienen que preservar, que cuidar, y bueno el colegio tiene un sello totalmente ambientalista y que tambi\u00e9n promueve las actividades al aire libre\u201d.<\/p>\n<p style=\"text-align: justify;\">La educadora agradeci\u00f3 la experiencia \u2018in situ\u2019, porque \u201cen estos espacios los ni\u00f1os est\u00e1n muy felices y la verdad es que nosotros como profesores tambi\u00e9n disfrutamos de estas instancias de aprendizaje\u00bb.<\/p>\n<p style=\"text-align: justify;\">Finalmente, el seremi Alan Espinoza, enfatiz\u00f3 que \u201ccompartir con 28 ni\u00f1os y ni\u00f1as es muy importante porque tiene que ver con la protecci\u00f3n de nuestros bosques, con cuidar nuestro h\u00e1bitat, con cuidar nuestro entorno. Por eso queremos relevar este d\u00eda, el D\u00eda Mundial de los Bosques y es para nosotros como habitantes de esta bella regi\u00f3n muy vital poder cuidarlos y estar en permanente cuidado, por eso es tan importante el trabajo que estamos haciendo con estos j\u00f3venes pues es tan importante el trabajo estamos haciendo con estos j\u00f3venes, con estos ni\u00f1os, donde les estamos ense\u00f1ando lo bonito que es sembrar, ver germinar una planta y ver c\u00f3mo en conjunto podemos hacer algo tan bonito\u00bb.<\/p>\n<\/div><\/section><\/div><div  style='height:50px' class='hr hr-invisible   avia-builder-el-6  el_after_av_one_full  el_before_av_social_share '><span class='hr-inner ' ><span class='hr-inner-style'><\/span><\/span><\/div><\/p>\n<div  class='av-social-sharing-box  avia-builder-el-7  el_after_av_hr  el_before_av_hr  '><div class='av-share-box'><h5 class='av-share-link-description av-no-toc '>Compartir esta noticia<\/h5><ul class='av-share-box-list noLightbox'><li class='av-share-link av-social-link-facebook' ><a target=\"_blank\" aria-label=\"Compartir en Facebook\" href='https:\/\/www.facebook.com\/sharer.php?u=https:\/\/radiorevelacionfm.cl\/?p=29169&#038;t=Instituto%20Forestal%20celebr%C3%B3%20D%C3%ADa%20Internacional%20de%20los%20Bosques%20con%20estudiantes' aria-hidden='false' data-av_icon='\ue8f3' data-av_iconfont='entypo-fontello' title='' data-avia-related-tooltip='Compartir en Facebook' rel=\"noopener\"><span class='avia_hidden_link_text'>Compartir en Facebook<\/span><\/a><\/li><li class='av-share-link av-social-link-twitter' ><a target=\"_blank\" aria-label=\"Compartir en Twitter\" href='https:\/\/twitter.com\/share?text=Instituto%20Forestal%20celebr%C3%B3%20D%C3%ADa%20Internacional%20de%20los%20Bosques%20con%20estudiantes&#038;url=https:\/\/radiorevelacionfm.cl\/?p=29169' aria-hidden='false' data-av_icon='\ue8f1' data-av_iconfont='entypo-fontello' title='' data-avia-related-tooltip='Compartir en Twitter' rel=\"noopener\"><span class='avia_hidden_link_text'>Compartir en Twitter<\/span><\/a><\/li><li class='av-share-link av-social-link-whatsapp' ><a target=\"_blank\" aria-label=\"Compartir en Whatsapp\" href='https:\/\/api.whatsapp.com\/send?text=https:\/\/radiorevelacionfm.cl\/?p=29169' aria-hidden='false' data-av_icon='\uf232' data-av_iconfont='entypo-fontello' title='' data-avia-related-tooltip='Compartir en Whatsapp' rel=\"noopener\"><span class='avia_hidden_link_text'>Compartir en Whatsapp<\/span><\/a><\/li><li class='av-share-link av-social-link-linkedin' ><a target=\"_blank\" aria-label=\"Compartir en LinkedIn\" href='https:\/\/linkedin.com\/shareArticle?mini=true&#038;title=Instituto%20Forestal%20celebr%C3%B3%20D%C3%ADa%20Internacional%20de%20los%20Bosques%20con%20estudiantes&#038;url=https:\/\/radiorevelacionfm.cl\/?p=29169' aria-hidden='false' data-av_icon='\ue8fc' data-av_iconfont='entypo-fontello' title='' data-avia-related-tooltip='Compartir en LinkedIn' rel=\"noopener\"><span class='avia_hidden_link_text'>Compartir en LinkedIn<\/span><\/a><\/li><li class='av-share-link av-social-link-mail' ><a  aria-label=\"Compartir por correo\" href='mailto:?subject=Instituto%20Forestal%20celebr%C3%B3%20D%C3%ADa%20Internacional%20de%20los%20Bosques%20con%20estudiantes&#038;body=https:\/\/radiorevelacionfm.cl\/?p=29169' aria-hidden='false' data-av_icon='\ue805' data-av_iconfont='entypo-fontello' title='' data-avia-related-tooltip='Compartir por correo'><span class='avia_hidden_link_text'>Compartir por correo<\/span><\/a><\/li><\/ul><\/div><\/div>\n<div  style='height:50px' class='hr hr-invisible   avia-builder-el-8  el_after_av_social_share  el_before_av_comments_list '><span class='hr-inner ' ><span class='hr-inner-style'><\/span><\/span><\/div>\n<div  class='av-buildercomment  av-blog-meta-html-info-disabled av-blog-meta-tag-disabled  '><\/div>\n","protected":false},"excerpt":{"rendered":"","protected":false},"author":1,"featured_media":29170,"comment_status":"open","ping_status":"open","sticky":false,"template":"","format":"standard","meta":{"footnotes":""},"categories":[58],"tags":[],"class_list":["post-29169","post","type-post","status-publish","format-standard","has-post-thumbnail","hentry","category-agricultura"],"jetpack_featured_media_url":"https:\/\/radiorevelacionfm.cl\/wp-content\/uploads\/2023\/03\/06-dia-de-los-bosques-1_optimized-1.jpg","_links":{"self":[{"href":"https:\/\/radiorevelacionfm.cl\/index.php?rest_route=\/wp\/v2\/posts\/29169","targetHints":{"allow":["GET"]}}],"collection":[{"href":"https:\/\/radiorevelacionfm.cl\/index.php?rest_route=\/wp\/v2\/posts"}],"about":[{"href":"https:\/\/radiorevelacionfm.cl\/index.php?rest_route=\/wp\/v2\/types\/post"}],"author":[{"embeddable":true,"href":"https:\/\/radiorevelacionfm.cl\/index.php?rest_route=\/wp\/v2\/users\/1"}],"replies":[{"embeddable":true,"href":"https:\/\/radiorevelacionfm.cl\/index.php?rest_route=%2Fwp%2Fv2%2Fcomments&post=29169"}],"version-history":[{"count":2,"href":"https:\/\/radiorevelacionfm.cl\/index.php?rest_route=\/wp\/v2\/posts\/29169\/revisions"}],"predecessor-version":[{"id":29217,"href":"https:\/\/radiorevelacionfm.cl\/index.php?rest_route=\/wp\/v2\/posts\/29169\/revisions\/29217"}],"wp:featuredmedia":[{"embeddable":true,"href":"https:\/\/radiorevelacionfm.cl\/index.php?rest_route=\/wp\/v2\/media\/29170"}],"wp:attachment":[{"href":"https:\/\/radiorevelacionfm.cl\/index.php?rest_route=%2Fwp%2Fv2%2Fmedia&parent=29169"}],"wp:term":[{"taxonomy":"category","embeddable":true,"href":"https:\/\/radiorevelacionfm.cl\/index.php?rest_route=%2Fwp%2Fv2%2Fcategories&post=29169"},{"taxonomy":"post_tag","embeddable":true,"href":"https:\/\/radiorevelacionfm.cl\/index.php?rest_route=%2Fwp%2Fv2%2Ftags&post=29169"}],"curies":[{"name":"wp","href":"https:\/\/api.w.org\/{rel}","templated":true}]}}