{"id":29162,"date":"2023-03-22T11:17:13","date_gmt":"2023-03-22T14:17:13","guid":{"rendered":"https:\/\/radiorevelacionfm.cl\/?p=29162"},"modified":"2023-03-22T11:17:13","modified_gmt":"2023-03-22T14:17:13","slug":"dia-mundial-del-agua-gobernadora-regional-llama-al-cuidado-de-los-recursos-hidricos","status":"publish","type":"post","link":"https:\/\/radiorevelacionfm.cl\/?p=29162","title":{"rendered":"D\u00eda Mundial del Agua: Gobernadora Regional llama al cuidado de los recursos h\u00eddricos"},"content":{"rendered":"<div class=\"flex_column av_one_full  flex_column_div av-zero-column-padding first  avia-builder-el-0  el_before_av_one_full  avia-builder-el-first  \" style='border-radius:0px; '><div  class='avia-image-container  av-styling-    avia-builder-el-1  avia-builder-el-no-sibling  avia-align-center '  itemprop=\"image\" itemscope=\"itemscope\" itemtype=\"https:\/\/schema.org\/ImageObject\"  ><div class='avia-image-container-inner'><div class='avia-image-overlay-wrap'><img decoding=\"async\" class='wp-image-29163 avia-img-lazy-loading-not-29163 avia_image' src=\"https:\/\/radiorevelacionfm.cl\/wp-content\/uploads\/2023\/03\/rio-1-1_optimized.jpg\" alt='' title='r\u00edo - (1)-(1)_optimized' height=\"600\" width=\"1067\"  itemprop=\"thumbnailUrl\" srcset=\"https:\/\/radiorevelacionfm.cl\/wp-content\/uploads\/2023\/03\/rio-1-1_optimized.jpg 1067w, https:\/\/radiorevelacionfm.cl\/wp-content\/uploads\/2023\/03\/rio-1-1_optimized-300x169.jpg 300w, https:\/\/radiorevelacionfm.cl\/wp-content\/uploads\/2023\/03\/rio-1-1_optimized-1030x579.jpg 1030w, https:\/\/radiorevelacionfm.cl\/wp-content\/uploads\/2023\/03\/rio-1-1_optimized-768x432.jpg 768w, https:\/\/radiorevelacionfm.cl\/wp-content\/uploads\/2023\/03\/rio-1-1_optimized-705x396.jpg 705w, https:\/\/radiorevelacionfm.cl\/wp-content\/uploads\/2023\/03\/rio-1-1_optimized-600x337.jpg 600w\" sizes=\"(max-width: 1067px) 100vw, 1067px\" \/><\/div><\/div><\/div><\/div><div class=\"flex_column av_one_full  flex_column_div av-zero-column-padding first  avia-builder-el-2  el_after_av_one_full  el_before_av_one_full  column-top-margin\" style='border-radius:0px; '><section class=\"av_textblock_section \"  itemscope=\"itemscope\" itemtype=\"https:\/\/schema.org\/BlogPosting\" itemprop=\"blogPost\" ><div class='avia_textblock  '   itemprop=\"text\" ><p style=\"text-align: center;\"><strong><span style=\"font-size: 18pt;\">D\u00eda Mundial del Agua: Gobernadora Regional llama al cuidado de los recursos h\u00eddricos<\/span><\/strong><\/p>\n<div id=\"gtx-trans\" style=\"position: absolute; left: -50px; top: 4.31534px;\">\n<div class=\"gtx-trans-icon\"><\/div>\n<\/div>\n<\/div><\/section><\/div><div class=\"flex_column av_one_full  flex_column_div av-zero-column-padding first  avia-builder-el-4  el_after_av_one_full  el_before_av_hr  column-top-margin\" style='border-radius:0px; '><section class=\"av_textblock_section \"  itemscope=\"itemscope\" itemtype=\"https:\/\/schema.org\/BlogPosting\" itemprop=\"blogPost\" ><div class='avia_textblock  '   itemprop=\"text\" ><p dir=\"ltr\" style=\"text-align: justify;\">Este 22 de marzo es el D\u00eda Mundial del Agua, ocasi\u00f3n que la Gobernadora Regional de Ays\u00e9n, Andrea Mac\u00edas Palma, en conjunto con el Centro de Investigaci\u00f3n en Ecosistemas de la Patagonia (CIEP), aprovecharon para recordar a la comunidad la importancia del cuidado y buen uso de los recursos h\u00eddricos de la regi\u00f3n.<\/p>\n<p dir=\"ltr\" style=\"text-align: justify;\">\u00abHoy es el D\u00eda Mundial del Agua, y queremos relevar la importancia que tiene este elemento para todos y todas, para los diferentes ecosistemas que existen y tambi\u00e9n a nivel planetario, m\u00e1s a\u00fan en el escenario de crisis clim\u00e1tica que hoy estamos viviendo (&#8230;) para el Gobierno Regional de Ays\u00e9n y su Consejo, aportar a los esfuerzos que se realizan a nivel regional, nacional y mundial para poder proteger el recurso h\u00eddrico no es menor, es absolutamente coherente con las funciones que tenemos, como, por ejemplo, participar y presidir el Comit\u00e9 Regional de Cambio Clim\u00e1tico\u00bb, se\u00f1al\u00f3 la Gobernadora.<\/p>\n<p style=\"text-align: justify;\"><span id=\"v1gmail-docs-internal-guid-68a5a5dc-7fff-ab45-9820-cd7300bbf4ae\">En ese sentido, la m\u00e1xima autoridad de Ays\u00e9n tambi\u00e9n alert\u00f3 sobre la situaci\u00f3n de los recursos h\u00eddricos de la regi\u00f3n, que, al igual que lo que ocurre en el resto del pa\u00eds, son mermados a\u00f1o a a\u00f1o principalmente por las condiciones ambientales producidas por el cambio clim\u00e1tico. De esta manera, la Gobernadora puntualiz\u00f3 que, si bien el territorio cuenta con la mayor cantidad de agua dulce del pa\u00eds, no est\u00e1 exento de experimentar dificultades en torno a las reservas de este elemento.<\/span><\/p>\n<p dir=\"ltr\" style=\"text-align: justify;\">\u00abRecordar que hace poco tiempo atr\u00e1s tuvimos una declaratoria de escasez h\u00eddrica en cinco comunas de nuestra regi\u00f3n. Sabemos que hay zonas de nuestro pa\u00eds que viven esta crisis de manera mucho m\u00e1s profunda, es por eso que nuestro llamado desde el Gobierno Regional y su Consejo es al cuidado del agua, al buen uso, al uso consciente, y entender lo vital que es esta para el desarrollo de nuestra vida\u00bb, recalc\u00f3 la Gobernadora Andrea Mac\u00edas Palma.<\/p>\n<p dir=\"ltr\" style=\"text-align: justify;\">La Asamblea General de Naciones Unidas declar\u00f3 en diciembre de 1992 la celebraci\u00f3n del D\u00eda Mundial del Agua para el 22 de marzo de cada a\u00f1o. Es as\u00ed, que este d\u00eda invita a centrar la atenci\u00f3n y la discusi\u00f3n en la agenda p\u00fablica en la importancia de hacer una gesti\u00f3n sostenible de los recursos como el agua dulce.<\/p>\n<p dir=\"ltr\" style=\"text-align: justify;\">\u00a0Sobre esto, el limn\u00f3logo (especialista en agua dulce) del CIEP, Brian Reid, destac\u00f3 que \u00abla idea m\u00e1s importante para proteger las aguas es cuidar las zonas de menor elevaci\u00f3n, las m\u00e1s bajas, donde hay m\u00e1s concentraci\u00f3n de usos, m\u00e1s demanda para el agua, m\u00e1s desarrollo econ\u00f3mico, que es importante, pensando que est\u00e1n en el mismo lugar. As\u00ed, los parques y reservas protegen las partes altas, pero las partes de abajo no tienen tanta protecci\u00f3n, es muy vulnerable (&#8230;) hay que empezar a planificar, a implementar otras medidas de protecci\u00f3n para los r\u00edos y aguas de las que tomamos y disfrutamos\u00bb.<\/p>\n<\/div><\/section><\/div><div  style='height:50px' class='hr hr-invisible   avia-builder-el-6  el_after_av_one_full  el_before_av_social_share '><span class='hr-inner ' ><span class='hr-inner-style'><\/span><\/span><\/div><\/p>\n<div  class='av-social-sharing-box  avia-builder-el-7  el_after_av_hr  el_before_av_hr  '><div class='av-share-box'><h5 class='av-share-link-description av-no-toc '>Compartir esta noticia<\/h5><ul class='av-share-box-list noLightbox'><li class='av-share-link av-social-link-facebook' ><a target=\"_blank\" aria-label=\"Compartir en Facebook\" href='https:\/\/www.facebook.com\/sharer.php?u=https:\/\/radiorevelacionfm.cl\/?p=29162&#038;t=D%C3%ADa%20Mundial%20del%20Agua%3A%20Gobernadora%20Regional%20llama%20al%20cuidado%20de%20los%20recursos%20h%C3%ADdricos' aria-hidden='false' data-av_icon='\ue8f3' data-av_iconfont='entypo-fontello' title='' data-avia-related-tooltip='Compartir en Facebook' rel=\"noopener\"><span class='avia_hidden_link_text'>Compartir en Facebook<\/span><\/a><\/li><li class='av-share-link av-social-link-twitter' ><a target=\"_blank\" aria-label=\"Compartir en Twitter\" href='https:\/\/twitter.com\/share?text=D%C3%ADa%20Mundial%20del%20Agua%3A%20Gobernadora%20Regional%20llama%20al%20cuidado%20de%20los%20recursos%20h%C3%ADdricos&#038;url=https:\/\/radiorevelacionfm.cl\/?p=29162' aria-hidden='false' data-av_icon='\ue8f1' data-av_iconfont='entypo-fontello' title='' data-avia-related-tooltip='Compartir en Twitter' rel=\"noopener\"><span class='avia_hidden_link_text'>Compartir en Twitter<\/span><\/a><\/li><li class='av-share-link av-social-link-whatsapp' ><a target=\"_blank\" aria-label=\"Compartir en Whatsapp\" href='https:\/\/api.whatsapp.com\/send?text=https:\/\/radiorevelacionfm.cl\/?p=29162' aria-hidden='false' data-av_icon='\uf232' data-av_iconfont='entypo-fontello' title='' data-avia-related-tooltip='Compartir en Whatsapp' rel=\"noopener\"><span class='avia_hidden_link_text'>Compartir en Whatsapp<\/span><\/a><\/li><li class='av-share-link av-social-link-linkedin' ><a target=\"_blank\" aria-label=\"Compartir en LinkedIn\" href='https:\/\/linkedin.com\/shareArticle?mini=true&#038;title=D%C3%ADa%20Mundial%20del%20Agua%3A%20Gobernadora%20Regional%20llama%20al%20cuidado%20de%20los%20recursos%20h%C3%ADdricos&#038;url=https:\/\/radiorevelacionfm.cl\/?p=29162' aria-hidden='false' data-av_icon='\ue8fc' data-av_iconfont='entypo-fontello' title='' data-avia-related-tooltip='Compartir en LinkedIn' rel=\"noopener\"><span class='avia_hidden_link_text'>Compartir en LinkedIn<\/span><\/a><\/li><li class='av-share-link av-social-link-mail' ><a  aria-label=\"Compartir por correo\" href='mailto:?subject=D%C3%ADa%20Mundial%20del%20Agua%3A%20Gobernadora%20Regional%20llama%20al%20cuidado%20de%20los%20recursos%20h%C3%ADdricos&#038;body=https:\/\/radiorevelacionfm.cl\/?p=29162' aria-hidden='false' data-av_icon='\ue805' data-av_iconfont='entypo-fontello' title='' data-avia-related-tooltip='Compartir por correo'><span class='avia_hidden_link_text'>Compartir por correo<\/span><\/a><\/li><\/ul><\/div><\/div>\n<div  style='height:50px' class='hr hr-invisible   avia-builder-el-8  el_after_av_social_share  el_before_av_comments_list '><span class='hr-inner ' ><span class='hr-inner-style'><\/span><\/span><\/div>\n<div  class='av-buildercomment  av-blog-meta-html-info-disabled av-blog-meta-tag-disabled  '><\/div>\n","protected":false},"excerpt":{"rendered":"","protected":false},"author":1,"featured_media":29163,"comment_status":"open","ping_status":"open","sticky":false,"template":"","format":"standard","meta":{"footnotes":""},"categories":[38],"tags":[],"class_list":["post-29162","post","type-post","status-publish","format-standard","has-post-thumbnail","hentry","category-regional"],"jetpack_featured_media_url":"https:\/\/radiorevelacionfm.cl\/wp-content\/uploads\/2023\/03\/rio-1-1_optimized.jpg","_links":{"self":[{"href":"https:\/\/radiorevelacionfm.cl\/index.php?rest_route=\/wp\/v2\/posts\/29162","targetHints":{"allow":["GET"]}}],"collection":[{"href":"https:\/\/radiorevelacionfm.cl\/index.php?rest_route=\/wp\/v2\/posts"}],"about":[{"href":"https:\/\/radiorevelacionfm.cl\/index.php?rest_route=\/wp\/v2\/types\/post"}],"author":[{"embeddable":true,"href":"https:\/\/radiorevelacionfm.cl\/index.php?rest_route=\/wp\/v2\/users\/1"}],"replies":[{"embeddable":true,"href":"https:\/\/radiorevelacionfm.cl\/index.php?rest_route=%2Fwp%2Fv2%2Fcomments&post=29162"}],"version-history":[{"count":2,"href":"https:\/\/radiorevelacionfm.cl\/index.php?rest_route=\/wp\/v2\/posts\/29162\/revisions"}],"predecessor-version":[{"id":29194,"href":"https:\/\/radiorevelacionfm.cl\/index.php?rest_route=\/wp\/v2\/posts\/29162\/revisions\/29194"}],"wp:featuredmedia":[{"embeddable":true,"href":"https:\/\/radiorevelacionfm.cl\/index.php?rest_route=\/wp\/v2\/media\/29163"}],"wp:attachment":[{"href":"https:\/\/radiorevelacionfm.cl\/index.php?rest_route=%2Fwp%2Fv2%2Fmedia&parent=29162"}],"wp:term":[{"taxonomy":"category","embeddable":true,"href":"https:\/\/radiorevelacionfm.cl\/index.php?rest_route=%2Fwp%2Fv2%2Fcategories&post=29162"},{"taxonomy":"post_tag","embeddable":true,"href":"https:\/\/radiorevelacionfm.cl\/index.php?rest_route=%2Fwp%2Fv2%2Ftags&post=29162"}],"curies":[{"name":"wp","href":"https:\/\/api.w.org\/{rel}","templated":true}]}}