{"id":29148,"date":"2023-03-22T14:31:10","date_gmt":"2023-03-22T17:31:10","guid":{"rendered":"https:\/\/radiorevelacionfm.cl\/?p=29148"},"modified":"2023-03-22T14:31:10","modified_gmt":"2023-03-22T17:31:10","slug":"boletin-8m-muestra-que-existe-menor-diversidad-de-oportunidades-laborales-para-las-mujeres","status":"publish","type":"post","link":"https:\/\/radiorevelacionfm.cl\/?p=29148","title":{"rendered":"Bolet\u00edn 8M muestra que existe menor diversidad de oportunidades laborales para las mujeres"},"content":{"rendered":"<div class=\"flex_column av_one_full  flex_column_div av-zero-column-padding first  avia-builder-el-0  el_before_av_one_full  avia-builder-el-first  \" style='border-radius:0px; '><div  class='avia-image-container  av-styling-    avia-builder-el-1  avia-builder-el-no-sibling  avia-align-center '  itemprop=\"image\" itemscope=\"itemscope\" itemtype=\"https:\/\/schema.org\/ImageObject\"  ><div class='avia-image-container-inner'><div class='avia-image-overlay-wrap'><img decoding=\"async\" class='wp-image-29149 avia-img-lazy-loading-not-29149 avia_image' src=\"https:\/\/radiorevelacionfm.cl\/wp-content\/uploads\/2023\/03\/5AlfareraPuertoIbanez-1-1.jpg\" alt='' title='5AlfareraPuertoIba\u00f1ez (1) (1)' height=\"600\" width=\"905\"  itemprop=\"thumbnailUrl\" srcset=\"https:\/\/radiorevelacionfm.cl\/wp-content\/uploads\/2023\/03\/5AlfareraPuertoIbanez-1-1.jpg 905w, https:\/\/radiorevelacionfm.cl\/wp-content\/uploads\/2023\/03\/5AlfareraPuertoIbanez-1-1-300x199.jpg 300w, https:\/\/radiorevelacionfm.cl\/wp-content\/uploads\/2023\/03\/5AlfareraPuertoIbanez-1-1-768x509.jpg 768w, https:\/\/radiorevelacionfm.cl\/wp-content\/uploads\/2023\/03\/5AlfareraPuertoIbanez-1-1-705x467.jpg 705w, https:\/\/radiorevelacionfm.cl\/wp-content\/uploads\/2023\/03\/5AlfareraPuertoIbanez-1-1-600x398.jpg 600w\" sizes=\"(max-width: 905px) 100vw, 905px\" \/><\/div><\/div><\/div><\/div><div class=\"flex_column av_one_full  flex_column_div av-zero-column-padding first  avia-builder-el-2  el_after_av_one_full  el_before_av_one_full  column-top-margin\" style='border-radius:0px; '><section class=\"av_textblock_section \"  itemscope=\"itemscope\" itemtype=\"https:\/\/schema.org\/BlogPosting\" itemprop=\"blogPost\" ><div class='avia_textblock  '   itemprop=\"text\" ><p style=\"text-align: center;\"><strong><span style=\"font-size: 18pt;\">Bolet\u00edn 8M muestra que existe menor diversidad de oportunidades laborales para las mujeres<\/span><\/strong><\/p>\n<div id=\"gtx-trans\" style=\"position: absolute; left: -50px; top: 4.31534px;\">\n<div class=\"gtx-trans-icon\"><\/div>\n<\/div>\n<\/div><\/section><\/div><div class=\"flex_column av_one_full  flex_column_div av-zero-column-padding first  avia-builder-el-4  el_after_av_one_full  el_before_av_hr  column-top-margin\" style='border-radius:0px; '><section class=\"av_textblock_section \"  itemscope=\"itemscope\" itemtype=\"https:\/\/schema.org\/BlogPosting\" itemprop=\"blogPost\" ><div class='avia_textblock  '   itemprop=\"text\" ><p style=\"text-align: justify;\">Se suma a esto el impacto de la pandemia que evidencia retrocesos de una d\u00e9cada en los avances logrados. Reducir las barreras y estereotipos de g\u00e9nero resulta fundamental para impulsar su participaci\u00f3n laboral en igualdad de condiciones.<\/p>\n<p style=\"text-align: justify;\">Las estad\u00edsticas analizadas y entregadas por el Observatorio Laboral Ays\u00e9n y de acuerdo con la participaci\u00f3n laboral entre hombres y mujeres, la brecha ha mostrado una leve disminuci\u00f3n durante los \u00faltimos 10 a\u00f1os, posicion\u00e1ndose en -13,9% para el \u00faltimo trimestre m\u00f3vil, noviembre &#8211; enero 2022, lo cual refleja una disminuci\u00f3n de -6,5 puntos porcentuales frente al a\u00f1o 2012, aun existiendo una deuda pendiente en la recuperaci\u00f3n de puestos de trabajo a nivel regional. Si bien, han existido variaciones positivas en la disminuci\u00f3n de brechas entre hombres y mujeres, sigue existiendo una deuda pendiente, m\u00e1s a\u00fan, aquellas que se incrementaron a partir de la pandemia de COVID-19, entre los a\u00f1os 2020 y 2021.<\/p>\n<p style=\"text-align: justify;\">En este contexto la Directora Regional (S) de SernamEG, Carla Arriagada Malague\u00f1o, dijo: \u201cJunto con destacar la colaboraci\u00f3n entre ambas instituciones, la \u201cen este trabajo colaborativo propusimos que se incorpore como indicador, la participaci\u00f3n laboral femenina. Para visualizar la necesidad de implementar pol\u00edticas p\u00fablicas a nivel regional con enfoque de g\u00e9nero, como es en nuestro caso desde lo operativo los programas Mujeres Jefas de Hogar, 4 a 7 y Mujer Emprende, es esencial contar con el m\u00e1ximo de informaci\u00f3n posible; que nos permita validar que las mujeres de la Regi\u00f3n cuenten con herramientas y recursos para avanzar en disminuir las brechas de g\u00e9nero que a\u00fan persisten en la sociedad\u201d.<\/p>\n<p style=\"text-align: justify;\">En tal sentido la oferta SENCE resulta una oportunidad para capacitaci\u00f3n, transferencia y certificaci\u00f3n de competencias laborales para mejorar la empleabilidad y aumentar los ingresos. Para ello existen programas de capacitaci\u00f3n gratuitos, como becas laborales, capacitaci\u00f3n en oficios, continuidad de estudios, l\u00ednea de discapacidad, oficios sectoriales, emprendimiento y reconvenci\u00f3n laboral.<\/p>\n<p style=\"text-align: justify;\">Seg\u00fan Andro Valdenegro Terraza, director (s) de SENCE Ays\u00e9n \u201cLa entrega de este bolet\u00edn es tremendamente importante toda vez que nos muestra y refleja el estado en que nos encontramos como regi\u00f3n respecto de las pol\u00edticas de g\u00e9nero, en ese sentido como Servicio Nacional de Capacitaci\u00f3n y Empleo, hemos recientemente propiciado a trav\u00e9s de una acci\u00f3n en redes sociales, a trav\u00e9s de un Facebook Live, la masificaci\u00f3n de este informe junto con tambi\u00e9n se\u00f1alar nuestra constante tarea y relevancia que le damos al hito de la incorporaci\u00f3n de la mujer en el mercado laboral, a trav\u00e9s de pol\u00edticas justamente que vienen sustentadas por estos informes que nos entregan el Observatorio Laboral con pertinencia Regional\u201d.<\/p>\n<p style=\"text-align: justify;\">En cuanto a la Regi\u00f3n de Ays\u00e9n, se evidencia la participaci\u00f3n laboral m\u00e1s alta de mujeres, as\u00ed como tambi\u00e9n, la brecha m\u00e1s baja a nivel pa\u00eds entre hombres y mujeres, relacionada con una mayor concentraci\u00f3n de personas en centros urbanos como Coyhaique y Puerto Ays\u00e9n, con incidencia de mujeres en \u00e1reas como Comercio y servicios, entre otras \u00e1reas.<\/p>\n<p style=\"text-align: justify;\">Marcio Villouta Alvarado, director del Observatorio Laboral Ays\u00e9n, expres\u00f3 \u201cCuando hablamos de la conmemoraci\u00f3n del D\u00eda Internacional de la Mujer, desde el punto de vista de lo laboral, no es posible avanzar sin evidenciar las brechas, teniendo presente esto, sabemos que existen dificultades para la inserci\u00f3n en la fuerza laboral a nivel regional por parte de las mujeres, las que se relacionan principales al cuidado de terceros, ya sea porque son adultos mayores o son otros v\u00ednculos familiares, que est\u00e1n siendo responsables, representando una compleja situaci\u00f3n la hora de poder acceder al mercado laboral. Es por esto que debemos generar pol\u00edticas p\u00fablicas, que tributen directamente a la igualdad tanto de hombres y mujeres a la hora de insertarse en el mundo laboral\u201d.<\/p>\n<p style=\"text-align: justify;\">Por otro lado, la brecha entre hombres y mujeres sigue siendo alarmante en la Regi\u00f3n de Ays\u00e9n, en el \u00faltimo trimestre m\u00f3vil, la brecha para las mujeres contabiliza cerca de 6.231 personas en esta condici\u00f3n. As\u00ed mismo se observa que la inactividad por sexo, llega a una brecha de -71% para las mujeres, las razones mayoritariamente aluden al hecho de estar al cuidado de terceros de forma temporal o permanente como lo muestra el <a href=\"https:\/\/observatorionacional.cl\/publicaciones\/2934\">Bolet\u00edn 8M \u2013 D\u00eda Internacional de la mujer<\/a><\/p>\n<\/div><\/section><\/div><div  style='height:50px' class='hr hr-invisible   avia-builder-el-6  el_after_av_one_full  el_before_av_social_share '><span class='hr-inner ' ><span class='hr-inner-style'><\/span><\/span><\/div><\/p>\n<div  class='av-social-sharing-box  avia-builder-el-7  el_after_av_hr  el_before_av_hr  '><div class='av-share-box'><h5 class='av-share-link-description av-no-toc '>Compartir esta noticia<\/h5><ul class='av-share-box-list noLightbox'><li class='av-share-link av-social-link-facebook' ><a target=\"_blank\" aria-label=\"Compartir en Facebook\" href='https:\/\/www.facebook.com\/sharer.php?u=https:\/\/radiorevelacionfm.cl\/?p=29148&#038;t=Bolet%C3%ADn%208M%20muestra%20que%20existe%20menor%20diversidad%20de%20oportunidades%20laborales%20para%20las%20mujeres' aria-hidden='false' data-av_icon='\ue8f3' data-av_iconfont='entypo-fontello' title='' data-avia-related-tooltip='Compartir en Facebook' rel=\"noopener\"><span class='avia_hidden_link_text'>Compartir en Facebook<\/span><\/a><\/li><li class='av-share-link av-social-link-twitter' ><a target=\"_blank\" aria-label=\"Compartir en Twitter\" href='https:\/\/twitter.com\/share?text=Bolet%C3%ADn%208M%20muestra%20que%20existe%20menor%20diversidad%20de%20oportunidades%20laborales%20para%20las%20mujeres&#038;url=https:\/\/radiorevelacionfm.cl\/?p=29148' aria-hidden='false' data-av_icon='\ue8f1' data-av_iconfont='entypo-fontello' title='' data-avia-related-tooltip='Compartir en Twitter' rel=\"noopener\"><span class='avia_hidden_link_text'>Compartir en Twitter<\/span><\/a><\/li><li class='av-share-link av-social-link-whatsapp' ><a target=\"_blank\" aria-label=\"Compartir en Whatsapp\" href='https:\/\/api.whatsapp.com\/send?text=https:\/\/radiorevelacionfm.cl\/?p=29148' aria-hidden='false' data-av_icon='\uf232' data-av_iconfont='entypo-fontello' title='' data-avia-related-tooltip='Compartir en Whatsapp' rel=\"noopener\"><span class='avia_hidden_link_text'>Compartir en Whatsapp<\/span><\/a><\/li><li class='av-share-link av-social-link-linkedin' ><a target=\"_blank\" aria-label=\"Compartir en LinkedIn\" href='https:\/\/linkedin.com\/shareArticle?mini=true&#038;title=Bolet%C3%ADn%208M%20muestra%20que%20existe%20menor%20diversidad%20de%20oportunidades%20laborales%20para%20las%20mujeres&#038;url=https:\/\/radiorevelacionfm.cl\/?p=29148' aria-hidden='false' data-av_icon='\ue8fc' data-av_iconfont='entypo-fontello' title='' data-avia-related-tooltip='Compartir en LinkedIn' rel=\"noopener\"><span class='avia_hidden_link_text'>Compartir en LinkedIn<\/span><\/a><\/li><li class='av-share-link av-social-link-mail' ><a  aria-label=\"Compartir por correo\" href='mailto:?subject=Bolet%C3%ADn%208M%20muestra%20que%20existe%20menor%20diversidad%20de%20oportunidades%20laborales%20para%20las%20mujeres&#038;body=https:\/\/radiorevelacionfm.cl\/?p=29148' aria-hidden='false' data-av_icon='\ue805' data-av_iconfont='entypo-fontello' title='' data-avia-related-tooltip='Compartir por correo'><span class='avia_hidden_link_text'>Compartir por correo<\/span><\/a><\/li><\/ul><\/div><\/div>\n<div  style='height:50px' class='hr hr-invisible   avia-builder-el-8  el_after_av_social_share  el_before_av_comments_list '><span class='hr-inner ' ><span class='hr-inner-style'><\/span><\/span><\/div>\n<div  class='av-buildercomment  av-blog-meta-html-info-disabled av-blog-meta-tag-disabled  '><\/div>\n","protected":false},"excerpt":{"rendered":"","protected":false},"author":1,"featured_media":29149,"comment_status":"open","ping_status":"open","sticky":false,"template":"","format":"standard","meta":{"footnotes":""},"categories":[38],"tags":[],"class_list":["post-29148","post","type-post","status-publish","format-standard","has-post-thumbnail","hentry","category-regional"],"jetpack_featured_media_url":"https:\/\/radiorevelacionfm.cl\/wp-content\/uploads\/2023\/03\/5AlfareraPuertoIbanez-1-1.jpg","_links":{"self":[{"href":"https:\/\/radiorevelacionfm.cl\/index.php?rest_route=\/wp\/v2\/posts\/29148","targetHints":{"allow":["GET"]}}],"collection":[{"href":"https:\/\/radiorevelacionfm.cl\/index.php?rest_route=\/wp\/v2\/posts"}],"about":[{"href":"https:\/\/radiorevelacionfm.cl\/index.php?rest_route=\/wp\/v2\/types\/post"}],"author":[{"embeddable":true,"href":"https:\/\/radiorevelacionfm.cl\/index.php?rest_route=\/wp\/v2\/users\/1"}],"replies":[{"embeddable":true,"href":"https:\/\/radiorevelacionfm.cl\/index.php?rest_route=%2Fwp%2Fv2%2Fcomments&post=29148"}],"version-history":[{"count":2,"href":"https:\/\/radiorevelacionfm.cl\/index.php?rest_route=\/wp\/v2\/posts\/29148\/revisions"}],"predecessor-version":[{"id":29199,"href":"https:\/\/radiorevelacionfm.cl\/index.php?rest_route=\/wp\/v2\/posts\/29148\/revisions\/29199"}],"wp:featuredmedia":[{"embeddable":true,"href":"https:\/\/radiorevelacionfm.cl\/index.php?rest_route=\/wp\/v2\/media\/29149"}],"wp:attachment":[{"href":"https:\/\/radiorevelacionfm.cl\/index.php?rest_route=%2Fwp%2Fv2%2Fmedia&parent=29148"}],"wp:term":[{"taxonomy":"category","embeddable":true,"href":"https:\/\/radiorevelacionfm.cl\/index.php?rest_route=%2Fwp%2Fv2%2Fcategories&post=29148"},{"taxonomy":"post_tag","embeddable":true,"href":"https:\/\/radiorevelacionfm.cl\/index.php?rest_route=%2Fwp%2Fv2%2Ftags&post=29148"}],"curies":[{"name":"wp","href":"https:\/\/api.w.org\/{rel}","templated":true}]}}