{"id":29145,"date":"2023-03-21T19:28:02","date_gmt":"2023-03-21T22:28:02","guid":{"rendered":"https:\/\/radiorevelacionfm.cl\/?p=29145"},"modified":"2023-03-21T19:28:02","modified_gmt":"2023-03-21T22:28:02","slug":"ante-restablecimiento-de-conectividad-lacustre-subsidio-aereo-de-contingencia-finaliza-a-fines-de-marzo","status":"publish","type":"post","link":"https:\/\/radiorevelacionfm.cl\/?p=29145","title":{"rendered":"Ante restablecimiento de conectividad lacustre, subsidio a\u00e9reo de contingencia finaliza a fines de marzo"},"content":{"rendered":"<div class=\"flex_column av_one_full  flex_column_div av-zero-column-padding first  avia-builder-el-0  el_before_av_one_full  avia-builder-el-first  \" style='border-radius:0px; '><div  class='avia-image-container  av-styling-    avia-builder-el-1  avia-builder-el-no-sibling  avia-align-center '  itemprop=\"image\" itemscope=\"itemscope\" itemtype=\"https:\/\/schema.org\/ImageObject\"  ><div class='avia-image-container-inner'><div class='avia-image-overlay-wrap'><img decoding=\"async\" class='wp-image-29146 avia-img-lazy-loading-not-29146 avia_image' src=\"https:\/\/radiorevelacionfm.cl\/wp-content\/uploads\/2023\/03\/CHILE-CHICO-3-1-1.jpg\" alt='' title='CHILE CHICO (3) (1) (1)' height=\"600\" width=\"800\"  itemprop=\"thumbnailUrl\" srcset=\"https:\/\/radiorevelacionfm.cl\/wp-content\/uploads\/2023\/03\/CHILE-CHICO-3-1-1.jpg 800w, https:\/\/radiorevelacionfm.cl\/wp-content\/uploads\/2023\/03\/CHILE-CHICO-3-1-1-300x225.jpg 300w, https:\/\/radiorevelacionfm.cl\/wp-content\/uploads\/2023\/03\/CHILE-CHICO-3-1-1-768x576.jpg 768w, https:\/\/radiorevelacionfm.cl\/wp-content\/uploads\/2023\/03\/CHILE-CHICO-3-1-1-705x529.jpg 705w, https:\/\/radiorevelacionfm.cl\/wp-content\/uploads\/2023\/03\/CHILE-CHICO-3-1-1-600x450.jpg 600w\" sizes=\"(max-width: 800px) 100vw, 800px\" \/><\/div><\/div><\/div><\/div><div class=\"flex_column av_one_full  flex_column_div av-zero-column-padding first  avia-builder-el-2  el_after_av_one_full  el_before_av_one_full  column-top-margin\" style='border-radius:0px; '><section class=\"av_textblock_section \"  itemscope=\"itemscope\" itemtype=\"https:\/\/schema.org\/BlogPosting\" itemprop=\"blogPost\" ><div class='avia_textblock  '   itemprop=\"text\" ><p style=\"text-align: center;\"><span style=\"font-size: 18pt;\"><b>Ante restablecimiento de conectividad lacustre, subsidio a\u00e9reo de contingencia finaliza a fines de marzo<\/b><\/span><\/p>\n<div id=\"gtx-trans\" style=\"position: absolute; left: -50px; top: 4.31534px;\">\n<div class=\"gtx-trans-icon\"><\/div>\n<\/div>\n<\/div><\/section><\/div><div class=\"flex_column av_one_full  flex_column_div av-zero-column-padding first  avia-builder-el-4  el_after_av_one_full  el_before_av_hr  column-top-margin\" style='border-radius:0px; '><section class=\"av_textblock_section \"  itemscope=\"itemscope\" itemtype=\"https:\/\/schema.org\/BlogPosting\" itemprop=\"blogPost\" ><div class='avia_textblock  '   itemprop=\"text\" ><p style=\"text-align: justify;\">Ante los problemas t\u00e9cnicos que afectaron la barcaza Tehuelche impidiendo su operaci\u00f3n durante el a\u00f1o 2021 y 2022, surgi\u00f3 el servicio de conectividad a\u00e9rea Chile Chico &#8211; Coyhaique, subvencionado por el Ministerio de Transportes y Telecomunicaciones (MTT). Tras estar vigente desde diciembre de 2019, estos vuelos tendr\u00e1n su fin el pr\u00f3ximo 31 de marzo.<\/p>\n<p style=\"text-align: justify;\">La seremiTT Claudia Cantero, declar\u00f3 que con el restablecimiento de los viajes de la barcaza, el descenso natural de la demanda por temporada baja y la necesidad de redistribuir el presupuesto para otras necesidades de movilidad en la regi\u00f3n, finalizar\u00e1 el funcionamiento de los vuelos seg\u00fan lo acordado por contrato con la empresa concesionaria. \u201cEsto no es una decisi\u00f3n autoritaria sino que obedece a que este servicio siempre fue transitorio, de emergencia, a prop\u00f3sito de los problemas de conectividad del Lago General Carrera. Una vez repuesta la conectividad a trav\u00e9s de la nave Tehuelche el compromiso del ministerio, fue de retirar esta subvenci\u00f3n a\u00e9rea, para pensar tambi\u00e9n en la distribuci\u00f3n de los recursos regionales a obras comunes\u201d, aclar\u00f3 la seremiTT.<\/p>\n<p style=\"text-align: justify;\">En este sentido, se record\u00f3 que mientras se resolv\u00eda el mantenimiento y reparaci\u00f3n de las naves, principal medio de movilizaci\u00f3n para los habitantes de Chile Chico, el Gobierno despleg\u00f3 otros medios de transporte para resolver la necesidad inmediata de la comunidad, medidas que fueron implementadas desde el MTT. Entre ellas, adem\u00e1s del servicio a\u00e9reo se cont\u00f3 la contrataci\u00f3n del transbordador Chelenco, conectividad terrestre por Argentina y por la zona de la cuenca del Lago General Carrera. Este \u00faltimo, fue implementado en forma permanente a ra\u00edz del requerimiento de los habitantes del interior, como una nueva alternativa de locomoci\u00f3n a sus poblados.<\/p>\n<p style=\"text-align: justify;\">Cabe se\u00f1alar que los recursos desplegados para responder a la conectividad por contingencia en la comuna de Chile Chico, llegaron a la suma de 1.807 millones de pesos el 2022. Este a\u00f1o 2023 la mayor inversi\u00f3n realizada por el Ministerio de Transportes y Telecomunicaciones en la regi\u00f3n, sigue estando en la comuna de Chile Chico con un monto superior a los 2.280 millones de pesos.<\/p>\n<p style=\"text-align: justify;\">La autoridad sectorial agreg\u00f3 que, sin perjuicio de ello, la necesidad de generar conectividad a\u00e9rea hacia Chile Chico sigue siendo considerada para una posible implementaci\u00f3n definitiva, que tiene que analizarse t\u00e9cnicamente al igual que los requerimientos de otras zonas de Ays\u00e9n: \u201cTodas las comunas de la regi\u00f3n tienen necesidades m\u00e1s all\u00e1 de una contingencia, y hay que ser responsable en cuanto a la distribuci\u00f3n del presupuesto. Se est\u00e1 revisando la solicitud a nivel central para solicitar recursos adicionales pero tambi\u00e9n se han pedido otros servicios a\u00e9reos como por ejemplo hacia Cochrane, Caleta Tortel, Puerto Aguirre, Ra\u00fal Mar\u00edn Balmaceda y otras localidades aisladas que tambi\u00e9n requieren servicios de conectividad\u201d.<\/p>\n<\/div><\/section><\/div><div  style='height:50px' class='hr hr-invisible   avia-builder-el-6  el_after_av_one_full  el_before_av_social_share '><span class='hr-inner ' ><span class='hr-inner-style'><\/span><\/span><\/div><\/p>\n<div  class='av-social-sharing-box  avia-builder-el-7  el_after_av_hr  el_before_av_hr  '><div class='av-share-box'><h5 class='av-share-link-description av-no-toc '>Compartir esta noticia<\/h5><ul class='av-share-box-list noLightbox'><li class='av-share-link av-social-link-facebook' ><a target=\"_blank\" aria-label=\"Compartir en Facebook\" href='https:\/\/www.facebook.com\/sharer.php?u=https:\/\/radiorevelacionfm.cl\/?p=29145&#038;t=Ante%20restablecimiento%20de%20conectividad%20lacustre%2C%20subsidio%20a%C3%A9reo%20de%20contingencia%20finaliza%20a%20fines%20de%20marzo' aria-hidden='false' data-av_icon='\ue8f3' data-av_iconfont='entypo-fontello' title='' data-avia-related-tooltip='Compartir en Facebook' rel=\"noopener\"><span class='avia_hidden_link_text'>Compartir en Facebook<\/span><\/a><\/li><li class='av-share-link av-social-link-twitter' ><a target=\"_blank\" aria-label=\"Compartir en Twitter\" href='https:\/\/twitter.com\/share?text=Ante%20restablecimiento%20de%20conectividad%20lacustre%2C%20subsidio%20a%C3%A9reo%20de%20contingencia%20finaliza%20a%20fines%20de%20marzo&#038;url=https:\/\/radiorevelacionfm.cl\/?p=29145' aria-hidden='false' data-av_icon='\ue8f1' data-av_iconfont='entypo-fontello' title='' data-avia-related-tooltip='Compartir en Twitter' rel=\"noopener\"><span class='avia_hidden_link_text'>Compartir en Twitter<\/span><\/a><\/li><li class='av-share-link av-social-link-whatsapp' ><a target=\"_blank\" aria-label=\"Compartir en Whatsapp\" href='https:\/\/api.whatsapp.com\/send?text=https:\/\/radiorevelacionfm.cl\/?p=29145' aria-hidden='false' data-av_icon='\uf232' data-av_iconfont='entypo-fontello' title='' data-avia-related-tooltip='Compartir en Whatsapp' rel=\"noopener\"><span class='avia_hidden_link_text'>Compartir en Whatsapp<\/span><\/a><\/li><li class='av-share-link av-social-link-linkedin' ><a target=\"_blank\" aria-label=\"Compartir en LinkedIn\" href='https:\/\/linkedin.com\/shareArticle?mini=true&#038;title=Ante%20restablecimiento%20de%20conectividad%20lacustre%2C%20subsidio%20a%C3%A9reo%20de%20contingencia%20finaliza%20a%20fines%20de%20marzo&#038;url=https:\/\/radiorevelacionfm.cl\/?p=29145' aria-hidden='false' data-av_icon='\ue8fc' data-av_iconfont='entypo-fontello' title='' data-avia-related-tooltip='Compartir en LinkedIn' rel=\"noopener\"><span class='avia_hidden_link_text'>Compartir en LinkedIn<\/span><\/a><\/li><li class='av-share-link av-social-link-mail' ><a  aria-label=\"Compartir por correo\" href='mailto:?subject=Ante%20restablecimiento%20de%20conectividad%20lacustre%2C%20subsidio%20a%C3%A9reo%20de%20contingencia%20finaliza%20a%20fines%20de%20marzo&#038;body=https:\/\/radiorevelacionfm.cl\/?p=29145' aria-hidden='false' data-av_icon='\ue805' data-av_iconfont='entypo-fontello' title='' data-avia-related-tooltip='Compartir por correo'><span class='avia_hidden_link_text'>Compartir por correo<\/span><\/a><\/li><\/ul><\/div><\/div>\n<div  style='height:50px' class='hr hr-invisible   avia-builder-el-8  el_after_av_social_share  el_before_av_comments_list '><span class='hr-inner ' ><span class='hr-inner-style'><\/span><\/span><\/div>\n<div  class='av-buildercomment  av-blog-meta-html-info-disabled av-blog-meta-tag-disabled  '><\/div>\n","protected":false},"excerpt":{"rendered":"","protected":false},"author":1,"featured_media":29146,"comment_status":"open","ping_status":"open","sticky":false,"template":"","format":"standard","meta":{"footnotes":""},"categories":[59],"tags":[],"class_list":["post-29145","post","type-post","status-publish","format-standard","has-post-thumbnail","hentry","category-transporte"],"jetpack_featured_media_url":"https:\/\/radiorevelacionfm.cl\/wp-content\/uploads\/2023\/03\/CHILE-CHICO-3-1-1.jpg","_links":{"self":[{"href":"https:\/\/radiorevelacionfm.cl\/index.php?rest_route=\/wp\/v2\/posts\/29145","targetHints":{"allow":["GET"]}}],"collection":[{"href":"https:\/\/radiorevelacionfm.cl\/index.php?rest_route=\/wp\/v2\/posts"}],"about":[{"href":"https:\/\/radiorevelacionfm.cl\/index.php?rest_route=\/wp\/v2\/types\/post"}],"author":[{"embeddable":true,"href":"https:\/\/radiorevelacionfm.cl\/index.php?rest_route=\/wp\/v2\/users\/1"}],"replies":[{"embeddable":true,"href":"https:\/\/radiorevelacionfm.cl\/index.php?rest_route=%2Fwp%2Fv2%2Fcomments&post=29145"}],"version-history":[{"count":2,"href":"https:\/\/radiorevelacionfm.cl\/index.php?rest_route=\/wp\/v2\/posts\/29145\/revisions"}],"predecessor-version":[{"id":29167,"href":"https:\/\/radiorevelacionfm.cl\/index.php?rest_route=\/wp\/v2\/posts\/29145\/revisions\/29167"}],"wp:featuredmedia":[{"embeddable":true,"href":"https:\/\/radiorevelacionfm.cl\/index.php?rest_route=\/wp\/v2\/media\/29146"}],"wp:attachment":[{"href":"https:\/\/radiorevelacionfm.cl\/index.php?rest_route=%2Fwp%2Fv2%2Fmedia&parent=29145"}],"wp:term":[{"taxonomy":"category","embeddable":true,"href":"https:\/\/radiorevelacionfm.cl\/index.php?rest_route=%2Fwp%2Fv2%2Fcategories&post=29145"},{"taxonomy":"post_tag","embeddable":true,"href":"https:\/\/radiorevelacionfm.cl\/index.php?rest_route=%2Fwp%2Fv2%2Ftags&post=29145"}],"curies":[{"name":"wp","href":"https:\/\/api.w.org\/{rel}","templated":true}]}}