{"id":29142,"date":"2023-03-22T12:04:45","date_gmt":"2023-03-22T15:04:45","guid":{"rendered":"https:\/\/radiorevelacionfm.cl\/?p=29142"},"modified":"2023-03-22T12:04:45","modified_gmt":"2023-03-22T15:04:45","slug":"seminario-reunio-al-sector-ovejero-de-la-region-en-torno-a-mejorar-la-comercializacion","status":"publish","type":"post","link":"https:\/\/radiorevelacionfm.cl\/?p=29142","title":{"rendered":"Seminario reuni\u00f3 al sector ovejero de la regi\u00f3n en torno a mejorar la comercializaci\u00f3n"},"content":{"rendered":"<div class=\"flex_column av_one_full  flex_column_div av-zero-column-padding first  avia-builder-el-0  el_before_av_one_full  avia-builder-el-first  \" style='border-radius:0px; '><div  class='avia-image-container  av-styling-    avia-builder-el-1  avia-builder-el-no-sibling  avia-align-center '  itemprop=\"image\" itemscope=\"itemscope\" itemtype=\"https:\/\/schema.org\/ImageObject\"  ><div class='avia-image-container-inner'><div class='avia-image-overlay-wrap'><img decoding=\"async\" class='wp-image-29143 avia-img-lazy-loading-not-29143 avia_image' src=\"https:\/\/radiorevelacionfm.cl\/wp-content\/uploads\/2023\/03\/1z9a8814-1_optimized.jpg\" alt='' title='1z9a8814-(1)_optimized' height=\"600\" width=\"953\"  itemprop=\"thumbnailUrl\" srcset=\"https:\/\/radiorevelacionfm.cl\/wp-content\/uploads\/2023\/03\/1z9a8814-1_optimized.jpg 953w, https:\/\/radiorevelacionfm.cl\/wp-content\/uploads\/2023\/03\/1z9a8814-1_optimized-300x189.jpg 300w, https:\/\/radiorevelacionfm.cl\/wp-content\/uploads\/2023\/03\/1z9a8814-1_optimized-768x484.jpg 768w, https:\/\/radiorevelacionfm.cl\/wp-content\/uploads\/2023\/03\/1z9a8814-1_optimized-705x444.jpg 705w, https:\/\/radiorevelacionfm.cl\/wp-content\/uploads\/2023\/03\/1z9a8814-1_optimized-600x378.jpg 600w\" sizes=\"(max-width: 953px) 100vw, 953px\" \/><\/div><\/div><\/div><\/div><div class=\"flex_column av_one_full  flex_column_div av-zero-column-padding first  avia-builder-el-2  el_after_av_one_full  el_before_av_one_full  column-top-margin\" style='border-radius:0px; '><section class=\"av_textblock_section \"  itemscope=\"itemscope\" itemtype=\"https:\/\/schema.org\/BlogPosting\" itemprop=\"blogPost\" ><div class='avia_textblock  '   itemprop=\"text\" ><p style=\"text-align: center;\"><strong><span style=\"font-size: 18pt;\">Seminario reuni\u00f3 al sector ovejero de la regi\u00f3n en torno a mejorar la comercializaci\u00f3n<\/span><\/strong><\/p>\n<div id=\"gtx-trans\" style=\"position: absolute; left: -50px; top: 4.31534px;\">\n<div class=\"gtx-trans-icon\"><\/div>\n<\/div>\n<\/div><\/section><\/div><div class=\"flex_column av_one_full  flex_column_div av-zero-column-padding first  avia-builder-el-4  el_after_av_one_full  el_before_av_hr  column-top-margin\" style='border-radius:0px; '><section class=\"av_textblock_section \"  itemscope=\"itemscope\" itemtype=\"https:\/\/schema.org\/BlogPosting\" itemprop=\"blogPost\" ><div class='avia_textblock  '   itemprop=\"text\" ><p class=\"v1MsoNormal v1ContentPasted0\" style=\"text-align: justify;\">Unir la cadena productiva asociada a la ganader\u00eda ovina regional, a trav\u00e9s de un dialogo entre productores\/as, sector p\u00fablico y empresarios del rubro, fue el objetivo del Seminario \u00abOvejer\u00eda en Ays\u00e9n: Ampliando los canales de comercializaci\u00f3n\u00bb, impulsado por la Seremi de Agricultura e INIA Tamel Aike a trav\u00e9s del Programa Modernizaci\u00f3n y fortalecimiento del negocio ovejero en la Regi\u00f3n de Ays\u00e9n\u00bb, financiado por Gobierno Regional de Ays\u00e9n y su Consejo.<\/p>\n<p class=\"v1MsoNormal v1ContentPasted0\" style=\"text-align: justify;\">Programa que en conjunto con productores aborda aspectos de gen\u00e9ticos, reproductivos, de manejo y uso de recursos forrajeros, que permitan recuperar la din\u00e1mica productiva del rubro en la regi\u00f3n. Y que ha impulsado instancias que apuntan a buscar soluciones colaborativas en torno a los desaf\u00edos que enfrenta este sector econ\u00f3mico.<\/p>\n<p class=\"v1MsoNormal v1ContentPasted0\" style=\"text-align: justify;\">\u00abPara nosotros junto con INIA, desde la Seremi, es muy importante seguir trabajando en gen\u00e9tica, fortaleciendo, buscando mecanismos nuevos. Hoy d\u00eda tuvimos un tremendo seminario con presencia internacional donde nos acompa\u00f1aron exponentes de Uruguay y de Argentina y estuvimos viendo c\u00f3mo podemos mejorar nuestros canales de comercializaci\u00f3n, as\u00ed que seguimos trabajando en conjunto\u00a0<span class=\"v1ContentPasted0\">\u00a0<\/span>con la institucionalidad, que es lo que no mandata nuestro Presidente\u00bb, se\u00f1al\u00f3 el Seremi Alan Espinoza Ortiz<\/p>\n<p class=\"v1MsoNormal v1ContentPasted0\" style=\"text-align: justify;\">El encuentro organizado en el marco de la Expo Ganadera Ovina realizada en conjunto con la Municipalidad de Coyhaique permiti\u00f3 analizar la situaci\u00f3n de la producci\u00f3n ovejera a nivel mundial para ahondar en busca de nuevas oportunidades de comercializaci\u00f3n. Para lo cual se cont\u00f3 con la participaci\u00f3n de renombrados expositores del rubro ovino a nivel nacional e internacional.<\/p>\n<p class=\"v1MsoNormal v1ContentPasted0\" style=\"text-align: justify;\">Asimismo, la Gobernadora Andrea Mac\u00edas Palma, destac\u00f3 la instancia que permite ir definiendo y proyectando el rubro en Ays\u00e9n.<\/p>\n<p class=\"v1MsoNormal v1ContentPasted0\" style=\"text-align: justify;\">\u00abRelevar la importancia que tuvo, sobre todo para los peque\u00f1os productores de nuestra regi\u00f3n. Hoy d\u00eda es tiempo de tomar definiciones respecto del mercado ovino. Hay que definir de cierta forma como regi\u00f3n a qu\u00e9 nos vamos a dedicar, cu\u00e1l va a ser nuestra vocaci\u00f3n, si va a ser de producci\u00f3n de carne, si va a ser de producci\u00f3n lanera. Y eso implica generar conocimiento, poder tener adem\u00e1s la experiencia de otros territorios que nos muestren c\u00f3mo se van moviendo los mercados y de esa forma que como regi\u00f3n podamos tomar una mejor definici\u00f3n\u00bb sostuvo<\/p>\n<p class=\"v1MsoNormal v1ContentPasted0\" style=\"text-align: justify;\">Por ello el Seminario abord\u00f3 temas como el desarrollo y comercializaci\u00f3n de los productos lana y carne con \u00e9nfasis en el mercado y su comportamiento actual, con expositores de destacada trayectoria como; Roberto Cardellino, Gabriel Bernardinelli, Daniel Groves y el investigado de INIA Kampenaike , Ra\u00fal Lira. Este \u00faltimo indico que \u00abla regi\u00f3n de Ays\u00e9n tiene un tremendo potencial, y deber\u00eda ir con todo hacia la producci\u00f3n de carne ovina, mejorando los ingresos por esa v\u00eda. Ojal\u00e1 que las autoridades, las mesas t\u00e9cnicas de trabajo que van a proyectar las tendencias de producci\u00f3n ovina en la regi\u00f3n, puedan hacer evaluaciones objetivas y en ese sentido, en mi opini\u00f3n, habr\u00eda que poner el foco en la carne\u00bb, se\u00f1al\u00f3 el Investigador de Magallanes.<\/p>\n<p class=\"v1MsoNormal v1ContentPasted0\" style=\"text-align: justify;\">Tradicionalmente, la producci\u00f3n ovina de Ays\u00e9n se caracteriza por el uso del genotipo Corriedale, animal de doble prop\u00f3sito con lana de mediana finura (27-30 micras), producto que ha ido perdiendo gradualmente su precio en el mercado internacional, ya que la demanda actual apunta a finuras de 20 micras y menos. Sobre este tema la Directora regional del INIA Tamel Aike, destac\u00f3:<\/p>\n<p class=\"v1MsoNormal v1ContentPasted0\" style=\"text-align: justify;\">\u00abLas tem\u00e1ticas que se abordaron en el seminario nos permiten vislumbrar la importancia de poder trabajar con buena gen\u00e9tica en nuestros reba\u00f1os, para alcanzar mejores resultados productivos en lana y carne. En este sentido, INIA Tamel Aike cuenta con una unidad gen\u00e9tica que ha sido financiada por el GORE a trav\u00e9s del Programa Ovino, para continuar avanzando en esta l\u00ednea y apoyando a nuestros productores. Otra tem\u00e1tica en la que tenemos que avanzar son los sellos diferenciadores, que nos permitan acceder a otros nichos de mercado\u00bb sostuvo.<\/p>\n<\/div><\/section><\/div><div  style='height:50px' class='hr hr-invisible   avia-builder-el-6  el_after_av_one_full  el_before_av_social_share '><span class='hr-inner ' ><span class='hr-inner-style'><\/span><\/span><\/div><\/p>\n<div  class='av-social-sharing-box  avia-builder-el-7  el_after_av_hr  el_before_av_hr  '><div class='av-share-box'><h5 class='av-share-link-description av-no-toc '>Compartir esta noticia<\/h5><ul class='av-share-box-list noLightbox'><li class='av-share-link av-social-link-facebook' ><a target=\"_blank\" aria-label=\"Compartir en Facebook\" href='https:\/\/www.facebook.com\/sharer.php?u=https:\/\/radiorevelacionfm.cl\/?p=29142&#038;t=Seminario%20reuni%C3%B3%20al%20sector%20ovejero%20de%20la%20regi%C3%B3n%20en%20torno%20a%20mejorar%20la%20comercializaci%C3%B3n' aria-hidden='false' data-av_icon='\ue8f3' data-av_iconfont='entypo-fontello' title='' data-avia-related-tooltip='Compartir en Facebook' rel=\"noopener\"><span class='avia_hidden_link_text'>Compartir en Facebook<\/span><\/a><\/li><li class='av-share-link av-social-link-twitter' ><a target=\"_blank\" aria-label=\"Compartir en Twitter\" href='https:\/\/twitter.com\/share?text=Seminario%20reuni%C3%B3%20al%20sector%20ovejero%20de%20la%20regi%C3%B3n%20en%20torno%20a%20mejorar%20la%20comercializaci%C3%B3n&#038;url=https:\/\/radiorevelacionfm.cl\/?p=29142' aria-hidden='false' data-av_icon='\ue8f1' data-av_iconfont='entypo-fontello' title='' data-avia-related-tooltip='Compartir en Twitter' rel=\"noopener\"><span class='avia_hidden_link_text'>Compartir en Twitter<\/span><\/a><\/li><li class='av-share-link av-social-link-whatsapp' ><a target=\"_blank\" aria-label=\"Compartir en Whatsapp\" href='https:\/\/api.whatsapp.com\/send?text=https:\/\/radiorevelacionfm.cl\/?p=29142' aria-hidden='false' data-av_icon='\uf232' data-av_iconfont='entypo-fontello' title='' data-avia-related-tooltip='Compartir en Whatsapp' rel=\"noopener\"><span class='avia_hidden_link_text'>Compartir en Whatsapp<\/span><\/a><\/li><li class='av-share-link av-social-link-linkedin' ><a target=\"_blank\" aria-label=\"Compartir en LinkedIn\" href='https:\/\/linkedin.com\/shareArticle?mini=true&#038;title=Seminario%20reuni%C3%B3%20al%20sector%20ovejero%20de%20la%20regi%C3%B3n%20en%20torno%20a%20mejorar%20la%20comercializaci%C3%B3n&#038;url=https:\/\/radiorevelacionfm.cl\/?p=29142' aria-hidden='false' data-av_icon='\ue8fc' data-av_iconfont='entypo-fontello' title='' data-avia-related-tooltip='Compartir en LinkedIn' rel=\"noopener\"><span class='avia_hidden_link_text'>Compartir en LinkedIn<\/span><\/a><\/li><li class='av-share-link av-social-link-mail' ><a  aria-label=\"Compartir por correo\" href='mailto:?subject=Seminario%20reuni%C3%B3%20al%20sector%20ovejero%20de%20la%20regi%C3%B3n%20en%20torno%20a%20mejorar%20la%20comercializaci%C3%B3n&#038;body=https:\/\/radiorevelacionfm.cl\/?p=29142' aria-hidden='false' data-av_icon='\ue805' data-av_iconfont='entypo-fontello' title='' data-avia-related-tooltip='Compartir por correo'><span class='avia_hidden_link_text'>Compartir por correo<\/span><\/a><\/li><\/ul><\/div><\/div>\n<div  style='height:50px' class='hr hr-invisible   avia-builder-el-8  el_after_av_social_share  el_before_av_comments_list '><span class='hr-inner ' ><span class='hr-inner-style'><\/span><\/span><\/div>\n<div  class='av-buildercomment  av-blog-meta-html-info-disabled av-blog-meta-tag-disabled  '><\/div>\n","protected":false},"excerpt":{"rendered":"","protected":false},"author":1,"featured_media":29143,"comment_status":"open","ping_status":"open","sticky":false,"template":"","format":"standard","meta":{"footnotes":""},"categories":[58],"tags":[],"class_list":["post-29142","post","type-post","status-publish","format-standard","has-post-thumbnail","hentry","category-agricultura"],"jetpack_featured_media_url":"https:\/\/radiorevelacionfm.cl\/wp-content\/uploads\/2023\/03\/1z9a8814-1_optimized.jpg","_links":{"self":[{"href":"https:\/\/radiorevelacionfm.cl\/index.php?rest_route=\/wp\/v2\/posts\/29142","targetHints":{"allow":["GET"]}}],"collection":[{"href":"https:\/\/radiorevelacionfm.cl\/index.php?rest_route=\/wp\/v2\/posts"}],"about":[{"href":"https:\/\/radiorevelacionfm.cl\/index.php?rest_route=\/wp\/v2\/types\/post"}],"author":[{"embeddable":true,"href":"https:\/\/radiorevelacionfm.cl\/index.php?rest_route=\/wp\/v2\/users\/1"}],"replies":[{"embeddable":true,"href":"https:\/\/radiorevelacionfm.cl\/index.php?rest_route=%2Fwp%2Fv2%2Fcomments&post=29142"}],"version-history":[{"count":2,"href":"https:\/\/radiorevelacionfm.cl\/index.php?rest_route=\/wp\/v2\/posts\/29142\/revisions"}],"predecessor-version":[{"id":29195,"href":"https:\/\/radiorevelacionfm.cl\/index.php?rest_route=\/wp\/v2\/posts\/29142\/revisions\/29195"}],"wp:featuredmedia":[{"embeddable":true,"href":"https:\/\/radiorevelacionfm.cl\/index.php?rest_route=\/wp\/v2\/media\/29143"}],"wp:attachment":[{"href":"https:\/\/radiorevelacionfm.cl\/index.php?rest_route=%2Fwp%2Fv2%2Fmedia&parent=29142"}],"wp:term":[{"taxonomy":"category","embeddable":true,"href":"https:\/\/radiorevelacionfm.cl\/index.php?rest_route=%2Fwp%2Fv2%2Fcategories&post=29142"},{"taxonomy":"post_tag","embeddable":true,"href":"https:\/\/radiorevelacionfm.cl\/index.php?rest_route=%2Fwp%2Fv2%2Ftags&post=29142"}],"curies":[{"name":"wp","href":"https:\/\/api.w.org\/{rel}","templated":true}]}}