{"id":29138,"date":"2023-03-22T10:00:38","date_gmt":"2023-03-22T13:00:38","guid":{"rendered":"https:\/\/radiorevelacionfm.cl\/?p=29138"},"modified":"2023-03-22T10:00:38","modified_gmt":"2023-03-22T13:00:38","slug":"gobierno-destaca-medidas-de-seguridad-economica-como-una-solucion-concreta-para-las-familias","status":"publish","type":"post","link":"https:\/\/radiorevelacionfm.cl\/?p=29138","title":{"rendered":"Gobierno destaca medidas de seguridad econ\u00f3mica como una soluci\u00f3n concreta para las familias"},"content":{"rendered":"<div class=\"flex_column av_one_full  flex_column_div av-zero-column-padding first  avia-builder-el-0  el_before_av_one_full  avia-builder-el-first  \" style='border-radius:0px; '><div  class='avia-image-container  av-styling-    avia-builder-el-1  avia-builder-el-no-sibling  avia-align-center '  itemprop=\"image\" itemscope=\"itemscope\" itemtype=\"https:\/\/schema.org\/ImageObject\"  ><div class='avia-image-container-inner'><div class='avia-image-overlay-wrap'><img decoding=\"async\" class='wp-image-29139 avia-img-lazy-loading-not-29139 avia_image' src=\"https:\/\/radiorevelacionfm.cl\/wp-content\/uploads\/2023\/03\/delegado-seremi-benficiarios-1_optimized.jpeg\" alt='' title='delegado - -seremi - -benficiarios-(1)_optimized' height=\"600\" width=\"1196\"  itemprop=\"thumbnailUrl\" srcset=\"https:\/\/radiorevelacionfm.cl\/wp-content\/uploads\/2023\/03\/delegado-seremi-benficiarios-1_optimized.jpeg 1196w, https:\/\/radiorevelacionfm.cl\/wp-content\/uploads\/2023\/03\/delegado-seremi-benficiarios-1_optimized-300x151.jpeg 300w, https:\/\/radiorevelacionfm.cl\/wp-content\/uploads\/2023\/03\/delegado-seremi-benficiarios-1_optimized-1030x517.jpeg 1030w, https:\/\/radiorevelacionfm.cl\/wp-content\/uploads\/2023\/03\/delegado-seremi-benficiarios-1_optimized-768x385.jpeg 768w, https:\/\/radiorevelacionfm.cl\/wp-content\/uploads\/2023\/03\/delegado-seremi-benficiarios-1_optimized-705x354.jpeg 705w, https:\/\/radiorevelacionfm.cl\/wp-content\/uploads\/2023\/03\/delegado-seremi-benficiarios-1_optimized-600x301.jpeg 600w\" sizes=\"(max-width: 1196px) 100vw, 1196px\" \/><\/div><\/div><\/div><\/div><div class=\"flex_column av_one_full  flex_column_div av-zero-column-padding first  avia-builder-el-2  el_after_av_one_full  el_before_av_one_full  column-top-margin\" style='border-radius:0px; '><section class=\"av_textblock_section \"  itemscope=\"itemscope\" itemtype=\"https:\/\/schema.org\/BlogPosting\" itemprop=\"blogPost\" ><div class='avia_textblock  '   itemprop=\"text\" ><p style=\"text-align: center;\"><strong><span style=\"font-size: 18pt;\">Gobierno destaca medidas de seguridad econ\u00f3mica como una soluci\u00f3n concreta para las familias<\/span><\/strong><\/p>\n<div id=\"gtx-trans\" style=\"position: absolute; left: -50px; top: 4.31534px;\">\n<div class=\"gtx-trans-icon\"><\/div>\n<\/div>\n<\/div><\/section><\/div><div class=\"flex_column av_one_full  flex_column_div av-zero-column-padding first  avia-builder-el-4  el_after_av_one_full  el_before_av_hr  column-top-margin\" style='border-radius:0px; '><section class=\"av_textblock_section \"  itemscope=\"itemscope\" itemtype=\"https:\/\/schema.org\/BlogPosting\" itemprop=\"blogPost\" ><div class='avia_textblock  '   itemprop=\"text\" ><p style=\"text-align: justify;\">El doble del Aporte Familiar Permanente, la creaci\u00f3n de un Bolsillo Familiar Electr\u00f3nico y el aumento y ampliaci\u00f3n de la Asignaci\u00f3n y del Subsidio \u00danico Familiar son parte de las buenas noticias con las que cierra marzo.<\/p>\n<p style=\"text-align: justify;\">\u201cEstamos avanzando en seguridad econ\u00f3mica con soluciones concretas para las urgencias de las personas\u201d, as\u00ed fue descrito por el Delegado Presidencial Regional (S), Samuel Navarro Castro y la SEREMI de Desarrollo Social y Familia, Karina Acevedo Auad, el esfuerzo desarrollado por el Gobierno del Presidente Gabriel Boric luego de la aprobaci\u00f3n en el congreso del aporte Familiar Permanente, el Bolsillo Familiar Electr\u00f3nico y el aumento del 20% del Subsidio \u00danico Familiar y la Asignaci\u00f3n Familiar, medidas que vienen a sumarse a la extensi\u00f3n del plazo de postulaci\u00f3n para que nuevas personas puedan acceder al IFE Laboral y al Subsidio Protege, adem\u00e1s de los nuevos convenios con farmacias para aumentar de 2.700 a 6.900 los medicamentos con descuentos a lo largo de todo el pa\u00eds.<\/p>\n<p style=\"text-align: justify;\">Samuel Navarro Castro, Delegado Presidencial Regional (S) en Ays\u00e9n, explic\u00f3 que los ejes del presupuesto 2023 son seguridad econ\u00f3mica, seguridad ciudadana y seguridad social por lo que anuncios como la aprobaci\u00f3n de este paquete de medidas en el Congreso Nacional son el cumplimiento de un compromiso asumido con la sociedad chilena. \u201cEstamos cumpliendo uno de los compromisos que hab\u00edamos adquirido con las familias que habitan el territorio, un aporte permanente en el mes de marzo donde se refuerza con otras medidas para ir en apoyo y ayuda a todas las familias que requieren un aporte extraordinario en un mes que aumenta considerablemente el gasto. As\u00ed que esperamos ahora la pronta promulgaci\u00f3n de este proyecto de ley que fue aprobado en el parlamento para su publicaci\u00f3n y puesta en marcha en directo beneficio de los aiseninos y aiseninas\u201d.<\/p>\n<p style=\"text-align: justify;\">Por su parte Karina Acevedo Auad, Seremi de Desarrollo social y Familia en Ays\u00e9n, explic\u00f3 que lo aprobado en el congreso es parte de una serie de medidas propuestas por el Presidente Gabriel Boric que expresan el trabajo por generar soluciones que apoyen y sean un alivio para la seguridad econ\u00f3mica de los hogares. \u201cLa entrega extraordinaria de un segundo pago del Aporte Familiar Permanente, ex Bono Marzo, de $60.000 que beneficiar\u00e1 a m\u00e1s de 1.500.000 familias; la creaci\u00f3n Bolsillo Familiar Electr\u00f3nico, que consiste en una transferencia directa de dinero a la cuenta Rut de $13.500 mensuales por carga familiar o el aumento permanente del 20% de la Asignaci\u00f3n Familiar y del Subsidio \u00danico Familiar, son soluciones concretas para las urgencias de las personas\u201d.<\/p>\n<p style=\"text-align: justify;\">Cabe destacar que otras medidas de beneficios para las familias, que no est\u00e1n incluidas en el proyecto de ley y que ya comenzaron a implementarse son a extensi\u00f3n del plazo de postulaci\u00f3n para que nuevas personas puedan acceder al IFE Laboral y al Subsidio Protege, durante todo el primer semestre de 2023; los nuevos convenios con farmacias para aumentar de 2.700 a 6.900 los medicamentos con descuentos, lo que disminuir\u00e1 en un 32% su promedio su valor o las medidas que ampliar\u00e1n el Programa de Alimentaci\u00f3n Escolar a 50 mil ni\u00f1as y ni\u00f1os de pre-kinder y kinder de colegios p\u00fablicos, adem\u00e1s, del aumento en $5.000 m\u00e1s la Beca de Alimentaci\u00f3n para la Educaci\u00f3n Superior y la creaci\u00f3n de un fondo especial de garant\u00edas estatales de $50 mil millones para respaldar cr\u00e9ditos del sector de la construcci\u00f3n y as\u00ed generar nuevos empleos.<\/p>\n<\/div><\/section><\/div><div  style='height:50px' class='hr hr-invisible   avia-builder-el-6  el_after_av_one_full  el_before_av_social_share '><span class='hr-inner ' ><span class='hr-inner-style'><\/span><\/span><\/div><\/p>\n<div  class='av-social-sharing-box  avia-builder-el-7  el_after_av_hr  el_before_av_hr  '><div class='av-share-box'><h5 class='av-share-link-description av-no-toc '>Compartir esta noticia<\/h5><ul class='av-share-box-list noLightbox'><li class='av-share-link av-social-link-facebook' ><a target=\"_blank\" aria-label=\"Compartir en Facebook\" href='https:\/\/www.facebook.com\/sharer.php?u=https:\/\/radiorevelacionfm.cl\/?p=29138&#038;t=Gobierno%20destaca%20medidas%20de%20seguridad%20econ%C3%B3mica%20como%20una%20soluci%C3%B3n%20concreta%20para%20las%20familias' aria-hidden='false' data-av_icon='\ue8f3' data-av_iconfont='entypo-fontello' title='' data-avia-related-tooltip='Compartir en Facebook' rel=\"noopener\"><span class='avia_hidden_link_text'>Compartir en Facebook<\/span><\/a><\/li><li class='av-share-link av-social-link-twitter' ><a target=\"_blank\" aria-label=\"Compartir en Twitter\" href='https:\/\/twitter.com\/share?text=Gobierno%20destaca%20medidas%20de%20seguridad%20econ%C3%B3mica%20como%20una%20soluci%C3%B3n%20concreta%20para%20las%20familias&#038;url=https:\/\/radiorevelacionfm.cl\/?p=29138' aria-hidden='false' data-av_icon='\ue8f1' data-av_iconfont='entypo-fontello' title='' data-avia-related-tooltip='Compartir en Twitter' rel=\"noopener\"><span class='avia_hidden_link_text'>Compartir en Twitter<\/span><\/a><\/li><li class='av-share-link av-social-link-whatsapp' ><a target=\"_blank\" aria-label=\"Compartir en Whatsapp\" href='https:\/\/api.whatsapp.com\/send?text=https:\/\/radiorevelacionfm.cl\/?p=29138' aria-hidden='false' data-av_icon='\uf232' data-av_iconfont='entypo-fontello' title='' data-avia-related-tooltip='Compartir en Whatsapp' rel=\"noopener\"><span class='avia_hidden_link_text'>Compartir en Whatsapp<\/span><\/a><\/li><li class='av-share-link av-social-link-linkedin' ><a target=\"_blank\" aria-label=\"Compartir en LinkedIn\" href='https:\/\/linkedin.com\/shareArticle?mini=true&#038;title=Gobierno%20destaca%20medidas%20de%20seguridad%20econ%C3%B3mica%20como%20una%20soluci%C3%B3n%20concreta%20para%20las%20familias&#038;url=https:\/\/radiorevelacionfm.cl\/?p=29138' aria-hidden='false' data-av_icon='\ue8fc' data-av_iconfont='entypo-fontello' title='' data-avia-related-tooltip='Compartir en LinkedIn' rel=\"noopener\"><span class='avia_hidden_link_text'>Compartir en LinkedIn<\/span><\/a><\/li><li class='av-share-link av-social-link-mail' ><a  aria-label=\"Compartir por correo\" href='mailto:?subject=Gobierno%20destaca%20medidas%20de%20seguridad%20econ%C3%B3mica%20como%20una%20soluci%C3%B3n%20concreta%20para%20las%20familias&#038;body=https:\/\/radiorevelacionfm.cl\/?p=29138' aria-hidden='false' data-av_icon='\ue805' data-av_iconfont='entypo-fontello' title='' data-avia-related-tooltip='Compartir por correo'><span class='avia_hidden_link_text'>Compartir por correo<\/span><\/a><\/li><\/ul><\/div><\/div>\n<div  style='height:50px' class='hr hr-invisible   avia-builder-el-8  el_after_av_social_share  el_before_av_comments_list '><span class='hr-inner ' ><span class='hr-inner-style'><\/span><\/span><\/div>\n<div  class='av-buildercomment  av-blog-meta-html-info-disabled av-blog-meta-tag-disabled  '><\/div>\n","protected":false},"excerpt":{"rendered":"","protected":false},"author":1,"featured_media":29139,"comment_status":"open","ping_status":"open","sticky":false,"template":"","format":"standard","meta":{"footnotes":""},"categories":[38],"tags":[],"class_list":["post-29138","post","type-post","status-publish","format-standard","has-post-thumbnail","hentry","category-regional"],"jetpack_featured_media_url":"https:\/\/radiorevelacionfm.cl\/wp-content\/uploads\/2023\/03\/delegado-seremi-benficiarios-1_optimized.jpeg","_links":{"self":[{"href":"https:\/\/radiorevelacionfm.cl\/index.php?rest_route=\/wp\/v2\/posts\/29138","targetHints":{"allow":["GET"]}}],"collection":[{"href":"https:\/\/radiorevelacionfm.cl\/index.php?rest_route=\/wp\/v2\/posts"}],"about":[{"href":"https:\/\/radiorevelacionfm.cl\/index.php?rest_route=\/wp\/v2\/types\/post"}],"author":[{"embeddable":true,"href":"https:\/\/radiorevelacionfm.cl\/index.php?rest_route=\/wp\/v2\/users\/1"}],"replies":[{"embeddable":true,"href":"https:\/\/radiorevelacionfm.cl\/index.php?rest_route=%2Fwp%2Fv2%2Fcomments&post=29138"}],"version-history":[{"count":2,"href":"https:\/\/radiorevelacionfm.cl\/index.php?rest_route=\/wp\/v2\/posts\/29138\/revisions"}],"predecessor-version":[{"id":29186,"href":"https:\/\/radiorevelacionfm.cl\/index.php?rest_route=\/wp\/v2\/posts\/29138\/revisions\/29186"}],"wp:featuredmedia":[{"embeddable":true,"href":"https:\/\/radiorevelacionfm.cl\/index.php?rest_route=\/wp\/v2\/media\/29139"}],"wp:attachment":[{"href":"https:\/\/radiorevelacionfm.cl\/index.php?rest_route=%2Fwp%2Fv2%2Fmedia&parent=29138"}],"wp:term":[{"taxonomy":"category","embeddable":true,"href":"https:\/\/radiorevelacionfm.cl\/index.php?rest_route=%2Fwp%2Fv2%2Fcategories&post=29138"},{"taxonomy":"post_tag","embeddable":true,"href":"https:\/\/radiorevelacionfm.cl\/index.php?rest_route=%2Fwp%2Fv2%2Ftags&post=29138"}],"curies":[{"name":"wp","href":"https:\/\/api.w.org\/{rel}","templated":true}]}}