{"id":29134,"date":"2023-03-21T18:19:07","date_gmt":"2023-03-21T21:19:07","guid":{"rendered":"https:\/\/radiorevelacionfm.cl\/?p=29134"},"modified":"2023-03-21T18:19:07","modified_gmt":"2023-03-21T21:19:07","slug":"agrupacion-de-mujeres-las-maravillas-de-puerto-aysen-recibe-reconocimiento-al-mejor-proyecto-ejecutado-del-fondo-de-proteccion-ambiental-en-la-region-de-aysen","status":"publish","type":"post","link":"https:\/\/radiorevelacionfm.cl\/?p=29134","title":{"rendered":"Agrupaci\u00f3n de mujeres \u201cLas Maravillas\u201d de Puerto Ays\u00e9n, recibe reconocimiento al mejor proyecto ejecutado del Fondo de Protecci\u00f3n Ambiental en la regi\u00f3n de Ays\u00e9n"},"content":{"rendered":"<div class=\"flex_column av_one_full  flex_column_div av-zero-column-padding first  avia-builder-el-0  el_before_av_one_full  avia-builder-el-first  \" style='border-radius:0px; '><div  class='avia-image-container  av-styling-    avia-builder-el-1  avia-builder-el-no-sibling  avia-align-center '  itemprop=\"image\" itemscope=\"itemscope\" itemtype=\"https:\/\/schema.org\/ImageObject\"  ><div class='avia-image-container-inner'><div class='avia-image-overlay-wrap'><img decoding=\"async\" class='wp-image-29135 avia-img-lazy-loading-not-29135 avia_image' src=\"https:\/\/radiorevelacionfm.cl\/wp-content\/uploads\/2023\/03\/img_3499-1-1_optimized-1.jpg\" alt='' title='img_3499-(1)-(1)_optimized (1)' height=\"600\" width=\"1067\"  itemprop=\"thumbnailUrl\" srcset=\"https:\/\/radiorevelacionfm.cl\/wp-content\/uploads\/2023\/03\/img_3499-1-1_optimized-1.jpg 1067w, https:\/\/radiorevelacionfm.cl\/wp-content\/uploads\/2023\/03\/img_3499-1-1_optimized-1-300x169.jpg 300w, https:\/\/radiorevelacionfm.cl\/wp-content\/uploads\/2023\/03\/img_3499-1-1_optimized-1-1030x579.jpg 1030w, https:\/\/radiorevelacionfm.cl\/wp-content\/uploads\/2023\/03\/img_3499-1-1_optimized-1-768x432.jpg 768w, https:\/\/radiorevelacionfm.cl\/wp-content\/uploads\/2023\/03\/img_3499-1-1_optimized-1-705x396.jpg 705w, https:\/\/radiorevelacionfm.cl\/wp-content\/uploads\/2023\/03\/img_3499-1-1_optimized-1-600x337.jpg 600w\" sizes=\"(max-width: 1067px) 100vw, 1067px\" \/><\/div><\/div><\/div><\/div><div class=\"flex_column av_one_full  flex_column_div av-zero-column-padding first  avia-builder-el-2  el_after_av_one_full  el_before_av_one_full  column-top-margin\" style='border-radius:0px; '><section class=\"av_textblock_section \"  itemscope=\"itemscope\" itemtype=\"https:\/\/schema.org\/BlogPosting\" itemprop=\"blogPost\" ><div class='avia_textblock  '   itemprop=\"text\" ><p style=\"text-align: center;\"><span style=\"font-size: 18pt;\"><strong>Agrupaci\u00f3n de mujeres \u201cLas Maravillas\u201d de Puerto Ays\u00e9n, recibe reconocimiento al mejor proyecto ejecutado del Fondo de Protecci\u00f3n Ambiental en la regi\u00f3n de Ays\u00e9n<\/strong><\/span><\/p>\n<div id=\"gtx-trans\" style=\"position: absolute; left: -50px; top: 4.31534px;\">\n<div class=\"gtx-trans-icon\"><\/div>\n<\/div>\n<\/div><\/section><\/div><div class=\"flex_column av_one_full  flex_column_div av-zero-column-padding first  avia-builder-el-4  el_after_av_one_full  el_before_av_hr  column-top-margin\" style='border-radius:0px; '><section class=\"av_textblock_section \"  itemscope=\"itemscope\" itemtype=\"https:\/\/schema.org\/BlogPosting\" itemprop=\"blogPost\" ><div class='avia_textblock  '   itemprop=\"text\" ><p style=\"text-align: justify;\">Como una de las actividades de marzo, #MesDelClima, el SEREMI del Medio Ambiente de la regi\u00f3n de Ays\u00e9n, Juli\u00e1n C\u00e1rdenas, lleg\u00f3 junto a su equipo a la feria hort\u00edcola de la Agrupaci\u00f3n de mujeres campesinas y emprendedoras \u201cLas Maravillas\u201d de Puerto Ays\u00e9n, para reconocer su iniciativa del Fondo de Protecci\u00f3n Ambiental FPA, como la mejor ejecutada en nuestra regi\u00f3n, atendido a su importante aporte a la generaci\u00f3n de una cultura ambiental al visibilizar t\u00e9cnicas sustentables de cultivo comunitario.<\/p>\n<p style=\"text-align: justify;\">El proyecto \u201cHuerto piloto de producci\u00f3n de alm\u00e1cigos y hortalizas, con sistema de captaci\u00f3n de agua lluvia, riego por aspersi\u00f3n y compostera\u201d desarrollado por la agrupaci\u00f3n, consider\u00f3 la realizaci\u00f3n de talleres y charlas abiertas a la comunidad local, cumpliendo as\u00ed el sentido del fondo concursable, destinado a apoyar iniciativas ciudadanas orientadas a la protecci\u00f3n del medio ambiente, el desarrollo sustentable y la preservaci\u00f3n de la naturaleza con un enfoque local y comunitario. La iniciativa adjudicada a trav\u00e9s del Concurso Iniciativas Sustentables Ciudadanas del FPA, otorg\u00f3 a la agrupaci\u00f3n $4.000.000.- para construir e implementar un invernadero comunitario y estructuras de compostaje que les permitieran trabajar entre las asociadas e incluir a parte de la comunidad tem\u00e1ticas de producci\u00f3n limpia y educaci\u00f3n ambiental.<\/p>\n<p style=\"text-align: justify;\">Dentro del invernadero que contin\u00faa promoviendo educaci\u00f3n ambiental y buenas pr\u00e1cticas, el SEREMI del Medio Ambiente entreg\u00f3 el galvano \u201cCarolina Hazard\u201d a la agrupaci\u00f3n y recalc\u00f3 \u201ceste es el primer proyecto que me toc\u00f3 ver en terreno como SEREMI del Medio Ambiente y por eso mismo guardo un cari\u00f1o muy particular con este proyecto, porque vi lo que se puede hacer a partir del trabajo de equipo, coordinado y orientado a la educaci\u00f3n ambiental y a mejorar la forma en la cual producimos\u201d, afirm\u00f3 C\u00e1rdenas, resaltando la necesidad de seguir potenciando iniciativas tan completas y transversales como la vigente huerta de Las Maravillas\u00a0 \u201ces un trabajo que s\u00ed o s\u00ed tenemos que continuar impulsando, especialmente en grupos como este, de mujeres que est\u00e1n impulsando cambios significativos sobre c\u00f3mo cuidamos nuestra naturaleza, c\u00f3mo nos relacionamos con el medio, c\u00f3mo hacemos cargo de nuestro residuos a partir del compostaje y un sinf\u00edn de labores que se realizan ac\u00e1 y son fundamentales\u201d.<\/p>\n<p style=\"text-align: justify;\">El reconocimiento busca perdurar el legado de Carolina Hazard Vergara, quien falleci\u00f3 en agosto de 2021 y que se desempe\u00f1\u00f3 14 a\u00f1os en la SEREMI del Medio Ambiente de la Regi\u00f3n de la Araucan\u00eda, como Encargada de Seguimiento de Administraci\u00f3n de Carteras de Proyectos de los Fondos de Protecci\u00f3n Ambiental, en el \u00e1rea de Educaci\u00f3n Ambiental. As\u00ed, se materializa en un galvano que se entrega a las organizaciones ejecutoras de proyectos FPA destacados, que hayan cumplido sus actividades con una amplia participaci\u00f3n de la comunidad y de otras organizaciones, que tambi\u00e9n han generado un impacto ambiental positivo en su territorio.<\/p>\n<p style=\"text-align: justify;\">Por su parte, la Presidenta de la agrupaci\u00f3n \u201cLas Maravillas\u201d, Gladys Mardones, agradeci\u00f3 el reconocimiento e invit\u00f3 a los centros educativos a seguir trabajando en conjunto \u201cdar las gracias por el reconocimiento hermoso y bueno, nosotras seguimos trabajando, queremos seguir invitando a aprender con nosotras (\u2026)\u00a0 recibimos visitas y les ense\u00f1amos a hacer plantitas, les educamos sobre plantines y queremos seguir recibiendo visitas, as\u00ed que ah\u00ed vamos a empezar a agendar visitas de jardines sobre todo, porque la educaci\u00f3n empieza desde chiquititos, y hay que decirles lo importante que es cuidar el medio ambiente, y qu\u00e9 mejor forma de hacerlo que trabajando en la tierra\u201d, concluy\u00f3.<\/p>\n<\/div><\/section><\/div><div  style='height:50px' class='hr hr-invisible   avia-builder-el-6  el_after_av_one_full  el_before_av_social_share '><span class='hr-inner ' ><span class='hr-inner-style'><\/span><\/span><\/div><\/p>\n<div  class='av-social-sharing-box  avia-builder-el-7  el_after_av_hr  el_before_av_hr  '><div class='av-share-box'><h5 class='av-share-link-description av-no-toc '>Compartir esta noticia<\/h5><ul class='av-share-box-list noLightbox'><li class='av-share-link av-social-link-facebook' ><a target=\"_blank\" aria-label=\"Compartir en Facebook\" href='https:\/\/www.facebook.com\/sharer.php?u=https:\/\/radiorevelacionfm.cl\/?p=29134&#038;t=Agrupaci%C3%B3n%20de%20mujeres%20%E2%80%9CLas%20Maravillas%E2%80%9D%20de%20Puerto%20Ays%C3%A9n%2C%20recibe%20reconocimiento%20al%20mejor%20proyecto%20ejecutado%20del%20Fondo%20de%20Protecci%C3%B3n%20Ambiental%20en%20la%20regi%C3%B3n%20de%20Ays%C3%A9n' aria-hidden='false' data-av_icon='\ue8f3' data-av_iconfont='entypo-fontello' title='' data-avia-related-tooltip='Compartir en Facebook' rel=\"noopener\"><span class='avia_hidden_link_text'>Compartir en Facebook<\/span><\/a><\/li><li class='av-share-link av-social-link-twitter' ><a target=\"_blank\" aria-label=\"Compartir en Twitter\" href='https:\/\/twitter.com\/share?text=Agrupaci%C3%B3n%20de%20mujeres%20%E2%80%9CLas%20Maravillas%E2%80%9D%20de%20Puerto%20Ays%C3%A9n%2C%20recibe%20reconocimiento%20al%20mejor%20proyecto%20ejecutado%20del%20Fondo%20de%20Protecci%C3%B3n%20Ambiental%20en%20la%20regi%C3%B3n%20de%20Ays%C3%A9n&#038;url=https:\/\/radiorevelacionfm.cl\/?p=29134' aria-hidden='false' data-av_icon='\ue8f1' data-av_iconfont='entypo-fontello' title='' data-avia-related-tooltip='Compartir en Twitter' rel=\"noopener\"><span class='avia_hidden_link_text'>Compartir en Twitter<\/span><\/a><\/li><li class='av-share-link av-social-link-whatsapp' ><a target=\"_blank\" aria-label=\"Compartir en Whatsapp\" href='https:\/\/api.whatsapp.com\/send?text=https:\/\/radiorevelacionfm.cl\/?p=29134' aria-hidden='false' data-av_icon='\uf232' data-av_iconfont='entypo-fontello' title='' data-avia-related-tooltip='Compartir en Whatsapp' rel=\"noopener\"><span class='avia_hidden_link_text'>Compartir en Whatsapp<\/span><\/a><\/li><li class='av-share-link av-social-link-linkedin' ><a target=\"_blank\" aria-label=\"Compartir en LinkedIn\" href='https:\/\/linkedin.com\/shareArticle?mini=true&#038;title=Agrupaci%C3%B3n%20de%20mujeres%20%E2%80%9CLas%20Maravillas%E2%80%9D%20de%20Puerto%20Ays%C3%A9n%2C%20recibe%20reconocimiento%20al%20mejor%20proyecto%20ejecutado%20del%20Fondo%20de%20Protecci%C3%B3n%20Ambiental%20en%20la%20regi%C3%B3n%20de%20Ays%C3%A9n&#038;url=https:\/\/radiorevelacionfm.cl\/?p=29134' aria-hidden='false' data-av_icon='\ue8fc' data-av_iconfont='entypo-fontello' title='' data-avia-related-tooltip='Compartir en LinkedIn' rel=\"noopener\"><span class='avia_hidden_link_text'>Compartir en LinkedIn<\/span><\/a><\/li><li class='av-share-link av-social-link-mail' ><a  aria-label=\"Compartir por correo\" href='mailto:?subject=Agrupaci%C3%B3n%20de%20mujeres%20%E2%80%9CLas%20Maravillas%E2%80%9D%20de%20Puerto%20Ays%C3%A9n%2C%20recibe%20reconocimiento%20al%20mejor%20proyecto%20ejecutado%20del%20Fondo%20de%20Protecci%C3%B3n%20Ambiental%20en%20la%20regi%C3%B3n%20de%20Ays%C3%A9n&#038;body=https:\/\/radiorevelacionfm.cl\/?p=29134' aria-hidden='false' data-av_icon='\ue805' data-av_iconfont='entypo-fontello' title='' data-avia-related-tooltip='Compartir por correo'><span class='avia_hidden_link_text'>Compartir por correo<\/span><\/a><\/li><\/ul><\/div><\/div>\n<div  style='height:50px' class='hr hr-invisible   avia-builder-el-8  el_after_av_social_share  el_before_av_comments_list '><span class='hr-inner ' ><span class='hr-inner-style'><\/span><\/span><\/div>\n<div  class='av-buildercomment  av-blog-meta-html-info-disabled av-blog-meta-tag-disabled  '><\/div>\n","protected":false},"excerpt":{"rendered":"","protected":false},"author":1,"featured_media":29135,"comment_status":"open","ping_status":"open","sticky":false,"template":"","format":"standard","meta":{"footnotes":""},"categories":[39],"tags":[],"class_list":["post-29134","post","type-post","status-publish","format-standard","has-post-thumbnail","hentry","category-medio-ambiente"],"jetpack_featured_media_url":"https:\/\/radiorevelacionfm.cl\/wp-content\/uploads\/2023\/03\/img_3499-1-1_optimized-1.jpg","_links":{"self":[{"href":"https:\/\/radiorevelacionfm.cl\/index.php?rest_route=\/wp\/v2\/posts\/29134","targetHints":{"allow":["GET"]}}],"collection":[{"href":"https:\/\/radiorevelacionfm.cl\/index.php?rest_route=\/wp\/v2\/posts"}],"about":[{"href":"https:\/\/radiorevelacionfm.cl\/index.php?rest_route=\/wp\/v2\/types\/post"}],"author":[{"embeddable":true,"href":"https:\/\/radiorevelacionfm.cl\/index.php?rest_route=\/wp\/v2\/users\/1"}],"replies":[{"embeddable":true,"href":"https:\/\/radiorevelacionfm.cl\/index.php?rest_route=%2Fwp%2Fv2%2Fcomments&post=29134"}],"version-history":[{"count":2,"href":"https:\/\/radiorevelacionfm.cl\/index.php?rest_route=\/wp\/v2\/posts\/29134\/revisions"}],"predecessor-version":[{"id":29157,"href":"https:\/\/radiorevelacionfm.cl\/index.php?rest_route=\/wp\/v2\/posts\/29134\/revisions\/29157"}],"wp:featuredmedia":[{"embeddable":true,"href":"https:\/\/radiorevelacionfm.cl\/index.php?rest_route=\/wp\/v2\/media\/29135"}],"wp:attachment":[{"href":"https:\/\/radiorevelacionfm.cl\/index.php?rest_route=%2Fwp%2Fv2%2Fmedia&parent=29134"}],"wp:term":[{"taxonomy":"category","embeddable":true,"href":"https:\/\/radiorevelacionfm.cl\/index.php?rest_route=%2Fwp%2Fv2%2Fcategories&post=29134"},{"taxonomy":"post_tag","embeddable":true,"href":"https:\/\/radiorevelacionfm.cl\/index.php?rest_route=%2Fwp%2Fv2%2Ftags&post=29134"}],"curies":[{"name":"wp","href":"https:\/\/api.w.org\/{rel}","templated":true}]}}