{"id":29131,"date":"2023-03-21T19:34:15","date_gmt":"2023-03-21T22:34:15","guid":{"rendered":"https:\/\/radiorevelacionfm.cl\/?p=29131"},"modified":"2023-03-21T19:34:15","modified_gmt":"2023-03-21T22:34:15","slug":"buena-acogida-entre-vecinos-ha-tenido-la-extension-del-horario-de-atencion-del-municipio-aysenino","status":"publish","type":"post","link":"https:\/\/radiorevelacionfm.cl\/?p=29131","title":{"rendered":"Buena acogida entre vecinos ha tenido la extensi\u00f3n del horario de atenci\u00f3n del municipio aysenino"},"content":{"rendered":"<div class=\"flex_column av_one_full  flex_column_div av-zero-column-padding first  avia-builder-el-0  el_before_av_one_full  avia-builder-el-first  \" style='border-radius:0px; '><div  class='avia-image-container  av-styling-    avia-builder-el-1  avia-builder-el-no-sibling  avia-align-center '  itemprop=\"image\" itemscope=\"itemscope\" itemtype=\"https:\/\/schema.org\/ImageObject\"  ><div class='avia-image-container-inner'><div class='avia-image-overlay-wrap'><img decoding=\"async\" class='wp-image-29132 avia-img-lazy-loading-not-29132 avia_image' src=\"https:\/\/radiorevelacionfm.cl\/wp-content\/uploads\/2023\/03\/PXL_20230316_154508188-1-1.jpg\" alt='' title='PXL_20230316_154508188 (1) (1)' height=\"600\" width=\"866\"  itemprop=\"thumbnailUrl\" srcset=\"https:\/\/radiorevelacionfm.cl\/wp-content\/uploads\/2023\/03\/PXL_20230316_154508188-1-1.jpg 866w, https:\/\/radiorevelacionfm.cl\/wp-content\/uploads\/2023\/03\/PXL_20230316_154508188-1-1-300x208.jpg 300w, https:\/\/radiorevelacionfm.cl\/wp-content\/uploads\/2023\/03\/PXL_20230316_154508188-1-1-768x532.jpg 768w, https:\/\/radiorevelacionfm.cl\/wp-content\/uploads\/2023\/03\/PXL_20230316_154508188-1-1-705x488.jpg 705w, https:\/\/radiorevelacionfm.cl\/wp-content\/uploads\/2023\/03\/PXL_20230316_154508188-1-1-600x416.jpg 600w\" sizes=\"(max-width: 866px) 100vw, 866px\" \/><\/div><\/div><\/div><\/div><div class=\"flex_column av_one_full  flex_column_div av-zero-column-padding first  avia-builder-el-2  el_after_av_one_full  el_before_av_one_full  column-top-margin\" style='border-radius:0px; '><section class=\"av_textblock_section \"  itemscope=\"itemscope\" itemtype=\"https:\/\/schema.org\/BlogPosting\" itemprop=\"blogPost\" ><div class='avia_textblock  '   itemprop=\"text\" ><p style=\"text-align: center;\"><strong><span style=\"font-size: 18pt;\">Buena acogida entre vecinos ha tenido la extensi\u00f3n del horario de atenci\u00f3n del municipio aysenino<\/span><\/strong><\/p>\n<div id=\"gtx-trans\" style=\"position: absolute; left: -50px; top: 4.31534px;\">\n<div class=\"gtx-trans-icon\"><\/div>\n<\/div>\n<\/div><\/section><\/div><div class=\"flex_column av_one_full  flex_column_div av-zero-column-padding first  avia-builder-el-4  el_after_av_one_full  el_before_av_hr  column-top-margin\" style='border-radius:0px; '><section class=\"av_textblock_section \"  itemscope=\"itemscope\" itemtype=\"https:\/\/schema.org\/BlogPosting\" itemprop=\"blogPost\" ><div class='avia_textblock  '   itemprop=\"text\" ><p style=\"text-align: justify;\">A partir del lunes 13 de marzo pasado, la Municipalidad de Ays\u00e9n retom\u00f3 el horario de atenci\u00f3n a p\u00fablico que tuvo en el per\u00edodo pre pandemia, retomando el bloque de la tarde, lo cual ha tenido una buena recepci\u00f3n por parte de la comunidad.<\/p>\n<p style=\"text-align: justify;\">Esto ha permitido agilizar la atenci\u00f3n de los requerimientos de vecinos, especialmente debido a que durante este mes se realizan los pagos del Permiso de Circulaci\u00f3n. Ante esto, desde la Direcci\u00f3n de Tr\u00e1nsito insistieron en el llamado a preferir pagar a trav\u00e9s de puertoaysen.cl para evitar filas.<\/p>\n<p style=\"text-align: justify;\">La reducci\u00f3n del horario de atenci\u00f3n a p\u00fablico se hab\u00eda realizado a ra\u00edz de la pandemia del Covid-19, cuando las disposiciones sanitarias del Plan Paso a Paso establec\u00edan limitaciones a la capacidad de atenci\u00f3n presencial para proteger la salud de las personas, eliminando el bloque de atenci\u00f3n de la tarde.<\/p>\n<p style=\"text-align: justify;\">\u201cMe parece s\u00faper bueno, porque una trabaja y a veces no alcanza el tiempo para hacer los tr\u00e1mites\u201d, indic\u00f3 Beatriz Gonz\u00e1lez, quien junto a m\u00e1s personas ya concurren a las dependencias de la Municipalidad en el horario de 14:30 a 16:00.<\/p>\n<p style=\"text-align: justify;\">Actualmente, el horario de atenci\u00f3n a p\u00fablico en los diferentes departamentos y direcciones de la Municipalidad queda dispuesto de la siguiente manera:<\/p>\n<p style=\"text-align: justify;\"><strong>Lunes a Viernes<\/strong><\/p>\n<p style=\"text-align: justify;\"><strong>Ma\u00f1ana: <\/strong>de 08:30 a 13:00<\/p>\n<p style=\"text-align: justify;\"><strong>Tarde:<\/strong> de 14:30 a 16:00<\/p>\n<\/div><\/section><\/div><div  style='height:50px' class='hr hr-invisible   avia-builder-el-6  el_after_av_one_full  el_before_av_social_share '><span class='hr-inner ' ><span class='hr-inner-style'><\/span><\/span><\/div><\/p>\n<div  class='av-social-sharing-box  avia-builder-el-7  el_after_av_hr  el_before_av_hr  '><div class='av-share-box'><h5 class='av-share-link-description av-no-toc '>Compartir esta noticia<\/h5><ul class='av-share-box-list noLightbox'><li class='av-share-link av-social-link-facebook' ><a target=\"_blank\" aria-label=\"Compartir en Facebook\" href='https:\/\/www.facebook.com\/sharer.php?u=https:\/\/radiorevelacionfm.cl\/?p=29131&#038;t=Buena%20acogida%20entre%20vecinos%20ha%20tenido%20la%20extensi%C3%B3n%20del%20horario%20de%20atenci%C3%B3n%20del%20municipio%20aysenino' aria-hidden='false' data-av_icon='\ue8f3' data-av_iconfont='entypo-fontello' title='' data-avia-related-tooltip='Compartir en Facebook' rel=\"noopener\"><span class='avia_hidden_link_text'>Compartir en Facebook<\/span><\/a><\/li><li class='av-share-link av-social-link-twitter' ><a target=\"_blank\" aria-label=\"Compartir en Twitter\" href='https:\/\/twitter.com\/share?text=Buena%20acogida%20entre%20vecinos%20ha%20tenido%20la%20extensi%C3%B3n%20del%20horario%20de%20atenci%C3%B3n%20del%20municipio%20aysenino&#038;url=https:\/\/radiorevelacionfm.cl\/?p=29131' aria-hidden='false' data-av_icon='\ue8f1' data-av_iconfont='entypo-fontello' title='' data-avia-related-tooltip='Compartir en Twitter' rel=\"noopener\"><span class='avia_hidden_link_text'>Compartir en Twitter<\/span><\/a><\/li><li class='av-share-link av-social-link-whatsapp' ><a target=\"_blank\" aria-label=\"Compartir en Whatsapp\" href='https:\/\/api.whatsapp.com\/send?text=https:\/\/radiorevelacionfm.cl\/?p=29131' aria-hidden='false' data-av_icon='\uf232' data-av_iconfont='entypo-fontello' title='' data-avia-related-tooltip='Compartir en Whatsapp' rel=\"noopener\"><span class='avia_hidden_link_text'>Compartir en Whatsapp<\/span><\/a><\/li><li class='av-share-link av-social-link-linkedin' ><a target=\"_blank\" aria-label=\"Compartir en LinkedIn\" href='https:\/\/linkedin.com\/shareArticle?mini=true&#038;title=Buena%20acogida%20entre%20vecinos%20ha%20tenido%20la%20extensi%C3%B3n%20del%20horario%20de%20atenci%C3%B3n%20del%20municipio%20aysenino&#038;url=https:\/\/radiorevelacionfm.cl\/?p=29131' aria-hidden='false' data-av_icon='\ue8fc' data-av_iconfont='entypo-fontello' title='' data-avia-related-tooltip='Compartir en LinkedIn' rel=\"noopener\"><span class='avia_hidden_link_text'>Compartir en LinkedIn<\/span><\/a><\/li><li class='av-share-link av-social-link-mail' ><a  aria-label=\"Compartir por correo\" href='mailto:?subject=Buena%20acogida%20entre%20vecinos%20ha%20tenido%20la%20extensi%C3%B3n%20del%20horario%20de%20atenci%C3%B3n%20del%20municipio%20aysenino&#038;body=https:\/\/radiorevelacionfm.cl\/?p=29131' aria-hidden='false' data-av_icon='\ue805' data-av_iconfont='entypo-fontello' title='' data-avia-related-tooltip='Compartir por correo'><span class='avia_hidden_link_text'>Compartir por correo<\/span><\/a><\/li><\/ul><\/div><\/div>\n<div  style='height:50px' class='hr hr-invisible   avia-builder-el-8  el_after_av_social_share  el_before_av_comments_list '><span class='hr-inner ' ><span class='hr-inner-style'><\/span><\/span><\/div>\n<div  class='av-buildercomment  av-blog-meta-html-info-disabled av-blog-meta-tag-disabled  '><\/div>\n","protected":false},"excerpt":{"rendered":"","protected":false},"author":1,"featured_media":29132,"comment_status":"open","ping_status":"open","sticky":false,"template":"","format":"standard","meta":{"footnotes":""},"categories":[38],"tags":[],"class_list":["post-29131","post","type-post","status-publish","format-standard","has-post-thumbnail","hentry","category-regional"],"jetpack_featured_media_url":"https:\/\/radiorevelacionfm.cl\/wp-content\/uploads\/2023\/03\/PXL_20230316_154508188-1-1.jpg","_links":{"self":[{"href":"https:\/\/radiorevelacionfm.cl\/index.php?rest_route=\/wp\/v2\/posts\/29131","targetHints":{"allow":["GET"]}}],"collection":[{"href":"https:\/\/radiorevelacionfm.cl\/index.php?rest_route=\/wp\/v2\/posts"}],"about":[{"href":"https:\/\/radiorevelacionfm.cl\/index.php?rest_route=\/wp\/v2\/types\/post"}],"author":[{"embeddable":true,"href":"https:\/\/radiorevelacionfm.cl\/index.php?rest_route=\/wp\/v2\/users\/1"}],"replies":[{"embeddable":true,"href":"https:\/\/radiorevelacionfm.cl\/index.php?rest_route=%2Fwp%2Fv2%2Fcomments&post=29131"}],"version-history":[{"count":2,"href":"https:\/\/radiorevelacionfm.cl\/index.php?rest_route=\/wp\/v2\/posts\/29131\/revisions"}],"predecessor-version":[{"id":29168,"href":"https:\/\/radiorevelacionfm.cl\/index.php?rest_route=\/wp\/v2\/posts\/29131\/revisions\/29168"}],"wp:featuredmedia":[{"embeddable":true,"href":"https:\/\/radiorevelacionfm.cl\/index.php?rest_route=\/wp\/v2\/media\/29132"}],"wp:attachment":[{"href":"https:\/\/radiorevelacionfm.cl\/index.php?rest_route=%2Fwp%2Fv2%2Fmedia&parent=29131"}],"wp:term":[{"taxonomy":"category","embeddable":true,"href":"https:\/\/radiorevelacionfm.cl\/index.php?rest_route=%2Fwp%2Fv2%2Fcategories&post=29131"},{"taxonomy":"post_tag","embeddable":true,"href":"https:\/\/radiorevelacionfm.cl\/index.php?rest_route=%2Fwp%2Fv2%2Ftags&post=29131"}],"curies":[{"name":"wp","href":"https:\/\/api.w.org\/{rel}","templated":true}]}}