{"id":29126,"date":"2023-03-22T09:09:37","date_gmt":"2023-03-22T12:09:37","guid":{"rendered":"https:\/\/radiorevelacionfm.cl\/?p=29126"},"modified":"2023-03-22T09:30:31","modified_gmt":"2023-03-22T12:30:31","slug":"dia-mundial-del-agua-que-sabemos-de-este-recurso","status":"publish","type":"post","link":"https:\/\/radiorevelacionfm.cl\/?p=29126","title":{"rendered":"D\u00eda Mundial del Agua, \u00bfqu\u00e9 sabemos de este recurso?"},"content":{"rendered":"<div class=\"flex_column av_one_full  flex_column_div av-zero-column-padding first  avia-builder-el-0  el_before_av_one_full  avia-builder-el-first  \" style='border-radius:0px; '><div  class='avia-image-container  av-styling-    avia-builder-el-1  avia-builder-el-no-sibling  avia-align-center '  itemprop=\"image\" itemscope=\"itemscope\" itemtype=\"https:\/\/schema.org\/ImageObject\"  ><div class='avia-image-container-inner'><div class='avia-image-overlay-wrap'><img decoding=\"async\" class='wp-image-29127 avia-img-lazy-loading-not-29127 avia_image' src=\"https:\/\/radiorevelacionfm.cl\/wp-content\/uploads\/2023\/03\/Agua-2023-03-14-at-17_optimized.07.35-1-1.jpeg\" alt='' title='Agua-2023-03-14-at-17_optimized.07.35-(1) (1)' height=\"600\" width=\"802\"  itemprop=\"thumbnailUrl\" srcset=\"https:\/\/radiorevelacionfm.cl\/wp-content\/uploads\/2023\/03\/Agua-2023-03-14-at-17_optimized.07.35-1-1.jpeg 802w, https:\/\/radiorevelacionfm.cl\/wp-content\/uploads\/2023\/03\/Agua-2023-03-14-at-17_optimized.07.35-1-1-300x224.jpeg 300w, https:\/\/radiorevelacionfm.cl\/wp-content\/uploads\/2023\/03\/Agua-2023-03-14-at-17_optimized.07.35-1-1-768x575.jpeg 768w, https:\/\/radiorevelacionfm.cl\/wp-content\/uploads\/2023\/03\/Agua-2023-03-14-at-17_optimized.07.35-1-1-705x527.jpeg 705w, https:\/\/radiorevelacionfm.cl\/wp-content\/uploads\/2023\/03\/Agua-2023-03-14-at-17_optimized.07.35-1-1-600x449.jpeg 600w\" sizes=\"(max-width: 802px) 100vw, 802px\" \/><\/div><\/div><\/div><\/div><div class=\"flex_column av_one_full  flex_column_div av-zero-column-padding first  avia-builder-el-2  el_after_av_one_full  el_before_av_one_full  column-top-margin\" style='border-radius:0px; '><section class=\"av_textblock_section \"  itemscope=\"itemscope\" itemtype=\"https:\/\/schema.org\/BlogPosting\" itemprop=\"blogPost\" ><div class='avia_textblock  '   itemprop=\"text\" ><p style=\"text-align: center;\"><span style=\"font-size: 18pt;\"><b><span class=\"v1ContentPasted0\">D\u00eda Mundial del Agua, \u00bfqu\u00e9 sabemos de este recurso?<\/span><\/b><\/span><\/p>\n<div id=\"gtx-trans\" style=\"position: absolute; left: -50px; top: 4.31534px;\">\n<div class=\"gtx-trans-icon\"><\/div>\n<\/div>\n<\/div><\/section><\/div><div class=\"flex_column av_one_full  flex_column_div av-zero-column-padding first  avia-builder-el-4  el_after_av_one_full  el_before_av_hr  column-top-margin\" style='border-radius:0px; '><section class=\"av_textblock_section \"  itemscope=\"itemscope\" itemtype=\"https:\/\/schema.org\/BlogPosting\" itemprop=\"blogPost\" ><div class='avia_textblock  '   itemprop=\"text\" ><p class=\"v1MsoNormal\" style=\"text-align: justify;\"><span class=\"v1ContentPasted0\">La Patagonia suele asociarse a ser la reserva de Agua Dulce de Chile y una de las reservas m\u00e1s grandes del mundo. A\u00fan posee cuencas pr\u00edstinas, los r\u00edos m\u00e1s caudalosos y los campos de hielo\u00a0<\/span><span class=\"v1ContentPasted0\">\u00a0continentales<\/span><span class=\"v1ContentPasted0\">\u00a0m\u00e1s grandes del planeta.\u00a0<\/span><span class=\"v1ContentPasted0\">El 22 de marzo se conmemora el D\u00eda Mundial del Agua y nos lleva a revisar el contexto que tenemos en Chile y la Regi\u00f3n de Ays\u00e9n en esta materia.<\/span><\/p>\n<p class=\"v1MsoNormal\" style=\"text-align: justify;\" align=\"justify\"><span class=\"v1ContentPasted0\">Debido a\u00a0<\/span><span class=\"v1ContentPasted0\">la importancia de este vital elemento<\/span><span class=\"v1ContentPasted0\">, es que<\/span><span class=\"v1ContentPasted0\">\u00a0cada vez se ve al agua dulce como un recurso en peligro y de clave para el futuro de la humanidad. Patagoni<\/span><span class=\"v1ContentPasted0\">a<\/span><span class=\"v1ContentPasted0\">, a su vez, representa uno de los territorios\u00a0<\/span><span class=\"v1ContentPasted0\">m\u00e1s importantes\u00a0<\/span><span class=\"v1ContentPasted0\">en la conservaci\u00f3n de este recurso. Por ejemplo, podemos identificar a la Patagonia Chilena como una de las zonas con mayor lluvia (68% del pa\u00eds), presenta los r\u00edos m\u00e1s caudalosos (75% del caudal nacional), algunos de los lagos m\u00e1s grandes del continente y m\u00e1s profundos del mundo (64% de la superficie lacustre de Chile), el 84% de la superficie de lagunas del pa\u00eds y los campos de hielo<\/span><span class=\"v1ContentPasted0\">, norte y sur, abarcan el\u00a0<\/span><span class=\"v1ContentPasted0\">98%\u00a0<\/span><span class=\"v1ContentPasted0\">de superficie de glaciares\u00a0<\/span><span class=\"v1ContentPasted0\">de<\/span><span class=\"v1ContentPasted0\">\u00a0Chile continental<\/span><span class=\"v1ContentPasted0\">. Por lo tanto, podemos decir que a mayor\u00eda del agua dulce de<\/span><span class=\"v1ContentPasted0\">l pa\u00eds<\/span><span class=\"v1ContentPasted0\">\u00a0est\u00e1 ubicada en la Patagonia chilena.\u00a0<\/span><\/p>\n<p class=\"v1MsoNormal\" style=\"text-align: justify;\" align=\"justify\"><span class=\"v1ContentPasted0\">Es por esta raz\u00f3n que una de las tem\u00e1ticas originarias de\u00a0<\/span><span class=\"v1ContentPasted0\">estudio<\/span><span class=\"v1ContentPasted0\">\u00a0del Centro de Investigaci\u00f3n en Ecosistemas de la Patagonia (CIEP) est\u00e1 relacionada con el agua dulce, donde actualmente se ha conformado el grupo dulceacu\u00edcola y de la cri\u00f3sfera (agua dulce en estado s\u00f3lido). Es un grupo multidisciplinario conformado por investigadores residentes, asociados y laboratoristas. Estas 8 personas buscan responder preguntas acerca del ciclo del agua en Patagonia, monitoreos de largo plazo, calidad del agua, biodiversidad, modelaci\u00f3n de los flujos de agua y los aspectos sociales asociados a este importante recurso.\u00a0<\/span><\/p>\n<p class=\"v1MsoNormal\" style=\"text-align: justify;\" align=\"justify\"><b><span class=\"v1ContentPasted0\">Conocimiento en Agua Dulce de la Regi\u00f3n de Ays\u00e9n<\/span><\/b><b>\u00a0<\/b><\/p>\n<p class=\"v1MsoNormal\" style=\"text-align: justify;\" align=\"justify\"><span class=\"v1ContentPasted0\">Actualmente,\u00a0<\/span><span class=\"v1ContentPasted0\">las y los cient\u00edficos que trabajan en temas relacionados al agua dulce se encuentran en<\/span><span class=\"v1ContentPasted0\">\u00a0variados proyectos de investigaci\u00f3n (alrededor de 15), en la mayor\u00eda con financiamiento desde el nivel central\u00a0<\/span><span class=\"v1ContentPasted0\">(ANID)\u00a0<\/span><span class=\"v1ContentPasted0\">o internacional. Pero tambi\u00e9n<\/span><span class=\"v1ContentPasted0\">,<\/span><span class=\"v1ContentPasted0\">\u00a0con muy buenas iniciativas financiadas regionalmente como el\u00a0<\/span><span class=\"v1ContentPasted0\" style=\"font-family: Calibri;\">\u00ab<\/span><span class=\"v1ContentPasted0\">Monitoreo de Detalle Intensivo de los Glaciares Exploradores y Calluqueo 2022-2023<\/span><span class=\"v1ContentPasted0\" style=\"font-family: Calibri;\">\u00ab<\/span><span class=\"v1ContentPasted0\">, financiado por la Direcci\u00f3n General de Aguas (DGA)\u00a0<\/span><span class=\"v1ContentPasted0\">junto al<\/span><span class=\"v1ContentPasted0\">\u00a0financiamiento basal del Gobierno Regional de Ays\u00e9n. Las investigaciones recientes y actuales del CIEP han definido, por ejemplo, una superficie\u00a0<\/span><span class=\"v1ContentPasted0\">de\u00a0<\/span><span class=\"v1ContentPasted0\">66.000 km\u00b2 como cuencas de bosques intactos en Patagonia, d\u00f3nde no se observan corte de bosques, incendios ni caminos. Tambi\u00e9n, h<\/span><span class=\"v1ContentPasted0\">an<\/span><span class=\"v1ContentPasted0\">\u00a0cuantificado las descargas a los mares interiores, canales y fiordos, estableciendo a Patagonia chilena con un aporte del 2% del agua dulce mundial que se traslada al oc\u00e9ano y que es esencial para la productividad de estos ecosistemas marinos, debido a los nutrientes que lleva desde el continente. Se est\u00e1 estudiando la hidrolog\u00eda, o sea el comportamiento del caudal que llevan algunos r\u00edos, y asoci\u00e1ndolos con caracter\u00edsticas de los usos del suelo de las cuencas, por ejemplo, porcentaje de bosques y zonas sin vegetaci\u00f3n. Estamos cuantificando los servicios ecosist\u00e9micos asociados al agua dulce para tener mejores aproximaciones del valor e importancia de este recurso. Identificamos, la biodiversidad de algunos r\u00edos y esteros, ya sea peque\u00f1os insectos, peces, musgos, l\u00edquenes, algas, etc.\u00a0<\/span><span class=\"v1ContentPasted0\">De igual manera, se han a<\/span><span class=\"v1ContentPasted0\">nalizado balances de agua en la provincia de Coyhaique para determinar qu\u00e9 sectores son los que tienen m\u00e1s riesgo de sequ\u00eda, no s\u00f3lo por la oferta de agua sino tambi\u00e9n por el consumo actual y futuro.<\/span><\/p>\n<p class=\"v1MsoNormal\" style=\"text-align: justify;\"><span class=\"v1ContentPasted0\">Uno de los aspectos m\u00e1s importantes que desarrolla este grupo es el monitoreo, el cual tiene diferentes prop\u00f3sitos, como establecimiento de l\u00edneas bases<\/span><span class=\"v1ContentPasted0\">\u00a0o estado actual<\/span><span class=\"v1ContentPasted0\">, entender los procesos ecol\u00f3gicos que suceden en ambientes dulceacu\u00edcolas, o sea en arroyos, r\u00edos y lagos, identificar disturbios o contaminaci\u00f3n de agua. Un monitoreo de largo plazo y \u00fanico en esta regi\u00f3n, es el que se realiza en lagos y lagunas en un convenio con la DGA y donde se han observado lagos con una transparencia\u00a0<\/span><span class=\"v1ContentPasted0\">\u00fanica<\/span><span class=\"v1ContentPasted0\">\u00a0a nivel mundial. Dentro de\u00a0<\/span><span class=\"v1ContentPasted0\">estos\u00a0<\/span><span class=\"v1ContentPasted0\">destacan el de cabeceras de r\u00edos o arroyos de monta\u00f1a, con 12 unidades en un monitoreo intensivo que empez\u00f3 el 2016, d\u00f3nde se muestrea el caudal, nutrientes, atributos de la cuenca, como bosque, suelo, biodiversidad, funciones ecosist\u00e9micas como la descomposici\u00f3n de hojarasca, entre otros. Tambi\u00e9n, 5 cuencas de los principales r\u00edos del norte de la Patagonia:\u00a0<\/span><span class=\"v1ContentPasted0\">r\u00edo<\/span><span class=\"v1ContentPasted0\">\u00a0Puelo,\u00a0<\/span><span class=\"v1ContentPasted0\">r\u00edo<\/span><span class=\"v1ContentPasted0\">\u00a0Yelcho,\u00a0<\/span><span class=\"v1ContentPasted0\">r\u00edo<\/span><span class=\"v1ContentPasted0\">\u00a0Palena,\u00a0<\/span><span class=\"v1ContentPasted0\">r\u00edo<\/span><span class=\"v1ContentPasted0\">\u00a0Cisnes y\u00a0<\/span><span class=\"v1ContentPasted0\">r\u00edo<\/span><span class=\"v1ContentPasted0\">\u00a0Ays\u00e9n, cuyo objetivo es la determinaci\u00f3n de normas secundarias de calidad de agua, y d\u00f3nde el trabajo con las comunidades est\u00e1 siendo muy fruct\u00edfero. Siguiendo con el trabajo en comunidades, el grupo ha levantado una l\u00ednea de monitoreo y transferencia espec\u00edfica con proyectos de Agua Potable Rural (APR), primero con algunas comunidades de la cuenca del Baker, como Murta, Pto.\u00a0<\/span><span class=\"v1ContentPasted0\">R\u00edo<\/span><span class=\"v1ContentPasted0\">\u00a0Tranquilo y Cochrane<\/span><span class=\"v1ContentPasted0\">,<\/span><span class=\"v1ContentPasted0\">\u00a0y ahora<\/span><span class=\"v1ContentPasted0\">,<\/span><span class=\"v1ContentPasted0\">\u00a0<\/span><span class=\"v1ContentPasted0\">se profundizar\u00e1\u00a0<\/span><span class=\"v1ContentPasted0\">el trabajo con 7 Comit\u00e9s APR de la Regi\u00f3n de Ays\u00e9n, junto con un diagn\u00f3stico socio-ecol\u00f3gico y propuesta de plan de manejo integrado de cada cuenca proveedora de agua.<\/span><\/p>\n<p class=\"v1MsoNormal\" style=\"text-align: justify;\"><b><span class=\"v1ContentPasted0\">Informaci\u00f3n para el futuro<\/span><\/b><b><br \/>\n<\/b><\/p>\n<p class=\"v1MsoNormal\" style=\"text-align: justify;\"><span class=\"v1ContentPasted0\">Los glaciares han modelado el paisaje de la Patagonia desde hace miles de a\u00f1os. Hace 35 mil a\u00f1os un gran campo de hielo cubr\u00eda la mayor\u00eda de la Regi\u00f3n de Ays\u00e9n incluyendo glaciares que excavaban los fiordos hacia el oeste, y el Lago Chelenko\/General Carrera hacia su extremo oriental. Hoy debido al cambio clim\u00e1tico<\/span><span class=\"v1ContentPasted0\">\u00a0acelerado por causa de las actividades humanas,\u00a0<\/span><span class=\"v1ContentPasted0\">las tasas de retroceso glaciar se han acelerado. Esto conlleva no solo a una p\u00e9rdida de un recurso de agua dulce en estado s\u00f3lido, sino que tambi\u00e9n a inestabilidades en la geograf\u00eda y un aumento en la din\u00e1mica de los valles como remociones en masa,\u00a0<\/span><span class=\"v1ContentPasted0\">vaciamientos repentinos de lagos glaciares (<\/span><span class=\"v1ContentPasted0\">GLOFs<\/span><span class=\"v1ContentPasted0\">)<\/span><span class=\"v1ContentPasted0\">\u00a0y variaciones en las tasas de producci\u00f3n de sedimentos. Todos estos cambios repercuten en los ecosistemas y afectan la vida e infraestructura humana.\u00a0<\/span><span class=\"v1ContentPasted0\">A modo de recapitulaci\u00f3n, l<\/span><span class=\"v1ContentPasted0\">os estudios\u00a0<\/span><span class=\"v1ContentPasted0\">en agua dulce que se realizan en CIEP<\/span><span class=\"v1ContentPasted0\">\u00a0tienen como objetivo central comprender las din\u00e1micas durante el retroceso glaciar e identificar retroalimentaciones que influyen en el retroceso. Adem\u00e1s, estudiar las variaciones en el r\u00e9gimen de precipitaci\u00f3n<\/span><span class=\"v1ContentPasted0\">, tanto\u00a0<\/span><span class=\"v1ContentPasted0\">\u00a0liquida<\/span><span class=\"v1ContentPasted0\">\u00a0como\u00a0<\/span><span class=\"v1ContentPasted0\">s\u00f3lida<\/span><span class=\"v1ContentPasted0\">,<\/span><span class=\"v1ContentPasted0\">\u00a0y su afectaci\u00f3n a los sistemas h\u00eddricos. Los resultados permiten comprender los cambios en el paisaje presente y sus proyecciones a futuro aportando con una base para la toma de decisiones y mitigaci\u00f3n de los efectos del cambio clim\u00e1tico. Algunas iniciativas espec\u00edficas en este \u00e1mbito son el estudio de las din\u00e1micas del retroceso de glaciares y la formaci\u00f3n de lagos en su frente durante los \u00faltimos 100 a\u00f1os, la elaboraci\u00f3n de un sistema de alerta de peligro de vaciamiento de lagunas glaciares, el estudio comparativo de distintos lagos glaciares y el monitoreo del gradiente altitudinal de la precipitaci\u00f3n s\u00f3lida y l\u00edquida en una cuenca de referencia.<\/span><\/p>\n<p class=\"v1MsoNormal\" style=\"text-align: justify;\"><span class=\"v1ContentPasted0\">A pesar del gran n\u00famero de iniciativas que se est\u00e1n desarrollando y de los productos que se han originado, existen serias deficiencias en la caracterizaci\u00f3n b\u00e1sica de los ecosistemas dulceacu\u00edcolas patag\u00f3nicos respecto a su hidrolog\u00eda y funciones ecosist\u00e9micas. En cuanto a su biodiversidad, existen solo registros puntuales y subestimaciones de rangos distribucionales. Los vac\u00edos del conocimiento corresponden a una escasez de investigadores arraigados en esta zona patag\u00f3nica. Por ejemplo, para una regi\u00f3n an\u00e1loga el libro \u00abFreshwaters of New Zealand\u00bb cuenta con la contribuci\u00f3n de 64 especialistas, muchos reconocidos a nivel mundial. En la Patagonia chilena un territorio tres veces m\u00e1s grande que Nueva Zelanda, hay menos de 10 investigadores que trabajan en sistemas dulceacu\u00edcolas. La importancia del agua, debido a que es el soporte de toda la vida en el planeta y a los cambios globales que observamos y escuchamos a diario, como, por ejemplo, \u00abantes nevaba de verdad\u00bb o \u00abse est\u00e1n secando arroyos que nunca se hab\u00edan secado\u00bb, nos indica la necesidad de preocuparnos y ocuparnos de este preciado recurso antes que las medidas de control sean o muy caras o inservibles.<\/span><\/p>\n<\/div><\/section><\/div><div  style='height:50px' class='hr hr-invisible   avia-builder-el-6  el_after_av_one_full  el_before_av_social_share '><span class='hr-inner ' ><span class='hr-inner-style'><\/span><\/span><\/div><\/p>\n<div  class='av-social-sharing-box  avia-builder-el-7  el_after_av_hr  el_before_av_hr  '><div class='av-share-box'><h5 class='av-share-link-description av-no-toc '>Compartir esta noticia<\/h5><ul class='av-share-box-list noLightbox'><li class='av-share-link av-social-link-facebook' ><a target=\"_blank\" aria-label=\"Compartir en Facebook\" href='https:\/\/www.facebook.com\/sharer.php?u=https:\/\/radiorevelacionfm.cl\/?p=29126&#038;t=D%C3%ADa%20Mundial%20del%20Agua%2C%20%C2%BFqu%C3%A9%20sabemos%20de%20este%20recurso%3F' aria-hidden='false' data-av_icon='\ue8f3' data-av_iconfont='entypo-fontello' title='' data-avia-related-tooltip='Compartir en Facebook' rel=\"noopener\"><span class='avia_hidden_link_text'>Compartir en Facebook<\/span><\/a><\/li><li class='av-share-link av-social-link-twitter' ><a target=\"_blank\" aria-label=\"Compartir en Twitter\" href='https:\/\/twitter.com\/share?text=D%C3%ADa%20Mundial%20del%20Agua%2C%20%C2%BFqu%C3%A9%20sabemos%20de%20este%20recurso%3F&#038;url=https:\/\/radiorevelacionfm.cl\/?p=29126' aria-hidden='false' data-av_icon='\ue8f1' data-av_iconfont='entypo-fontello' title='' data-avia-related-tooltip='Compartir en Twitter' rel=\"noopener\"><span class='avia_hidden_link_text'>Compartir en Twitter<\/span><\/a><\/li><li class='av-share-link av-social-link-whatsapp' ><a target=\"_blank\" aria-label=\"Compartir en Whatsapp\" href='https:\/\/api.whatsapp.com\/send?text=https:\/\/radiorevelacionfm.cl\/?p=29126' aria-hidden='false' data-av_icon='\uf232' data-av_iconfont='entypo-fontello' title='' data-avia-related-tooltip='Compartir en Whatsapp' rel=\"noopener\"><span class='avia_hidden_link_text'>Compartir en Whatsapp<\/span><\/a><\/li><li class='av-share-link av-social-link-linkedin' ><a target=\"_blank\" aria-label=\"Compartir en LinkedIn\" href='https:\/\/linkedin.com\/shareArticle?mini=true&#038;title=D%C3%ADa%20Mundial%20del%20Agua%2C%20%C2%BFqu%C3%A9%20sabemos%20de%20este%20recurso%3F&#038;url=https:\/\/radiorevelacionfm.cl\/?p=29126' aria-hidden='false' data-av_icon='\ue8fc' data-av_iconfont='entypo-fontello' title='' data-avia-related-tooltip='Compartir en LinkedIn' rel=\"noopener\"><span class='avia_hidden_link_text'>Compartir en LinkedIn<\/span><\/a><\/li><li class='av-share-link av-social-link-mail' ><a  aria-label=\"Compartir por correo\" href='mailto:?subject=D%C3%ADa%20Mundial%20del%20Agua%2C%20%C2%BFqu%C3%A9%20sabemos%20de%20este%20recurso%3F&#038;body=https:\/\/radiorevelacionfm.cl\/?p=29126' aria-hidden='false' data-av_icon='\ue805' data-av_iconfont='entypo-fontello' title='' data-avia-related-tooltip='Compartir por correo'><span class='avia_hidden_link_text'>Compartir por correo<\/span><\/a><\/li><\/ul><\/div><\/div>\n<div  style='height:50px' class='hr hr-invisible   avia-builder-el-8  el_after_av_social_share  el_before_av_comments_list '><span class='hr-inner ' ><span class='hr-inner-style'><\/span><\/span><\/div>\n<div  class='av-buildercomment  av-blog-meta-html-info-disabled av-blog-meta-tag-disabled  '><\/div>\n","protected":false},"excerpt":{"rendered":"","protected":false},"author":1,"featured_media":29127,"comment_status":"open","ping_status":"open","sticky":false,"template":"","format":"standard","meta":{"footnotes":""},"categories":[38],"tags":[],"class_list":["post-29126","post","type-post","status-publish","format-standard","has-post-thumbnail","hentry","category-regional"],"jetpack_featured_media_url":"https:\/\/radiorevelacionfm.cl\/wp-content\/uploads\/2023\/03\/Agua-2023-03-14-at-17_optimized.07.35-1-1.jpeg","_links":{"self":[{"href":"https:\/\/radiorevelacionfm.cl\/index.php?rest_route=\/wp\/v2\/posts\/29126","targetHints":{"allow":["GET"]}}],"collection":[{"href":"https:\/\/radiorevelacionfm.cl\/index.php?rest_route=\/wp\/v2\/posts"}],"about":[{"href":"https:\/\/radiorevelacionfm.cl\/index.php?rest_route=\/wp\/v2\/types\/post"}],"author":[{"embeddable":true,"href":"https:\/\/radiorevelacionfm.cl\/index.php?rest_route=\/wp\/v2\/users\/1"}],"replies":[{"embeddable":true,"href":"https:\/\/radiorevelacionfm.cl\/index.php?rest_route=%2Fwp%2Fv2%2Fcomments&post=29126"}],"version-history":[{"count":2,"href":"https:\/\/radiorevelacionfm.cl\/index.php?rest_route=\/wp\/v2\/posts\/29126\/revisions"}],"predecessor-version":[{"id":29166,"href":"https:\/\/radiorevelacionfm.cl\/index.php?rest_route=\/wp\/v2\/posts\/29126\/revisions\/29166"}],"wp:featuredmedia":[{"embeddable":true,"href":"https:\/\/radiorevelacionfm.cl\/index.php?rest_route=\/wp\/v2\/media\/29127"}],"wp:attachment":[{"href":"https:\/\/radiorevelacionfm.cl\/index.php?rest_route=%2Fwp%2Fv2%2Fmedia&parent=29126"}],"wp:term":[{"taxonomy":"category","embeddable":true,"href":"https:\/\/radiorevelacionfm.cl\/index.php?rest_route=%2Fwp%2Fv2%2Fcategories&post=29126"},{"taxonomy":"post_tag","embeddable":true,"href":"https:\/\/radiorevelacionfm.cl\/index.php?rest_route=%2Fwp%2Fv2%2Ftags&post=29126"}],"curies":[{"name":"wp","href":"https:\/\/api.w.org\/{rel}","templated":true}]}}