{"id":29120,"date":"2023-03-21T15:17:25","date_gmt":"2023-03-21T18:17:25","guid":{"rendered":"https:\/\/radiorevelacionfm.cl\/?p=29120"},"modified":"2023-03-21T15:18:04","modified_gmt":"2023-03-21T18:18:04","slug":"reconocen-a-mujeres-lideres-y-defensoras-de-los-derechos-humanos","status":"publish","type":"post","link":"https:\/\/radiorevelacionfm.cl\/?p=29120","title":{"rendered":"Reconocen a mujeres l\u00edderes y defensoras de los derechos humanos en Ays\u00e9n"},"content":{"rendered":"<div class=\"flex_column av_one_full  flex_column_div av-zero-column-padding first  avia-builder-el-0  el_before_av_one_full  avia-builder-el-first  \" style='border-radius:0px; '><div  class='avia-image-container  av-styling-    avia-builder-el-1  avia-builder-el-no-sibling  avia-align-center '  itemprop=\"image\" itemscope=\"itemscope\" itemtype=\"https:\/\/schema.org\/ImageObject\"  ><div class='avia-image-container-inner'><div class='avia-image-overlay-wrap'><img decoding=\"async\" class='wp-image-29121 avia-img-lazy-loading-not-29121 avia_image' src=\"https:\/\/radiorevelacionfm.cl\/wp-content\/uploads\/2023\/03\/1-mujeres-ddhh-1_optimized-1.jpg\" alt='' title='1-mujeres-ddhh-(1)_optimized (1)' height=\"600\" width=\"1068\"  itemprop=\"thumbnailUrl\" srcset=\"https:\/\/radiorevelacionfm.cl\/wp-content\/uploads\/2023\/03\/1-mujeres-ddhh-1_optimized-1.jpg 1068w, https:\/\/radiorevelacionfm.cl\/wp-content\/uploads\/2023\/03\/1-mujeres-ddhh-1_optimized-1-300x169.jpg 300w, https:\/\/radiorevelacionfm.cl\/wp-content\/uploads\/2023\/03\/1-mujeres-ddhh-1_optimized-1-1030x579.jpg 1030w, https:\/\/radiorevelacionfm.cl\/wp-content\/uploads\/2023\/03\/1-mujeres-ddhh-1_optimized-1-768x431.jpg 768w, https:\/\/radiorevelacionfm.cl\/wp-content\/uploads\/2023\/03\/1-mujeres-ddhh-1_optimized-1-705x396.jpg 705w, https:\/\/radiorevelacionfm.cl\/wp-content\/uploads\/2023\/03\/1-mujeres-ddhh-1_optimized-1-600x337.jpg 600w\" sizes=\"(max-width: 1068px) 100vw, 1068px\" \/><\/div><\/div><\/div><\/div>\n<div class=\"flex_column av_one_full  flex_column_div av-zero-column-padding first  avia-builder-el-2  el_after_av_one_full  el_before_av_one_full  column-top-margin\" style='border-radius:0px; '><section class=\"av_textblock_section \"  itemscope=\"itemscope\" itemtype=\"https:\/\/schema.org\/BlogPosting\" itemprop=\"blogPost\" ><div class='avia_textblock  '   itemprop=\"text\" ><p style=\"text-align: center;\"><span style=\"font-size: 18pt;\"><strong>Reconocen a mujeres l\u00edderes y defensoras de los derechos humanos en Ays\u00e9n<\/strong><\/span><\/p>\n<div id=\"gtx-trans\" style=\"position: absolute; left: -50px; top: 4.31534px;\">\n<div class=\"gtx-trans-icon\"><\/div>\n<\/div>\n<\/div><\/section><\/div><div class=\"flex_column av_one_full  flex_column_div av-zero-column-padding first  avia-builder-el-4  el_after_av_one_full  el_before_av_hr  column-top-margin\" style='border-radius:0px; '><section class=\"av_textblock_section \"  itemscope=\"itemscope\" itemtype=\"https:\/\/schema.org\/BlogPosting\" itemprop=\"blogPost\" ><div class='avia_textblock  '   itemprop=\"text\" ><p style=\"text-align: justify;\">La iniciativa enmarcada en el convenio regional de colaboraci\u00f3n entre el Fondo de Solidaridad e Inversi\u00f3n Social, FOSIS, y el Instituto Nacional de Derechos Humanos, INDH, se llev\u00f3 a cabo en contexto de la conmemoraci\u00f3n del Mes de la Mujer y permiti\u00f3 reconocer a seis mujeres por su destacada labor como l\u00edderes y defensoras de los derechos humanos en la regi\u00f3n de Ays\u00e9n.<\/p>\n<p style=\"text-align: justify;\">Las mujeres reconocidas en esta jornada fueron: Flor Quiroz Vidal; Mar\u00eda Rebeca Flores Saldivia, presidenta de la Agrupaci\u00f3n Discapacidad Sin Fronteras; Naiara Schuck, coordinadora del Colectivo de Mujeres Migrantes de Ays\u00e9n; Yeshenya Reyes M\u00e1rquez; Jaqueline Carrasco Opazo, presidenta Agrupaci\u00f3n Mirando Hacia el Futuro y Constanza Chiguay Nonque, representante de ONG Diversa Patagonia.<\/p>\n<p style=\"text-align: justify;\">La Directora Regional del FOSIS en Ays\u00e9n, Fernanda Leiva Mu\u00f1oz, valor\u00f3 la instancia de reconocimiento y destac\u00f3 que \u201ccompartimos una ma\u00f1ana muy amena, donde tuvimos la oportunidad y nos dimos el tiempo para poder conversar con estas grandes mujeres y escuchar y conocer sus historias y experiencia de c\u00f3mo ellas, a trav\u00e9s de sus acciones, han impactado en sus comunidades. Para nosotros es muy importante poder relevar estas historias y reconocer el trabajo que ellas hacen\u201d.<\/p>\n<p style=\"text-align: justify;\">Yeshenya Reyes M\u00e1rquez, estudiante de Sicolog\u00eda reconocida por la defensora de los derechos de acceso universal y participaci\u00f3n efectiva de personas con discapacidad, coment\u00f3: \u201cMe voy muy feliz, creo que tener este tipo de espacios reconforta. El \u00faltimo tiempo que he estado m\u00e1s activa en estos temas, fue bastante duro y estos espacios te hace recordar por qu\u00e9 lo est\u00e1s haciendo y eso te vuelve a motivar para continuar con estos temas, as\u00ed que lo agradezco mucho y agradezco la oportunidad para conocer a otras personas que hace una importante labor\u201d.<\/p>\n<p style=\"text-align: justify;\">El Jefe Regional del INDH en Ays\u00e9n, Joaqu\u00edn Bizama Tiznado,\u00a0 manifest\u00f3 que \u201chemos querido reconocer a mujeres dirigentas de distintos \u00e1mbitos, mujeres que son l\u00edderes en el trabajo con personas con discapacidad, mujeres que trabajan con mujeres migrantes y mujeres que trabajaron en la defensa de derechos humanos en la \u00e9poca de la dictadura militar; con el objetivo de poner en valor el trabajo que estas mujeres han desarrollado en su vida por el beneficio de muchas otras personas y tambi\u00e9n para seguir impulsando y motivando la importante labor que cumplen ellas para la sociedad y en especial para la regi\u00f3n de Ays\u00e9n\u201d.<\/p>\n<p style=\"text-align: justify;\">Flor Quiroz Vidal, reconocida por su trabajo pastoral y por su hist\u00f3rica defensa de los derechos humanos y la democracia en Ays\u00e9n, agradeci\u00f3 la instancia. \u201cLo tomo como una gratificaci\u00f3n, tambi\u00e9n para hacer una reflexi\u00f3n y seguir queriendo lo que tiene que ver con la dignidad humana, especialmente de nosotras las mujeres, que somos constructoras, constructoras de historias, constructoras en los distintos \u00e1mbitos y fundamentalmente en los derechos humanos, porque nosotras como mujeres siempre estamos preocupadas por la vida, por el amor, por una cultura de la civilizaci\u00f3n, del amor, solidaridad, justicia y verdad\u201d.<\/p>\n<p style=\"text-align: justify;\">Cabe destacar que la acci\u00f3n individual y colectiva de estas mujeres defensoras de los derechos humanos, ha sido fundamental para luchar contra la discriminaci\u00f3n y desigualdad, promoviendo derechos civiles, pol\u00edticos, econ\u00f3micos, sociales y culturales; incluso en contexto de la prevenci\u00f3n, la paz y el desarrollo sostenible en la regi\u00f3n de Ays\u00e9n.<\/p>\n<\/div><\/section><\/div><\/p>\n<div  style='height:50px' class='hr hr-invisible   avia-builder-el-6  el_after_av_one_full  el_before_av_social_share '><span class='hr-inner ' ><span class='hr-inner-style'><\/span><\/span><\/div>\n<div  class='av-social-sharing-box  avia-builder-el-7  el_after_av_hr  el_before_av_hr  '><div class='av-share-box'><h5 class='av-share-link-description av-no-toc '>Compartir esta noticia<\/h5><ul class='av-share-box-list noLightbox'><li class='av-share-link av-social-link-facebook' ><a target=\"_blank\" aria-label=\"Compartir en Facebook\" href='https:\/\/www.facebook.com\/sharer.php?u=https:\/\/radiorevelacionfm.cl\/?p=29120&#038;t=Reconocen%20a%20mujeres%20l%C3%ADderes%20y%20defensoras%20de%20los%20derechos%20humanos%20en%20Ays%C3%A9n' aria-hidden='false' data-av_icon='\ue8f3' data-av_iconfont='entypo-fontello' title='' data-avia-related-tooltip='Compartir en Facebook' rel=\"noopener\"><span class='avia_hidden_link_text'>Compartir en Facebook<\/span><\/a><\/li><li class='av-share-link av-social-link-twitter' ><a target=\"_blank\" aria-label=\"Compartir en Twitter\" href='https:\/\/twitter.com\/share?text=Reconocen%20a%20mujeres%20l%C3%ADderes%20y%20defensoras%20de%20los%20derechos%20humanos%20en%20Ays%C3%A9n&#038;url=https:\/\/radiorevelacionfm.cl\/?p=29120' aria-hidden='false' data-av_icon='\ue8f1' data-av_iconfont='entypo-fontello' title='' data-avia-related-tooltip='Compartir en Twitter' rel=\"noopener\"><span class='avia_hidden_link_text'>Compartir en Twitter<\/span><\/a><\/li><li class='av-share-link av-social-link-whatsapp' ><a target=\"_blank\" aria-label=\"Compartir en Whatsapp\" href='https:\/\/api.whatsapp.com\/send?text=https:\/\/radiorevelacionfm.cl\/?p=29120' aria-hidden='false' data-av_icon='\uf232' data-av_iconfont='entypo-fontello' title='' data-avia-related-tooltip='Compartir en Whatsapp' rel=\"noopener\"><span class='avia_hidden_link_text'>Compartir en Whatsapp<\/span><\/a><\/li><li class='av-share-link av-social-link-linkedin' ><a target=\"_blank\" aria-label=\"Compartir en LinkedIn\" href='https:\/\/linkedin.com\/shareArticle?mini=true&#038;title=Reconocen%20a%20mujeres%20l%C3%ADderes%20y%20defensoras%20de%20los%20derechos%20humanos%20en%20Ays%C3%A9n&#038;url=https:\/\/radiorevelacionfm.cl\/?p=29120' aria-hidden='false' data-av_icon='\ue8fc' data-av_iconfont='entypo-fontello' title='' data-avia-related-tooltip='Compartir en LinkedIn' rel=\"noopener\"><span class='avia_hidden_link_text'>Compartir en LinkedIn<\/span><\/a><\/li><li class='av-share-link av-social-link-mail' ><a  aria-label=\"Compartir por correo\" href='mailto:?subject=Reconocen%20a%20mujeres%20l%C3%ADderes%20y%20defensoras%20de%20los%20derechos%20humanos%20en%20Ays%C3%A9n&#038;body=https:\/\/radiorevelacionfm.cl\/?p=29120' aria-hidden='false' data-av_icon='\ue805' data-av_iconfont='entypo-fontello' title='' data-avia-related-tooltip='Compartir por correo'><span class='avia_hidden_link_text'>Compartir por correo<\/span><\/a><\/li><\/ul><\/div><\/div>\n<div  style='height:50px' class='hr hr-invisible   avia-builder-el-8  el_after_av_social_share  el_before_av_comments_list '><span class='hr-inner ' ><span class='hr-inner-style'><\/span><\/span><\/div>\n<div  class='av-buildercomment  av-blog-meta-html-info-disabled av-blog-meta-tag-disabled  '><\/div>\n","protected":false},"excerpt":{"rendered":"","protected":false},"author":1,"featured_media":29121,"comment_status":"open","ping_status":"open","sticky":false,"template":"","format":"standard","meta":{"footnotes":""},"categories":[38],"tags":[],"class_list":["post-29120","post","type-post","status-publish","format-standard","has-post-thumbnail","hentry","category-regional"],"jetpack_featured_media_url":"https:\/\/radiorevelacionfm.cl\/wp-content\/uploads\/2023\/03\/1-mujeres-ddhh-1_optimized-1.jpg","_links":{"self":[{"href":"https:\/\/radiorevelacionfm.cl\/index.php?rest_route=\/wp\/v2\/posts\/29120","targetHints":{"allow":["GET"]}}],"collection":[{"href":"https:\/\/radiorevelacionfm.cl\/index.php?rest_route=\/wp\/v2\/posts"}],"about":[{"href":"https:\/\/radiorevelacionfm.cl\/index.php?rest_route=\/wp\/v2\/types\/post"}],"author":[{"embeddable":true,"href":"https:\/\/radiorevelacionfm.cl\/index.php?rest_route=\/wp\/v2\/users\/1"}],"replies":[{"embeddable":true,"href":"https:\/\/radiorevelacionfm.cl\/index.php?rest_route=%2Fwp%2Fv2%2Fcomments&post=29120"}],"version-history":[{"count":3,"href":"https:\/\/radiorevelacionfm.cl\/index.php?rest_route=\/wp\/v2\/posts\/29120\/revisions"}],"predecessor-version":[{"id":29129,"href":"https:\/\/radiorevelacionfm.cl\/index.php?rest_route=\/wp\/v2\/posts\/29120\/revisions\/29129"}],"wp:featuredmedia":[{"embeddable":true,"href":"https:\/\/radiorevelacionfm.cl\/index.php?rest_route=\/wp\/v2\/media\/29121"}],"wp:attachment":[{"href":"https:\/\/radiorevelacionfm.cl\/index.php?rest_route=%2Fwp%2Fv2%2Fmedia&parent=29120"}],"wp:term":[{"taxonomy":"category","embeddable":true,"href":"https:\/\/radiorevelacionfm.cl\/index.php?rest_route=%2Fwp%2Fv2%2Fcategories&post=29120"},{"taxonomy":"post_tag","embeddable":true,"href":"https:\/\/radiorevelacionfm.cl\/index.php?rest_route=%2Fwp%2Fv2%2Ftags&post=29120"}],"curies":[{"name":"wp","href":"https:\/\/api.w.org\/{rel}","templated":true}]}}