{"id":2911,"date":"2021-02-24T09:27:22","date_gmt":"2021-02-24T12:27:22","guid":{"rendered":"https:\/\/radiorevelacionfm.cl\/?p=2911"},"modified":"2021-02-24T09:27:22","modified_gmt":"2021-02-24T12:27:22","slug":"subsecretario-de-redes-asistenciales-realizo-visita-al-hospital-regional-coyhaique","status":"publish","type":"post","link":"https:\/\/radiorevelacionfm.cl\/?p=2911","title":{"rendered":"Subsecretario de Redes Asistenciales realiz\u00f3 visita al Hospital Regional Coyhaique"},"content":{"rendered":"<div class=\"flex_column av_one_full  flex_column_div av-zero-column-padding first  avia-builder-el-0  el_before_av_one_full  avia-builder-el-first  \" style='border-radius:0px; '><div  class='avia-image-container  av-styling-    avia-builder-el-1  avia-builder-el-no-sibling  avia-align-center '  itemprop=\"image\" itemscope=\"itemscope\" itemtype=\"https:\/\/schema.org\/ImageObject\"  ><div class='avia-image-container-inner'><div class='avia-image-overlay-wrap'><img decoding=\"async\" class='wp-image-0 avia-img-lazy-loading-not-0 avia_image' src=\"https:\/\/radiorevelacionfm.cl\/wp-content\/uploads\/2021\/02\/Prensa2-4-1.jpeg\" alt='' title=''   itemprop=\"thumbnailUrl\"  \/><\/div><\/div><\/div><\/div><div class=\"flex_column av_one_full  flex_column_div av-zero-column-padding first  avia-builder-el-2  el_after_av_one_full  el_before_av_one_full  column-top-margin\" style='border-radius:0px; '><section class=\"av_textblock_section \"  itemscope=\"itemscope\" itemtype=\"https:\/\/schema.org\/BlogPosting\" itemprop=\"blogPost\" ><div class='avia_textblock  '   itemprop=\"text\" ><p style=\"text-align: center;\"><span style=\"font-size: 18pt;\"><strong>Subsecretario de Redes Asistenciales realiz\u00f3 visita al Hospital Regional Coyhaique<\/strong><\/span><\/p>\n<div id=\"gtx-trans\" style=\"position: absolute; left: -50px; top: 4.31534px;\">\n<div class=\"gtx-trans-icon\"><\/div>\n<\/div>\n<\/div><\/section><\/div><div class=\"flex_column av_one_full  flex_column_div av-zero-column-padding first  avia-builder-el-4  el_after_av_one_full  el_before_av_hr  column-top-margin\" style='border-radius:0px; '><section class=\"av_textblock_section \"  itemscope=\"itemscope\" itemtype=\"https:\/\/schema.org\/BlogPosting\" itemprop=\"blogPost\" ><div class='avia_textblock  '   itemprop=\"text\" ><p style=\"text-align: justify;\"><em>La autoridad de salud pudo conocer la realidad del \u00fanico centro hospitalario de alta complejidad regional y de las distintas estrategias implementadas para mejorar la atenci\u00f3n de los usuarios. <\/em><\/p>\n<p style=\"text-align: justify;\">Hasta el Hospital Regional Coyhaique lleg\u00f3 el Subsecretario de Redes Asistenciales, Alberto Dougnac, con el objetivo de conocer personalmente la situaci\u00f3n del \u00fanico centro de alta complejidad de la regi\u00f3n de Ays\u00e9n, y las distintas acciones que se han implementado para combatir la emergencia sanitaria por la presencia por COVID 19 en la regi\u00f3n y el pa\u00eds, recorrido en el que fue acompa\u00f1ado por el Director del Servicio de Salud Ays\u00e9n, Gabriel Burgos, y el Director del Hospital Regional Coyhaique, Jaime L\u00f3pez.<\/p>\n<p style=\"text-align: justify;\">En la actividad, que contempl\u00f3 una visita al Servicio de Medicina, a la Unidad de Tratamientos Intermedios (UTI), Unidad de Cuidados Intensivos (UCI) y Unidad de Emergencia Hospitalaria, la autoridad de salud pudo conocer la realidad del recinto hospitalario y constatar el despliegue de los equipos de salud frente a las distintas necesidades y cuidados que d\u00eda a d\u00eda requieren los pacientes y usuarios afectados por el COVID-19 y aquellos que no lo est\u00e1n.<\/p>\n<p style=\"text-align: justify;\">M\u00e1s tarde, la autoridad particip\u00f3 de una reuni\u00f3n de trabajo con el cuerpo directivo del recinto hospitalario, en el que conoci\u00f3 las estrategias que se han desarrollado institucionalmente frente al COVID-19, desde el inicio de la pandemia en la regi\u00f3n en marzo del a\u00f1o pasado, como la implementaci\u00f3n del Laboratorio de Biolog\u00eda Molecular, la segmentaci\u00f3n y separaci\u00f3n de Urgencias en Adultos, Pedi\u00e1trica y Gineco Obst\u00e9trica, el desarrollo de la Telemedicina, la habilitaci\u00f3n de un Contact Center para agendar horas m\u00e9dicas y la entrega de f\u00e1rmacos a domicilio, entre otras.<\/p>\n<p style=\"text-align: justify;\">En la ocasi\u00f3n, el Subsecretario de Redes Asistenciales, Alberto Dougnac, manifest\u00f3 que \u201cen el Hospital Regional Coyhaique -donde he tenido la oportunidad de visitar los distintos servicios y ver el esfuerzo que ha hecho toda la comunidad hospitalaria para enfrentar esta pandemia- han implementado todas las medidas conocidas, unidades de tratamiento intensivo, unidades de cuidados intermedios, servicio m\u00e9dico quir\u00fargicos y han dispuesto todas las facilidades para resolver la patolog\u00eda de estos pacientes. La disposici\u00f3n es excelente, est\u00e1n dotados de un buen equipamiento y de un s\u00faper grupo humano comprometido en la atenci\u00f3n de los pacientes aquejados por COVID-19\u201d.<\/p>\n<p style=\"text-align: justify;\">Por su parte, Gabriel Burgos, director del Servicio de Salud Ays\u00e9n, manifest\u00f3 que \u201choy ha venido el Subsecretario a conocer in situ la Red Asistencial, donde le pudimos mostrar los lineamientos en los cuales hemos estado trabajando, todo lo que es pandemia y proceso de vacunaci\u00f3n, adem\u00e1s de la importancia de poder inmunizar a la poblaci\u00f3n objetivo. Nuestra meta es vacunar de aqu\u00ed al viernes las 80% de la poblaci\u00f3n mayor a 65 a\u00f1os y lograr durante el primer semestre inocular al 80% de la poblaci\u00f3n total regional. Igualmente, visualizamos lo que hemos estado haciendo para desarrollar nuestra Red, un tema muy importante para poder tener una salud adecuada, que se merece toda la comunidad aysenina\u201d.<\/p>\n<p style=\"text-align: justify;\">Sobre la oportunidad de dar a conocer el estado y situaci\u00f3n en que se encuentra el Hospital Regional Coyhaique, adem\u00e1s de las distintas estrategias que se han implementado para continuar con las prestaciones y no disminuir la resolutividad del establecimiento en el contexto de la emergencia sanitaria, Jaime L\u00f3pez, director del establecimiento se\u00f1al\u00f3 que \u201cel Subsecretario vino a supervisar como nuestro Hospital se ha preparado para enfrentar los requerimientos de la pandemia, desde el punto de vista de su infraestructura, recurso humano, de su organizaci\u00f3n interna, de la manera que se han utilizado los equipos que fueron aportados por el Gobierno Regional de Ays\u00e9n y por la misma Subsecretaria. La autoridad se ha ido bastante satisfecho con la visita, con la que tuvo un espacio de di\u00e1logo con el equipo directivo donde le hemos hecho ver la necesidad de poder avanzar en los proyectos que necesita el establecimiento en sus tres unidades cr\u00edticas, entre otros temas.\u201d<\/p>\n<p style=\"text-align: justify;\">Cabe destacar, que en esta visita a la regi\u00f3n de Ays\u00e9n el Subsecretario de Redes Asistenciales, Alberto Dougnac, tendr\u00e1 actividades en Coyhaique y la localidad de Cochrane, entre las que se destacan la visita a terreno al emplazamiento del nuevo CESFAM Coyhaique, recorrido al nuevo Hospital de Cochrane, reuniones con parlamentarios, gremios de la salud y Colegio M\u00e9dico, entre otros.<\/p>\n<\/div><\/section><\/div><div  style='height:50px' class='hr hr-invisible   avia-builder-el-6  el_after_av_one_full  el_before_av_social_share '><span class='hr-inner ' ><span class='hr-inner-style'><\/span><\/span><\/div><\/p>\n<div  class='av-social-sharing-box  avia-builder-el-7  el_after_av_hr  el_before_av_hr  '><div class='av-share-box'><h5 class='av-share-link-description av-no-toc '>Compartir esta noticia<\/h5><ul class='av-share-box-list noLightbox'><li class='av-share-link av-social-link-facebook' ><a target=\"_blank\" aria-label=\"Compartir en Facebook\" href='https:\/\/www.facebook.com\/sharer.php?u=https:\/\/radiorevelacionfm.cl\/?p=2911&#038;t=Subsecretario%20de%20Redes%20Asistenciales%20realiz%C3%B3%20visita%20al%20Hospital%20Regional%20Coyhaique' aria-hidden='false' data-av_icon='\ue8f3' data-av_iconfont='entypo-fontello' title='' data-avia-related-tooltip='Compartir en Facebook' rel=\"noopener\"><span class='avia_hidden_link_text'>Compartir en Facebook<\/span><\/a><\/li><li class='av-share-link av-social-link-twitter' ><a target=\"_blank\" aria-label=\"Compartir en Twitter\" href='https:\/\/twitter.com\/share?text=Subsecretario%20de%20Redes%20Asistenciales%20realiz%C3%B3%20visita%20al%20Hospital%20Regional%20Coyhaique&#038;url=https:\/\/radiorevelacionfm.cl\/?p=2911' aria-hidden='false' data-av_icon='\ue8f1' data-av_iconfont='entypo-fontello' title='' data-avia-related-tooltip='Compartir en Twitter' rel=\"noopener\"><span class='avia_hidden_link_text'>Compartir en Twitter<\/span><\/a><\/li><li class='av-share-link av-social-link-whatsapp' ><a target=\"_blank\" aria-label=\"Compartir en Whatsapp\" href='https:\/\/api.whatsapp.com\/send?text=https:\/\/radiorevelacionfm.cl\/?p=2911' aria-hidden='false' data-av_icon='\uf232' data-av_iconfont='entypo-fontello' title='' data-avia-related-tooltip='Compartir en Whatsapp' rel=\"noopener\"><span class='avia_hidden_link_text'>Compartir en Whatsapp<\/span><\/a><\/li><li class='av-share-link av-social-link-linkedin' ><a target=\"_blank\" aria-label=\"Compartir en LinkedIn\" href='https:\/\/linkedin.com\/shareArticle?mini=true&#038;title=Subsecretario%20de%20Redes%20Asistenciales%20realiz%C3%B3%20visita%20al%20Hospital%20Regional%20Coyhaique&#038;url=https:\/\/radiorevelacionfm.cl\/?p=2911' aria-hidden='false' data-av_icon='\ue8fc' data-av_iconfont='entypo-fontello' title='' data-avia-related-tooltip='Compartir en LinkedIn' rel=\"noopener\"><span class='avia_hidden_link_text'>Compartir en LinkedIn<\/span><\/a><\/li><li class='av-share-link av-social-link-mail' ><a  aria-label=\"Compartir por correo\" href='mailto:?subject=Subsecretario%20de%20Redes%20Asistenciales%20realiz%C3%B3%20visita%20al%20Hospital%20Regional%20Coyhaique&#038;body=https:\/\/radiorevelacionfm.cl\/?p=2911' aria-hidden='false' data-av_icon='\ue805' data-av_iconfont='entypo-fontello' title='' data-avia-related-tooltip='Compartir por correo'><span class='avia_hidden_link_text'>Compartir por correo<\/span><\/a><\/li><\/ul><\/div><\/div>\n<div  style='height:50px' class='hr hr-invisible   avia-builder-el-8  el_after_av_social_share  el_before_av_comments_list '><span class='hr-inner ' ><span class='hr-inner-style'><\/span><\/span><\/div>\n<div  class='av-buildercomment  av-blog-meta-html-info-disabled av-blog-meta-tag-disabled  '><\/div>\n","protected":false},"excerpt":{"rendered":"","protected":false},"author":1,"featured_media":0,"comment_status":"open","ping_status":"open","sticky":false,"template":"","format":"standard","meta":{"footnotes":""},"categories":[46],"tags":[],"class_list":["post-2911","post","type-post","status-publish","format-standard","hentry","category-salud"],"jetpack_featured_media_url":"","_links":{"self":[{"href":"https:\/\/radiorevelacionfm.cl\/index.php?rest_route=\/wp\/v2\/posts\/2911","targetHints":{"allow":["GET"]}}],"collection":[{"href":"https:\/\/radiorevelacionfm.cl\/index.php?rest_route=\/wp\/v2\/posts"}],"about":[{"href":"https:\/\/radiorevelacionfm.cl\/index.php?rest_route=\/wp\/v2\/types\/post"}],"author":[{"embeddable":true,"href":"https:\/\/radiorevelacionfm.cl\/index.php?rest_route=\/wp\/v2\/users\/1"}],"replies":[{"embeddable":true,"href":"https:\/\/radiorevelacionfm.cl\/index.php?rest_route=%2Fwp%2Fv2%2Fcomments&post=2911"}],"version-history":[{"count":1,"href":"https:\/\/radiorevelacionfm.cl\/index.php?rest_route=\/wp\/v2\/posts\/2911\/revisions"}],"predecessor-version":[{"id":2913,"href":"https:\/\/radiorevelacionfm.cl\/index.php?rest_route=\/wp\/v2\/posts\/2911\/revisions\/2913"}],"wp:attachment":[{"href":"https:\/\/radiorevelacionfm.cl\/index.php?rest_route=%2Fwp%2Fv2%2Fmedia&parent=2911"}],"wp:term":[{"taxonomy":"category","embeddable":true,"href":"https:\/\/radiorevelacionfm.cl\/index.php?rest_route=%2Fwp%2Fv2%2Fcategories&post=2911"},{"taxonomy":"post_tag","embeddable":true,"href":"https:\/\/radiorevelacionfm.cl\/index.php?rest_route=%2Fwp%2Fv2%2Ftags&post=2911"}],"curies":[{"name":"wp","href":"https:\/\/api.w.org\/{rel}","templated":true}]}}