{"id":29104,"date":"2023-03-20T21:12:54","date_gmt":"2023-03-21T00:12:54","guid":{"rendered":"https:\/\/radiorevelacionfm.cl\/?p=29104"},"modified":"2023-03-20T21:15:26","modified_gmt":"2023-03-21T00:15:26","slug":"cambio-a-la-modalidad-tecnico-profesional-del-liceo-de-melinka-se-abordara-en-paralelo-al-proyecto-de-reposicion-del-establecimiento","status":"publish","type":"post","link":"https:\/\/radiorevelacionfm.cl\/?p=29104","title":{"rendered":"Cambio a la modalidad T\u00e9cnico Profesional del Liceo de Melinka se abordar\u00e1 en paralelo al proyecto de reposici\u00f3n del establecimiento"},"content":{"rendered":"<div class=\"flex_column av_one_full  flex_column_div av-zero-column-padding first  avia-builder-el-0  el_before_av_one_full  avia-builder-el-first  \" style='border-radius:0px; '><div  class='avia-image-container  av-styling-    avia-builder-el-1  avia-builder-el-no-sibling  avia-align-center '  itemprop=\"image\" itemscope=\"itemscope\" itemtype=\"https:\/\/schema.org\/ImageObject\"  ><div class='avia-image-container-inner'><div class='avia-image-overlay-wrap'><img decoding=\"async\" class='wp-image-29105 avia-img-lazy-loading-not-29105 avia_image' src=\"https:\/\/radiorevelacionfm.cl\/wp-content\/uploads\/2023\/03\/Reunion-municipo-y-Dieccion-de-Arquitectura-1-1.jpg\" alt='' title='Reunion-municipo-y-Dieccion-de-Arquitectura (1) (1)' height=\"600\" width=\"800\"  itemprop=\"thumbnailUrl\" srcset=\"https:\/\/radiorevelacionfm.cl\/wp-content\/uploads\/2023\/03\/Reunion-municipo-y-Dieccion-de-Arquitectura-1-1.jpg 800w, https:\/\/radiorevelacionfm.cl\/wp-content\/uploads\/2023\/03\/Reunion-municipo-y-Dieccion-de-Arquitectura-1-1-300x225.jpg 300w, https:\/\/radiorevelacionfm.cl\/wp-content\/uploads\/2023\/03\/Reunion-municipo-y-Dieccion-de-Arquitectura-1-1-768x576.jpg 768w, https:\/\/radiorevelacionfm.cl\/wp-content\/uploads\/2023\/03\/Reunion-municipo-y-Dieccion-de-Arquitectura-1-1-705x529.jpg 705w, https:\/\/radiorevelacionfm.cl\/wp-content\/uploads\/2023\/03\/Reunion-municipo-y-Dieccion-de-Arquitectura-1-1-600x450.jpg 600w\" sizes=\"(max-width: 800px) 100vw, 800px\" \/><\/div><\/div><\/div><\/div>\n<div class=\"flex_column av_one_full  flex_column_div av-zero-column-padding first  avia-builder-el-2  el_after_av_one_full  el_before_av_one_full  column-top-margin\" style='border-radius:0px; '><section class=\"av_textblock_section \"  itemscope=\"itemscope\" itemtype=\"https:\/\/schema.org\/BlogPosting\" itemprop=\"blogPost\" ><div class='avia_textblock  '   itemprop=\"text\" ><p style=\"text-align: center;\"><strong><span style=\"font-size: 18pt;\">Cambio a la modalidad T\u00e9cnico Profesional del Liceo de Melinka se abordar\u00e1 en paralelo al proyecto de reposici\u00f3n del establecimiento<\/span><\/strong><\/p>\n<div id=\"gtx-trans\" style=\"position: absolute; left: -50px; top: 4.31534px;\">\n<div class=\"gtx-trans-icon\"><\/div>\n<\/div>\n<\/div><\/section><\/div>\n<div class=\"flex_column av_one_full  flex_column_div av-zero-column-padding first  avia-builder-el-4  el_after_av_one_full  el_before_av_hr  column-top-margin\" style='border-radius:0px; '><section class=\"av_textblock_section \"  itemscope=\"itemscope\" itemtype=\"https:\/\/schema.org\/BlogPosting\" itemprop=\"blogPost\" ><div class='avia_textblock  '   itemprop=\"text\" ><p style=\"text-align: justify;\">Abordar un nuevo proyecto bajo la modalidad t\u00e9cnica podr\u00eda implicar un retraso de un a\u00f1o en la ejecuci\u00f3n de la ambiciosa iniciativa.<\/p>\n<p style=\"text-align: justify;\">Con el objetivo de no retrasar el proyecto de reposici\u00f3n del liceo de Melinka, el municipio de Guaitecas y la Direcci\u00f3n de Arquitectura, del Ministerio de Obras P\u00fablicas, resolvieron proseguir con el dise\u00f1o original de la iniciativa y no abordar en esta etapa el cambio a la modalidad de liceo t\u00e9cnico profesional, como se hab\u00eda barajado en su oportunidad.<\/p>\n<p style=\"text-align: justify;\">Esto pues abordar el proyecto pensando en la modalidad de liceo t\u00e9cnico implicar\u00eda modificaciones que podr\u00edan retrasar hasta en un a\u00f1o la iniciativa de inversi\u00f3n y porque en la pr\u00e1ctica lo que aprob\u00f3 socialmente el Ministerio de Desarrollo Social es un proyecto de reposici\u00f3n bajo la modalidad cient\u00edfico humanista.<\/p>\n<p style=\"text-align: justify;\">Jennifer Flores, profesional de la Direcci\u00f3n de Arquitectura, que es el organismo que est\u00e1 llevando el proceso de licitaci\u00f3n del dise\u00f1o del nuevo establecimiento, explic\u00f3 que esto no implica abandonar la opci\u00f3n t\u00e9cnico profesional, que se trabajar\u00e1 en paralelo al proyecto en desarrollo.<\/p>\n<p style=\"text-align: justify;\">\u201cNosotros vamos a trabajar el proyecto que est\u00e1 aprobado por el Ministerio de Desarrollo Social, que corresponde a la dotaci\u00f3n de infraestructura para preb\u00e1sica, b\u00e1sica y media en cient\u00edfico humanista y lo que es t\u00e9cnico profesional lo va a seguir trabajando el alcalde con su equipo para poder hacer el cambio a esa modalidad y buscar las especialidades que sean mejor para la zona\u201d, indic\u00f3.<\/p>\n<p style=\"text-align: justify;\">Por su parte el alcalde de Guaitecas Marcos Silva indic\u00f3 que se tomar\u00e1n los recaudos para dejar proyectada la modalidad t\u00e9cnico profesional en el nuevo establecimiento.<\/p>\n<p style=\"text-align: justify;\">Por otro lado, la autoridad comunal indic\u00f3 que, a pesar del traspaso de la educaci\u00f3n municipal al Servicio Local de Educaci\u00f3n P\u00fablica de la Regi\u00f3n de Ays\u00e9n, a producirse el pr\u00f3ximo a\u00f1o, el municipio seguir\u00e1 como responsable del proyecto de reposici\u00f3n del Liceo Melinka.<\/p>\n<p style=\"text-align: justify;\">\u201cLa municipalidad, que est\u00e1 trabajando en esta iniciativa para contar con el dise\u00f1o y luego conseguir los recursos para la construcci\u00f3n del liceo, seguir\u00e1 a cargo de este proyecto. Nosotros no vamos a soltar este proyecto porque el pr\u00f3ximo a\u00f1o la educaci\u00f3n municipal se traspasa a un nuevo sistema, pues adem\u00e1s no nos vamos a desligar de la educaci\u00f3n, pues vamos a seguir estando ac\u00e1 y problemas en el \u00e1rea de educaci\u00f3n siempre van a haber\u201d, dijo el alcalde Marcos Silva.<\/p>\n<p style=\"text-align: justify;\">\u201cVamos a estar siempre disponibles para atender los requerimientos que la educaci\u00f3n tenga en nuestra comuna, porque nos interesa que nuestras ni\u00f1as y ni\u00f1os tengan lo que necesitan y para eso estamos convocados y no vamos a parar y descansar hasta lograr lo que Melinka necesita para tener mejores condiciones de vida\u201d, se\u00f1al\u00f3 finalmente el alcalde de la comuna de Guaitecas, Marcos Silva.<\/p>\n<\/div><\/section><\/div><div  style='height:50px' class='hr hr-invisible   avia-builder-el-6  el_after_av_one_full  el_before_av_social_share '><span class='hr-inner ' ><span class='hr-inner-style'><\/span><\/span><\/div><\/p>\n<div  class='av-social-sharing-box  avia-builder-el-7  el_after_av_hr  el_before_av_hr  '><div class='av-share-box'><h5 class='av-share-link-description av-no-toc '>Compartir esta noticia<\/h5><ul class='av-share-box-list noLightbox'><li class='av-share-link av-social-link-facebook' ><a target=\"_blank\" aria-label=\"Compartir en Facebook\" href='https:\/\/www.facebook.com\/sharer.php?u=https:\/\/radiorevelacionfm.cl\/?p=29104&#038;t=Cambio%20a%20la%20modalidad%20T%C3%A9cnico%20Profesional%20del%20Liceo%20de%20Melinka%20se%20abordar%C3%A1%20en%20paralelo%20al%20proyecto%20de%20reposici%C3%B3n%20del%20establecimiento' aria-hidden='false' data-av_icon='\ue8f3' data-av_iconfont='entypo-fontello' title='' data-avia-related-tooltip='Compartir en Facebook' rel=\"noopener\"><span class='avia_hidden_link_text'>Compartir en Facebook<\/span><\/a><\/li><li class='av-share-link av-social-link-twitter' ><a target=\"_blank\" aria-label=\"Compartir en Twitter\" href='https:\/\/twitter.com\/share?text=Cambio%20a%20la%20modalidad%20T%C3%A9cnico%20Profesional%20del%20Liceo%20de%20Melinka%20se%20abordar%C3%A1%20en%20paralelo%20al%20proyecto%20de%20reposici%C3%B3n%20del%20establecimiento&#038;url=https:\/\/radiorevelacionfm.cl\/?p=29104' aria-hidden='false' data-av_icon='\ue8f1' data-av_iconfont='entypo-fontello' title='' data-avia-related-tooltip='Compartir en Twitter' rel=\"noopener\"><span class='avia_hidden_link_text'>Compartir en Twitter<\/span><\/a><\/li><li class='av-share-link av-social-link-whatsapp' ><a target=\"_blank\" aria-label=\"Compartir en Whatsapp\" href='https:\/\/api.whatsapp.com\/send?text=https:\/\/radiorevelacionfm.cl\/?p=29104' aria-hidden='false' data-av_icon='\uf232' data-av_iconfont='entypo-fontello' title='' data-avia-related-tooltip='Compartir en Whatsapp' rel=\"noopener\"><span class='avia_hidden_link_text'>Compartir en Whatsapp<\/span><\/a><\/li><li class='av-share-link av-social-link-linkedin' ><a target=\"_blank\" aria-label=\"Compartir en LinkedIn\" href='https:\/\/linkedin.com\/shareArticle?mini=true&#038;title=Cambio%20a%20la%20modalidad%20T%C3%A9cnico%20Profesional%20del%20Liceo%20de%20Melinka%20se%20abordar%C3%A1%20en%20paralelo%20al%20proyecto%20de%20reposici%C3%B3n%20del%20establecimiento&#038;url=https:\/\/radiorevelacionfm.cl\/?p=29104' aria-hidden='false' data-av_icon='\ue8fc' data-av_iconfont='entypo-fontello' title='' data-avia-related-tooltip='Compartir en LinkedIn' rel=\"noopener\"><span class='avia_hidden_link_text'>Compartir en LinkedIn<\/span><\/a><\/li><li class='av-share-link av-social-link-mail' ><a  aria-label=\"Compartir por correo\" href='mailto:?subject=Cambio%20a%20la%20modalidad%20T%C3%A9cnico%20Profesional%20del%20Liceo%20de%20Melinka%20se%20abordar%C3%A1%20en%20paralelo%20al%20proyecto%20de%20reposici%C3%B3n%20del%20establecimiento&#038;body=https:\/\/radiorevelacionfm.cl\/?p=29104' aria-hidden='false' data-av_icon='\ue805' data-av_iconfont='entypo-fontello' title='' data-avia-related-tooltip='Compartir por correo'><span class='avia_hidden_link_text'>Compartir por correo<\/span><\/a><\/li><\/ul><\/div><\/div>\n<div  style='height:50px' class='hr hr-invisible   avia-builder-el-8  el_after_av_social_share  el_before_av_comments_list '><span class='hr-inner ' ><span class='hr-inner-style'><\/span><\/span><\/div>\n<div  class='av-buildercomment  av-blog-meta-html-info-disabled av-blog-meta-tag-disabled  '><\/div>\n","protected":false},"excerpt":{"rendered":"","protected":false},"author":1,"featured_media":29105,"comment_status":"open","ping_status":"open","sticky":false,"template":"","format":"standard","meta":{"footnotes":""},"categories":[38],"tags":[],"class_list":["post-29104","post","type-post","status-publish","format-standard","has-post-thumbnail","hentry","category-regional"],"jetpack_featured_media_url":"https:\/\/radiorevelacionfm.cl\/wp-content\/uploads\/2023\/03\/Reunion-municipo-y-Dieccion-de-Arquitectura-1-1.jpg","_links":{"self":[{"href":"https:\/\/radiorevelacionfm.cl\/index.php?rest_route=\/wp\/v2\/posts\/29104","targetHints":{"allow":["GET"]}}],"collection":[{"href":"https:\/\/radiorevelacionfm.cl\/index.php?rest_route=\/wp\/v2\/posts"}],"about":[{"href":"https:\/\/radiorevelacionfm.cl\/index.php?rest_route=\/wp\/v2\/types\/post"}],"author":[{"embeddable":true,"href":"https:\/\/radiorevelacionfm.cl\/index.php?rest_route=\/wp\/v2\/users\/1"}],"replies":[{"embeddable":true,"href":"https:\/\/radiorevelacionfm.cl\/index.php?rest_route=%2Fwp%2Fv2%2Fcomments&post=29104"}],"version-history":[{"count":3,"href":"https:\/\/radiorevelacionfm.cl\/index.php?rest_route=\/wp\/v2\/posts\/29104\/revisions"}],"predecessor-version":[{"id":29107,"href":"https:\/\/radiorevelacionfm.cl\/index.php?rest_route=\/wp\/v2\/posts\/29104\/revisions\/29107"}],"wp:featuredmedia":[{"embeddable":true,"href":"https:\/\/radiorevelacionfm.cl\/index.php?rest_route=\/wp\/v2\/media\/29105"}],"wp:attachment":[{"href":"https:\/\/radiorevelacionfm.cl\/index.php?rest_route=%2Fwp%2Fv2%2Fmedia&parent=29104"}],"wp:term":[{"taxonomy":"category","embeddable":true,"href":"https:\/\/radiorevelacionfm.cl\/index.php?rest_route=%2Fwp%2Fv2%2Fcategories&post=29104"},{"taxonomy":"post_tag","embeddable":true,"href":"https:\/\/radiorevelacionfm.cl\/index.php?rest_route=%2Fwp%2Fv2%2Ftags&post=29104"}],"curies":[{"name":"wp","href":"https:\/\/api.w.org\/{rel}","templated":true}]}}