{"id":29098,"date":"2023-03-21T10:32:37","date_gmt":"2023-03-21T13:32:37","guid":{"rendered":"https:\/\/radiorevelacionfm.cl\/?p=29098"},"modified":"2023-03-21T10:41:02","modified_gmt":"2023-03-21T13:41:02","slug":"seremi-de-desarrollo-social-y-familia-expuso-en-comision-de-presupuesto-e-inversion-del-consejo-regional","status":"publish","type":"post","link":"https:\/\/radiorevelacionfm.cl\/?p=29098","title":{"rendered":"Seremi de Desarrollo Social y Familia expuso en comisi\u00f3n de presupuesto e inversi\u00f3n del Consejo Regional"},"content":{"rendered":"<div class=\"flex_column av_one_full  flex_column_div av-zero-column-padding first  avia-builder-el-0  el_before_av_one_full  avia-builder-el-first  \" style='border-radius:0px; '><div  class='avia-image-container  av-styling-    avia-builder-el-1  avia-builder-el-no-sibling  avia-align-center '  itemprop=\"image\" itemscope=\"itemscope\" itemtype=\"https:\/\/schema.org\/ImageObject\"  ><div class='avia-image-container-inner'><div class='avia-image-overlay-wrap'><img decoding=\"async\" class='wp-image-29099 avia-img-lazy-loading-not-29099 avia_image' src=\"https:\/\/radiorevelacionfm.cl\/wp-content\/uploads\/2023\/03\/comision-mas-seremia-1_optimized.jpg\" alt='' title='comisi\u00f3n-m\u00e1s-serem\u00eda-(1)_optimized' height=\"600\" width=\"1117\"  itemprop=\"thumbnailUrl\" srcset=\"https:\/\/radiorevelacionfm.cl\/wp-content\/uploads\/2023\/03\/comision-mas-seremia-1_optimized.jpg 1117w, https:\/\/radiorevelacionfm.cl\/wp-content\/uploads\/2023\/03\/comision-mas-seremia-1_optimized-300x161.jpg 300w, https:\/\/radiorevelacionfm.cl\/wp-content\/uploads\/2023\/03\/comision-mas-seremia-1_optimized-1030x553.jpg 1030w, https:\/\/radiorevelacionfm.cl\/wp-content\/uploads\/2023\/03\/comision-mas-seremia-1_optimized-768x413.jpg 768w, https:\/\/radiorevelacionfm.cl\/wp-content\/uploads\/2023\/03\/comision-mas-seremia-1_optimized-705x379.jpg 705w, https:\/\/radiorevelacionfm.cl\/wp-content\/uploads\/2023\/03\/comision-mas-seremia-1_optimized-600x322.jpg 600w\" sizes=\"(max-width: 1117px) 100vw, 1117px\" \/><\/div><\/div><\/div><\/div>\n<div class=\"flex_column av_one_full  flex_column_div av-zero-column-padding first  avia-builder-el-2  el_after_av_one_full  el_before_av_one_full  column-top-margin\" style='border-radius:0px; '><section class=\"av_textblock_section \"  itemscope=\"itemscope\" itemtype=\"https:\/\/schema.org\/BlogPosting\" itemprop=\"blogPost\" ><div class='avia_textblock  '   itemprop=\"text\" ><p style=\"text-align: center;\"><span style=\"font-size: 18pt;\"><strong>Seremi de Desarrollo Social y Familia expuso en comisi\u00f3n de presupuesto e inversi\u00f3n del Consejo Regional<\/strong><\/span><\/p>\n<div id=\"gtx-trans\" style=\"position: absolute; left: -50px; top: 4.31534px;\">\n<div class=\"gtx-trans-icon\"><\/div>\n<\/div>\n<\/div><\/section><\/div>\n<div class=\"flex_column av_one_full  flex_column_div av-zero-column-padding first  avia-builder-el-4  el_after_av_one_full  el_before_av_hr  column-top-margin\" style='border-radius:0px; '><section class=\"av_textblock_section \"  itemscope=\"itemscope\" itemtype=\"https:\/\/schema.org\/BlogPosting\" itemprop=\"blogPost\" ><div class='avia_textblock  '   itemprop=\"text\" ><p style=\"text-align: justify;\">Como \u201cuna oportunidad para transparentar las metodolog\u00edas y responsabilidades del proceso de evaluaci\u00f3n de proyectos de inversi\u00f3n\u201d fue catalogada la exposici\u00f3n realizada por la SEREMI de Desarrollo Social y Familia, Karina Acevedo Auad y el coordinador del \u00e1rea de inversiones de dicho ministerio, Boris L\u00f3pez. La instancia que fue ampliamente valorada por los y las consejeras regionales permiti\u00f3 conocer el estado actual de las iniciativas de inversi\u00f3n que se encuentran el Banco Integrado de Proyectos, los tiempos de respuestas y la cantidad de iniciativas presentadas por instituciones p\u00fablicas y municipios de la Regi\u00f3n de Ays\u00e9n.<\/p>\n<p style=\"text-align: justify;\">Karina Acevedo Auad, SEREMI de Desarrollo Social y Familia, explic\u00f3 que esta exposici\u00f3n se da en el marco de una invitaci\u00f3n del Consejo Regional que les permiti\u00f3 como Ministerio exponer la realidad de los proyectos de inversi\u00f3n y los tiempos de respuesta de las instituciones, la cantidad de proyectos ingresados, entre otros elementos relevantes como por ejemplo que: el \u201c2022 fueron 35 los proyectos que alcanzaron el RS (Recomendaci\u00f3n Satisfactoria) y que el tiempo promedio para alcanzar dicho RATE fue de 152 d\u00edas, mientras que el tiempo de respuesta a observaciones a las instituciones fue 8,8 d\u00edas por parte del ministerio y que a la fecha han ingresado 21 proyectos al sistema nacional de inversiones para el proceso presupuestario 2023\u201d.<\/p>\n<p style=\"text-align: justify;\">En el marco de esa invitaci\u00f3n, Paula Acu\u00f1a Ojeda, presidenta de la Comisi\u00f3n de Presupuesto e Inversi\u00f3n del Consejo Regional, agradeci\u00f3 la disposici\u00f3n de Ministerio, destacando la claridad de los antecedentes entregados as\u00ed como la importancia de conocer las nuevas Normas, Instrucciones y Procedimientos de la Inversi\u00f3n P\u00fablica (NIP). \u201cFue una presentaci\u00f3n s\u00faper clara que nos permiti\u00f3 hacer consultas sobre la cartera de proyectos ingresados a marzo del 2023 y conocer la nueva normativa que rige el Sistema Nacional de Inversiones. Agradecemos la disposici\u00f3n del Ministerio de Desarrollo Social porque para nosotros y nuestra funci\u00f3n es muy importante conocer el estado actual de la cartera de proyectos y la normativa que los rige\u201d, dijo la consejera regional.<\/p>\n<p style=\"text-align: justify;\">Por su parte, \u00a0el vicepresidente de la Comisi\u00f3n de Inversiones del CORE Ays\u00e9n, Jorge Abello\u00a0 Moll, \u00a0dijo que \u201cnos hab\u00edamos planteado reunirnos con la SEREMI y la verdad que la exposici\u00f3n fue muy clara y necesaria porque nos permite conocer la din\u00e1mica de presentaci\u00f3n de proyectos del sistema nacional de inversiones. Siempre estamos recibiendo a las unidades t\u00e9cnicas y formuladoras de proyectos y entendemos que son est\u00e1s instituciones las que deben ir avanzando en sus propios procedimientos, tambi\u00e9n nos permiti\u00f3 esclarecer las inquietudes que hab\u00edan sobre los proyectos de conservaci\u00f3n que se cre\u00eda que pudieran demorarse m\u00e1s, sin embargo nos queda claro que el proceso no tienen ninguna complejidad anexa\u201d.<\/p>\n<p style=\"text-align: justify;\"><strong>CAPACITACIONES A SERVICIOS P\u00daBLICOS Y MUNICIPIOS<\/strong><\/p>\n<p style=\"text-align: justify;\">Si bien desde el a\u00f1o pasado se informa trimestralmente al Delegado Presidencial, Gobernadora Regional y Alcaldes de la Regi\u00f3n de Ays\u00e9n sobre el sistema nacional de inversiones: el estado actual de los proyectos, tiempos de evaluaci\u00f3n y respuestas de los sectores, tambi\u00e9n se incorpor\u00f3 un proceso de\u00a0 capacitaciones a equipos gubernamentales y municipales de forma descentralizada para abordar temas como el sistema nacional de inversiones, la elaboraci\u00f3n de proyectos sociales y la normativa vigente.<\/p>\n<p style=\"text-align: justify;\">Fue en esa l\u00ednea, que s\u00f3lo 24 horas despu\u00e9s de desarrollada la exposici\u00f3n en el Gobierno Regional, el equipo del Ministerio de Desarrollo Social lleg\u00f3 hasta Chile Chico para capacitar al equipo t\u00e9cnico de dicha instituci\u00f3n, instancia que fue ampliamente valorada por su alcalde, Luperciano Mu\u00f1oz. \u201cEste ministerio es una de la Serem\u00edas m\u00e1s importante porque tiene que ver con las recomendaciones t\u00e9cnicas de las iniciativas para que luego lograr su financiamiento. Estas normas han ido cambiando y es necesario capacitar a nuestros funcionarios, enviamos una solitud a la Seremi y por supuesto que agradecemos la pronta reacci\u00f3n para entregarnos esta capacitaci\u00f3n. Mientras nosotros estemos m\u00e1s capacitados e informados tendremos m\u00e1s herramientas t\u00e9cnicas para llevar nuestra iniciativas a financiamiento\u201d.<\/p>\n<p style=\"text-align: justify;\">Finalmente, Karina Acevedo Auad, SEREMI de Desarrollo Social y Familia,\u00a0 relev\u00f3 la importancia de estas instancias de capacitaci\u00f3n y dijo que \u201cestamos hoy en Chile Chico pero trabajaremos con las distintas unidades formuladoras, gubernamentales y Municipales, porque es parte de lo que hemos dise\u00f1ado para este 2023 y para los pr\u00f3ximos a\u00f1os, esta normativa va cambiando y debemos ir actualizando los conocimientos de los equipos, lo importante es que las unidades formuladoras est\u00e9n debidamente informadas y actualizadas sobre estas disposiciones\u201d.<\/p>\n<\/div><\/section><\/div><div  style='height:50px' class='hr hr-invisible   avia-builder-el-6  el_after_av_one_full  el_before_av_social_share '><span class='hr-inner ' ><span class='hr-inner-style'><\/span><\/span><\/div><\/p>\n<div  class='av-social-sharing-box  avia-builder-el-7  el_after_av_hr  el_before_av_hr  '><div class='av-share-box'><h5 class='av-share-link-description av-no-toc '>Compartir esta noticia<\/h5><ul class='av-share-box-list noLightbox'><li class='av-share-link av-social-link-facebook' ><a target=\"_blank\" aria-label=\"Compartir en Facebook\" href='https:\/\/www.facebook.com\/sharer.php?u=https:\/\/radiorevelacionfm.cl\/?p=29098&#038;t=Seremi%20de%20Desarrollo%20Social%20y%20Familia%20expuso%20en%20comisi%C3%B3n%20de%20presupuesto%20e%20inversi%C3%B3n%20del%20Consejo%20Regional' aria-hidden='false' data-av_icon='\ue8f3' data-av_iconfont='entypo-fontello' title='' data-avia-related-tooltip='Compartir en Facebook' rel=\"noopener\"><span class='avia_hidden_link_text'>Compartir en Facebook<\/span><\/a><\/li><li class='av-share-link av-social-link-twitter' ><a target=\"_blank\" aria-label=\"Compartir en Twitter\" href='https:\/\/twitter.com\/share?text=Seremi%20de%20Desarrollo%20Social%20y%20Familia%20expuso%20en%20comisi%C3%B3n%20de%20presupuesto%20e%20inversi%C3%B3n%20del%20Consejo%20Regional&#038;url=https:\/\/radiorevelacionfm.cl\/?p=29098' aria-hidden='false' data-av_icon='\ue8f1' data-av_iconfont='entypo-fontello' title='' data-avia-related-tooltip='Compartir en Twitter' rel=\"noopener\"><span class='avia_hidden_link_text'>Compartir en Twitter<\/span><\/a><\/li><li class='av-share-link av-social-link-whatsapp' ><a target=\"_blank\" aria-label=\"Compartir en Whatsapp\" href='https:\/\/api.whatsapp.com\/send?text=https:\/\/radiorevelacionfm.cl\/?p=29098' aria-hidden='false' data-av_icon='\uf232' data-av_iconfont='entypo-fontello' title='' data-avia-related-tooltip='Compartir en Whatsapp' rel=\"noopener\"><span class='avia_hidden_link_text'>Compartir en Whatsapp<\/span><\/a><\/li><li class='av-share-link av-social-link-linkedin' ><a target=\"_blank\" aria-label=\"Compartir en LinkedIn\" href='https:\/\/linkedin.com\/shareArticle?mini=true&#038;title=Seremi%20de%20Desarrollo%20Social%20y%20Familia%20expuso%20en%20comisi%C3%B3n%20de%20presupuesto%20e%20inversi%C3%B3n%20del%20Consejo%20Regional&#038;url=https:\/\/radiorevelacionfm.cl\/?p=29098' aria-hidden='false' data-av_icon='\ue8fc' data-av_iconfont='entypo-fontello' title='' data-avia-related-tooltip='Compartir en LinkedIn' rel=\"noopener\"><span class='avia_hidden_link_text'>Compartir en LinkedIn<\/span><\/a><\/li><li class='av-share-link av-social-link-mail' ><a  aria-label=\"Compartir por correo\" href='mailto:?subject=Seremi%20de%20Desarrollo%20Social%20y%20Familia%20expuso%20en%20comisi%C3%B3n%20de%20presupuesto%20e%20inversi%C3%B3n%20del%20Consejo%20Regional&#038;body=https:\/\/radiorevelacionfm.cl\/?p=29098' aria-hidden='false' data-av_icon='\ue805' data-av_iconfont='entypo-fontello' title='' data-avia-related-tooltip='Compartir por correo'><span class='avia_hidden_link_text'>Compartir por correo<\/span><\/a><\/li><\/ul><\/div><\/div>\n<div  style='height:50px' class='hr hr-invisible   avia-builder-el-8  el_after_av_social_share  el_before_av_comments_list '><span class='hr-inner ' ><span class='hr-inner-style'><\/span><\/span><\/div>\n<div  class='av-buildercomment  av-blog-meta-html-info-disabled av-blog-meta-tag-disabled  '><\/div>\n","protected":false},"excerpt":{"rendered":"","protected":false},"author":1,"featured_media":29099,"comment_status":"open","ping_status":"open","sticky":false,"template":"","format":"standard","meta":{"footnotes":""},"categories":[38],"tags":[],"class_list":["post-29098","post","type-post","status-publish","format-standard","has-post-thumbnail","hentry","category-regional"],"jetpack_featured_media_url":"https:\/\/radiorevelacionfm.cl\/wp-content\/uploads\/2023\/03\/comision-mas-seremia-1_optimized.jpg","_links":{"self":[{"href":"https:\/\/radiorevelacionfm.cl\/index.php?rest_route=\/wp\/v2\/posts\/29098","targetHints":{"allow":["GET"]}}],"collection":[{"href":"https:\/\/radiorevelacionfm.cl\/index.php?rest_route=\/wp\/v2\/posts"}],"about":[{"href":"https:\/\/radiorevelacionfm.cl\/index.php?rest_route=\/wp\/v2\/types\/post"}],"author":[{"embeddable":true,"href":"https:\/\/radiorevelacionfm.cl\/index.php?rest_route=\/wp\/v2\/users\/1"}],"replies":[{"embeddable":true,"href":"https:\/\/radiorevelacionfm.cl\/index.php?rest_route=%2Fwp%2Fv2%2Fcomments&post=29098"}],"version-history":[{"count":3,"href":"https:\/\/radiorevelacionfm.cl\/index.php?rest_route=\/wp\/v2\/posts\/29098\/revisions"}],"predecessor-version":[{"id":29113,"href":"https:\/\/radiorevelacionfm.cl\/index.php?rest_route=\/wp\/v2\/posts\/29098\/revisions\/29113"}],"wp:featuredmedia":[{"embeddable":true,"href":"https:\/\/radiorevelacionfm.cl\/index.php?rest_route=\/wp\/v2\/media\/29099"}],"wp:attachment":[{"href":"https:\/\/radiorevelacionfm.cl\/index.php?rest_route=%2Fwp%2Fv2%2Fmedia&parent=29098"}],"wp:term":[{"taxonomy":"category","embeddable":true,"href":"https:\/\/radiorevelacionfm.cl\/index.php?rest_route=%2Fwp%2Fv2%2Fcategories&post=29098"},{"taxonomy":"post_tag","embeddable":true,"href":"https:\/\/radiorevelacionfm.cl\/index.php?rest_route=%2Fwp%2Fv2%2Ftags&post=29098"}],"curies":[{"name":"wp","href":"https:\/\/api.w.org\/{rel}","templated":true}]}}