{"id":29092,"date":"2023-03-21T09:31:38","date_gmt":"2023-03-21T12:31:38","guid":{"rendered":"https:\/\/radiorevelacionfm.cl\/?p=29092"},"modified":"2023-03-21T09:31:38","modified_gmt":"2023-03-21T12:31:38","slug":"diputado-calisto-visito-dependencias-de-la-casa-de-la-agrupacion-de-pacientes-trasladados-y-resalto-labor-que-realizan-en-la-region","status":"publish","type":"post","link":"https:\/\/radiorevelacionfm.cl\/?p=29092","title":{"rendered":"Diputado Calisto visit\u00f3 dependencias de la casa de la agrupaci\u00f3n de pacientes trasladados y resalt\u00f3 labor que realizan en la regi\u00f3n"},"content":{"rendered":"<div class=\"flex_column av_one_full  flex_column_div av-zero-column-padding first  avia-builder-el-0  el_before_av_one_full  avia-builder-el-first  \" style='border-radius:0px; '><div  class='avia-image-container  av-styling-    avia-builder-el-1  avia-builder-el-no-sibling  avia-align-center '  itemprop=\"image\" itemscope=\"itemscope\" itemtype=\"https:\/\/schema.org\/ImageObject\"  ><div class='avia-image-container-inner'><div class='avia-image-overlay-wrap'><img decoding=\"async\" class='wp-image-29093 avia-img-lazy-loading-not-29093 avia_image' src=\"https:\/\/radiorevelacionfm.cl\/wp-content\/uploads\/2023\/03\/FOTO-VISITA-PACIENTES-TRASLADADOS-1-1.jpeg\" alt='' title='FOTO VISITA PACIENTES TRASLADADOS (1) (1)' height=\"600\" width=\"1056\"  itemprop=\"thumbnailUrl\" srcset=\"https:\/\/radiorevelacionfm.cl\/wp-content\/uploads\/2023\/03\/FOTO-VISITA-PACIENTES-TRASLADADOS-1-1.jpeg 1056w, https:\/\/radiorevelacionfm.cl\/wp-content\/uploads\/2023\/03\/FOTO-VISITA-PACIENTES-TRASLADADOS-1-1-300x170.jpeg 300w, https:\/\/radiorevelacionfm.cl\/wp-content\/uploads\/2023\/03\/FOTO-VISITA-PACIENTES-TRASLADADOS-1-1-1030x585.jpeg 1030w, https:\/\/radiorevelacionfm.cl\/wp-content\/uploads\/2023\/03\/FOTO-VISITA-PACIENTES-TRASLADADOS-1-1-768x436.jpeg 768w, https:\/\/radiorevelacionfm.cl\/wp-content\/uploads\/2023\/03\/FOTO-VISITA-PACIENTES-TRASLADADOS-1-1-705x401.jpeg 705w, https:\/\/radiorevelacionfm.cl\/wp-content\/uploads\/2023\/03\/FOTO-VISITA-PACIENTES-TRASLADADOS-1-1-600x341.jpeg 600w\" sizes=\"(max-width: 1056px) 100vw, 1056px\" \/><\/div><\/div><\/div><\/div><div class=\"flex_column av_one_full  flex_column_div av-zero-column-padding first  avia-builder-el-2  el_after_av_one_full  el_before_av_one_full  column-top-margin\" style='border-radius:0px; '><section class=\"av_textblock_section \"  itemscope=\"itemscope\" itemtype=\"https:\/\/schema.org\/BlogPosting\" itemprop=\"blogPost\" ><div class='avia_textblock  '   itemprop=\"text\" ><p style=\"text-align: center;\"><strong><span style=\"font-size: 18pt;\">Diputado Calisto visit\u00f3 dependencias de la casa de la agrupaci\u00f3n de pacientes trasladados y resalt\u00f3 labor que realizan en la regi\u00f3n<\/span><\/strong><\/p>\n<div id=\"gtx-trans\" style=\"position: absolute; left: -50px; top: 4.31534px;\">\n<div class=\"gtx-trans-icon\"><\/div>\n<\/div>\n<\/div><\/section><\/div><div class=\"flex_column av_one_full  flex_column_div av-zero-column-padding first  avia-builder-el-4  el_after_av_one_full  el_before_av_hr  column-top-margin\" style='border-radius:0px; '><section class=\"av_textblock_section \"  itemscope=\"itemscope\" itemtype=\"https:\/\/schema.org\/BlogPosting\" itemprop=\"blogPost\" ><div class='avia_textblock  '   itemprop=\"text\" ><p style=\"font-weight: 400; text-align: justify;\">Consciente de la importancia de este inmueble para las cientos de personas que deben venir a Coyhaique por tratamientos m\u00e9dicos, el diputado Miguel \u00c1ngel Calisto visit\u00f3 las dependencias de la casa de la Agrupaci\u00f3n de Pacientes Trasladados, instancia en que aprovech\u00f3 de resaltar el trabajo que realiza esta organizaci\u00f3n en la regi\u00f3n.<\/p>\n<p style=\"font-weight: 400; text-align: justify;\">Seg\u00fan el diputado Miguel \u00c1ngel Calisto, \u201cestamos en la casa de la agrupaci\u00f3n de pacientes trasladados de Coyhaique. Muy contentos por esta estructura nueva que est\u00e1 funcionando todos los d\u00edas con pacientes de toda la regi\u00f3n, ellos vienen se hospedan y reciben un calor de hogar y un techo digno, que es importante para muchas personas que se tratan sus enfermedades\u201d.<\/p>\n<p style=\"font-weight: 400; text-align: justify;\">Calisto agreg\u00f3 que \u201cquiero felicitar el trabajo que durante a\u00f1os han realizado las dirigentes de la agrupaci\u00f3n de Pacientes Trasladados, que hacen trabajo tremendamente importante y de coraz\u00f3n, con mucha solidaridad. Hay varios desaf\u00edos, la casa no es f\u00e1cil sostenerla y mantenerla. Tenemos el desaf\u00edo de fortalecer el trabajo en Santiago, en Valdivia, as\u00ed que pondremos todo el esfuerzo, porque esta es una casa com\u00fan de todos los Patagones\u201d.<\/p>\n<p style=\"font-weight: 400; text-align: justify;\">Finalmente, la concejala y dirigente hist\u00f3rica de esta agrupaci\u00f3n, Yohanna Hern\u00e1ndez, indic\u00f3 que \u00a0\u201cagradecemos al diputado Calisto por estar ac\u00e1, apoyando siempre a la organizaci\u00f3n, \u00e9l ha estado desde sus inicios, as\u00ed que sabe perfectamente de todo el trabajo que hemos realizado durante todos estos a\u00f1os. Casi el 90% de nuestros pacientes son oncol\u00f3gicos que llegan con costo cero a esos departamentos que tenemos en otras zonas. Cada ayuda, cada gesti\u00f3n que se realiza es importante para cada uno de los pacientes de la regi\u00f3n de Ays\u00e9n\u201d.<\/p>\n<\/div><\/section><\/div><div  style='height:50px' class='hr hr-invisible   avia-builder-el-6  el_after_av_one_full  el_before_av_social_share '><span class='hr-inner ' ><span class='hr-inner-style'><\/span><\/span><\/div><\/p>\n<div  class='av-social-sharing-box  avia-builder-el-7  el_after_av_hr  el_before_av_hr  '><div class='av-share-box'><h5 class='av-share-link-description av-no-toc '>Compartir esta noticia<\/h5><ul class='av-share-box-list noLightbox'><li class='av-share-link av-social-link-facebook' ><a target=\"_blank\" aria-label=\"Compartir en Facebook\" href='https:\/\/www.facebook.com\/sharer.php?u=https:\/\/radiorevelacionfm.cl\/?p=29092&#038;t=Diputado%20Calisto%20visit%C3%B3%20dependencias%20de%20la%20casa%20de%20la%20agrupaci%C3%B3n%20de%20pacientes%20trasladados%20y%20resalt%C3%B3%20labor%20que%20realizan%20en%20la%20regi%C3%B3n' aria-hidden='false' data-av_icon='\ue8f3' data-av_iconfont='entypo-fontello' title='' data-avia-related-tooltip='Compartir en Facebook' rel=\"noopener\"><span class='avia_hidden_link_text'>Compartir en Facebook<\/span><\/a><\/li><li class='av-share-link av-social-link-twitter' ><a target=\"_blank\" aria-label=\"Compartir en Twitter\" href='https:\/\/twitter.com\/share?text=Diputado%20Calisto%20visit%C3%B3%20dependencias%20de%20la%20casa%20de%20la%20agrupaci%C3%B3n%20de%20pacientes%20trasladados%20y%20resalt%C3%B3%20labor%20que%20realizan%20en%20la%20regi%C3%B3n&#038;url=https:\/\/radiorevelacionfm.cl\/?p=29092' aria-hidden='false' data-av_icon='\ue8f1' data-av_iconfont='entypo-fontello' title='' data-avia-related-tooltip='Compartir en Twitter' rel=\"noopener\"><span class='avia_hidden_link_text'>Compartir en Twitter<\/span><\/a><\/li><li class='av-share-link av-social-link-whatsapp' ><a target=\"_blank\" aria-label=\"Compartir en Whatsapp\" href='https:\/\/api.whatsapp.com\/send?text=https:\/\/radiorevelacionfm.cl\/?p=29092' aria-hidden='false' data-av_icon='\uf232' data-av_iconfont='entypo-fontello' title='' data-avia-related-tooltip='Compartir en Whatsapp' rel=\"noopener\"><span class='avia_hidden_link_text'>Compartir en Whatsapp<\/span><\/a><\/li><li class='av-share-link av-social-link-linkedin' ><a target=\"_blank\" aria-label=\"Compartir en LinkedIn\" href='https:\/\/linkedin.com\/shareArticle?mini=true&#038;title=Diputado%20Calisto%20visit%C3%B3%20dependencias%20de%20la%20casa%20de%20la%20agrupaci%C3%B3n%20de%20pacientes%20trasladados%20y%20resalt%C3%B3%20labor%20que%20realizan%20en%20la%20regi%C3%B3n&#038;url=https:\/\/radiorevelacionfm.cl\/?p=29092' aria-hidden='false' data-av_icon='\ue8fc' data-av_iconfont='entypo-fontello' title='' data-avia-related-tooltip='Compartir en LinkedIn' rel=\"noopener\"><span class='avia_hidden_link_text'>Compartir en LinkedIn<\/span><\/a><\/li><li class='av-share-link av-social-link-mail' ><a  aria-label=\"Compartir por correo\" href='mailto:?subject=Diputado%20Calisto%20visit%C3%B3%20dependencias%20de%20la%20casa%20de%20la%20agrupaci%C3%B3n%20de%20pacientes%20trasladados%20y%20resalt%C3%B3%20labor%20que%20realizan%20en%20la%20regi%C3%B3n&#038;body=https:\/\/radiorevelacionfm.cl\/?p=29092' aria-hidden='false' data-av_icon='\ue805' data-av_iconfont='entypo-fontello' title='' data-avia-related-tooltip='Compartir por correo'><span class='avia_hidden_link_text'>Compartir por correo<\/span><\/a><\/li><\/ul><\/div><\/div>\n<div  style='height:50px' class='hr hr-invisible   avia-builder-el-8  el_after_av_social_share  el_before_av_comments_list '><span class='hr-inner ' ><span class='hr-inner-style'><\/span><\/span><\/div>\n<div  class='av-buildercomment  av-blog-meta-html-info-disabled av-blog-meta-tag-disabled  '><\/div>\n","protected":false},"excerpt":{"rendered":"","protected":false},"author":1,"featured_media":29093,"comment_status":"open","ping_status":"open","sticky":false,"template":"","format":"standard","meta":{"footnotes":""},"categories":[35],"tags":[],"class_list":["post-29092","post","type-post","status-publish","format-standard","has-post-thumbnail","hentry","category-politica"],"jetpack_featured_media_url":"https:\/\/radiorevelacionfm.cl\/wp-content\/uploads\/2023\/03\/FOTO-VISITA-PACIENTES-TRASLADADOS-1-1.jpeg","_links":{"self":[{"href":"https:\/\/radiorevelacionfm.cl\/index.php?rest_route=\/wp\/v2\/posts\/29092","targetHints":{"allow":["GET"]}}],"collection":[{"href":"https:\/\/radiorevelacionfm.cl\/index.php?rest_route=\/wp\/v2\/posts"}],"about":[{"href":"https:\/\/radiorevelacionfm.cl\/index.php?rest_route=\/wp\/v2\/types\/post"}],"author":[{"embeddable":true,"href":"https:\/\/radiorevelacionfm.cl\/index.php?rest_route=\/wp\/v2\/users\/1"}],"replies":[{"embeddable":true,"href":"https:\/\/radiorevelacionfm.cl\/index.php?rest_route=%2Fwp%2Fv2%2Fcomments&post=29092"}],"version-history":[{"count":2,"href":"https:\/\/radiorevelacionfm.cl\/index.php?rest_route=\/wp\/v2\/posts\/29092\/revisions"}],"predecessor-version":[{"id":29109,"href":"https:\/\/radiorevelacionfm.cl\/index.php?rest_route=\/wp\/v2\/posts\/29092\/revisions\/29109"}],"wp:featuredmedia":[{"embeddable":true,"href":"https:\/\/radiorevelacionfm.cl\/index.php?rest_route=\/wp\/v2\/media\/29093"}],"wp:attachment":[{"href":"https:\/\/radiorevelacionfm.cl\/index.php?rest_route=%2Fwp%2Fv2%2Fmedia&parent=29092"}],"wp:term":[{"taxonomy":"category","embeddable":true,"href":"https:\/\/radiorevelacionfm.cl\/index.php?rest_route=%2Fwp%2Fv2%2Fcategories&post=29092"},{"taxonomy":"post_tag","embeddable":true,"href":"https:\/\/radiorevelacionfm.cl\/index.php?rest_route=%2Fwp%2Fv2%2Ftags&post=29092"}],"curies":[{"name":"wp","href":"https:\/\/api.w.org\/{rel}","templated":true}]}}