{"id":29084,"date":"2023-03-21T10:46:22","date_gmt":"2023-03-21T13:46:22","guid":{"rendered":"https:\/\/radiorevelacionfm.cl\/?p=29084"},"modified":"2023-03-21T10:46:22","modified_gmt":"2023-03-21T13:46:22","slug":"continua-periodo-de-postulacion-a-los-programas-mujer-emprende-y-mujeres-jefas-de-hogar-de-sernameg","status":"publish","type":"post","link":"https:\/\/radiorevelacionfm.cl\/?p=29084","title":{"rendered":"Contin\u00faa per\u00edodo de postulaci\u00f3n a los programas Mujer Emprende y Mujeres Jefas de Hogar de SernamEG"},"content":{"rendered":"<div class=\"flex_column av_one_full  flex_column_div av-zero-column-padding first  avia-builder-el-0  el_before_av_one_full  avia-builder-el-first  \" style='border-radius:0px; '><div  class='avia-image-container  av-styling-    avia-builder-el-1  avia-builder-el-no-sibling  avia-align-center '  itemprop=\"image\" itemscope=\"itemscope\" itemtype=\"https:\/\/schema.org\/ImageObject\"  ><div class='avia-image-container-inner'><div class='avia-image-overlay-wrap'><img decoding=\"async\" class='wp-image-24646 avia-img-lazy-loading-not-24646 avia_image' src=\"https:\/\/radiorevelacionfm.cl\/wp-content\/uploads\/2022\/11\/feria-boulevard-sernameg-5-1_optimized.jpg\" alt='' title='feria-boulevard-sernameg--(5)-(1)_optimized' height=\"600\" width=\"901\"  itemprop=\"thumbnailUrl\" srcset=\"https:\/\/radiorevelacionfm.cl\/wp-content\/uploads\/2022\/11\/feria-boulevard-sernameg-5-1_optimized.jpg 901w, https:\/\/radiorevelacionfm.cl\/wp-content\/uploads\/2022\/11\/feria-boulevard-sernameg-5-1_optimized-300x200.jpg 300w, https:\/\/radiorevelacionfm.cl\/wp-content\/uploads\/2022\/11\/feria-boulevard-sernameg-5-1_optimized-768x511.jpg 768w, https:\/\/radiorevelacionfm.cl\/wp-content\/uploads\/2022\/11\/feria-boulevard-sernameg-5-1_optimized-705x469.jpg 705w, https:\/\/radiorevelacionfm.cl\/wp-content\/uploads\/2022\/11\/feria-boulevard-sernameg-5-1_optimized-600x400.jpg 600w\" sizes=\"(max-width: 901px) 100vw, 901px\" \/><\/div><\/div><\/div><\/div><div class=\"flex_column av_one_full  flex_column_div av-zero-column-padding first  avia-builder-el-2  el_after_av_one_full  el_before_av_one_full  column-top-margin\" style='border-radius:0px; '><section class=\"av_textblock_section \"  itemscope=\"itemscope\" itemtype=\"https:\/\/schema.org\/BlogPosting\" itemprop=\"blogPost\" ><div class='avia_textblock  '   itemprop=\"text\" ><p style=\"text-align: center;\"><strong><span style=\"font-size: 18pt;\">Contin\u00faa per\u00edodo de postulaci\u00f3n a los programas Mujer Emprende y Mujeres Jefas de Hogar de SernamEG<\/span><\/strong><\/p>\n<div id=\"gtx-trans\" style=\"position: absolute; left: -50px; top: 4.31534px;\">\n<div class=\"gtx-trans-icon\"><\/div>\n<\/div>\n<\/div><\/section><\/div><div class=\"flex_column av_one_full  flex_column_div av-zero-column-padding first  avia-builder-el-4  el_after_av_one_full  el_before_av_hr  column-top-margin\" style='border-radius:0px; '><section class=\"av_textblock_section \"  itemscope=\"itemscope\" itemtype=\"https:\/\/schema.org\/BlogPosting\" itemprop=\"blogPost\" ><div class='avia_textblock  '   itemprop=\"text\" ><p class=\"v1MsoNormal\" style=\"text-align: justify;\"><span lang=\"ES\">Con el objetivo de que m\u00e1s mujeres logren alcanzar, mantener y\/o mejorar su autonom\u00eda econ\u00f3mica, el Servicio Nacional de la Mujer y la Equidad de G\u00e9nero, SernamEG, reitera el llamado a postular a los programas Mujer Emprende y Mujeres Jefas de Hogar. Este \u00faltimo modelo program\u00e1tico, se ejecuta en convenio con la Municipalidad de Ays\u00e9n.<\/span><\/p>\n<p class=\"v1MsoNormal\" style=\"text-align: justify;\"><span lang=\"ES\">M\u00e1s de dos d\u00e9cadas, lleva el programa Mujeres Jefas de Hogar presente en la comuna de Ays\u00e9n, contribuyendo a la disminuci\u00f3n de las condicionantes, que impiden que sus participantes puedan mejorar su calidad de vida, a trav\u00e9s de su independencia econ\u00f3mica. Para ello, se les entrega una formaci\u00f3n que consiste en la construcci\u00f3n e implementaci\u00f3n de una estrategia concreta; que les permita mejorar sus condiciones de empleabilidad de manera dependiente o independiente en el mercado laboral. Tambi\u00e9n, tienen acceso a servicios p\u00fablicos y privados, que mejoren sus competencias t\u00e9cnicas, as\u00ed como su vida personal y familiar.<\/span><\/p>\n<p class=\"v1MsoNormal\" style=\"text-align: justify;\"><span lang=\"ES\">Junto con relevar el trabajo coordinado con la Municipalidad de Ays\u00e9n, la Directora Regional (S) de SernamEG, Carla Arriagada Malague\u00f1o, sostuvo que \u00abel a\u00f1o 2022 fue un per\u00edodo de transici\u00f3n que permiti\u00f3 una recuperaci\u00f3n de la baja inserci\u00f3n de las mujeres en el mercado laboral. Recordemos que, en el per\u00edodo m\u00e1s \u00e1lgido de la pandemia, en junio de 2020, lleg\u00f3 a un 41,2%, por lo que, durante el presente a\u00f1o, debemos avanzar en retomar los desaf\u00edos previos a la presencia del COVID-19 en el pa\u00eds. La relevancia que tiene el programa Mujeres Jefas de Hogar, teniendo en cuenta las m\u00faltiples iniciativas p\u00fablicas que promueven la generaci\u00f3n de ingresos, es que no todas visualizan ni abordan, de manera integral, las brechas y barreras de g\u00e9nero; que inciden en la inserci\u00f3n y trayectoria laboral como lo hace esta intervenci\u00f3n program\u00e1tica\u00bb.<\/span><\/p>\n<p class=\"v1MsoNormal\" style=\"text-align: justify;\"><span lang=\"ES\">Para Jessica Vargas Chaura su trayectoria en el modelo program\u00e1tico \u00abfue una experiencia buena, destaco la buena disposici\u00f3n de las monitoras, ellas te orientan y te ayudan. Hay beneficios en cuanto a atenciones dentales y oftalmol\u00f3gicas, tambi\u00e9n nivelaci\u00f3n de estudios; as\u00ed que lo recomiendo. Si tienen la oportunidad de ser parte \u00a1Postulen! Es gratificante saber que una puede emprender y hacer sus sue\u00f1os realidad\u00bb.\u00a0\u00a0\u00a0<\/span><\/p>\n<p class=\"v1MsoNormal\" style=\"text-align: justify;\">Las interesadas que viven en Puerto Ays\u00e9n y Puerto Chacabuco, deben postular en la oficina del programa Mujeres Jefas de Hogar ubicada en las dependencias de la Direcci\u00f3n de Desarrollo Comunitario, calle Teniente Merino N\u00b0630 Puerto Ays\u00e9n, de lunes a viernes de 8:30 a 13:00 horas y de 14:30 a 16:30 horas; el plazo de postulaci\u00f3n en la comuna de Ays\u00e9n finaliza el viernes\u00a0<span lang=\"ES-MX\">24 de marzo.<\/span><\/p>\n<p class=\"v1MsoNormal\" style=\"text-align: justify;\"><b><span lang=\"ES\">PROGRAMA MUJER EMPRENDE<\/span><\/b><\/p>\n<p class=\"v1MsoNormal\" style=\"text-align: justify;\"><span lang=\"ES\">Garantizar el desarrollo continuo de los emprendimientos femeninos, entreg\u00e1ndoles herramientas t\u00e9cnicas y de gesti\u00f3n es el objetivo que tiene el programa Mujer Emprende. Para ello, cuenta con tres l\u00edneas de acci\u00f3n. La primera de ellas, se denomina Fomento de Redes y Asociatividad que apunta a generar v\u00ednculos entre emprendedoras, y al mismo tiempo, organizar instancias de traspaso de conocimientos de mujeres con mayor trayectoria de sus emprendimientos, hacia aquellas que tienen un tiempo menor en el desarrollo de su microempresa; a trav\u00e9s de las denominadas Tutor\u00edas y Mentor\u00edas. \u00a0<\/span><\/p>\n<p class=\"v1MsoNormal\" style=\"text-align: justify;\"><span lang=\"ES\">En tanto, en Acciones para el Desarrollo de los Emprendimientos, corresponde a la generaci\u00f3n de iniciativas, ya sea a trav\u00e9s de convenios o alianzas estrat\u00e9gicas con instituciones p\u00fablicas y privadas, para fortalecer las intervenciones de SernamEG destinadas a las emprendedoras. A trav\u00e9s de capacitaciones, charlas y talleres, entre otras. La tercera l\u00ednea de acci\u00f3n es la Escuela Mujer Emprende, la que\u00a0<\/span>apunta a profesionalizar el emprendimiento, consolidando y profundizando conocimientos previos, a trav\u00e9s del empoderamiento personal y relacional; y el fortalecimiento de las capacidades de las emprendedoras. Para ello el proceso de formaci\u00f3n incorpora un plan com\u00fan y uno diferenciado que permite dar respuesta a las necesidades de los diversos perfiles de las emprendedoras.<\/p>\n<p class=\"v1MsoNormal\" style=\"text-align: justify;\"><span lang=\"ES\">Respecto a su trayectoria en la intervenci\u00f3n program\u00e1tica, Sandra Daza Zapata, dijo: \u00abver en este tiempo, el apoyo que he recibido para mi emprendimiento ha sido de gran ayuda, para el desarrollo del mismo, adquiriendo conocimientos que me han permitido desarrollar, de manera m\u00e1s efectiva, mis habilidades de negocio. En esta etapa de evoluci\u00f3n educativa, el Programa me ha facilitado las herramientas y conocimientos, para poder llevar a cabo a largo plazo un ejemplar plan de negocios con la idea de lograr un proyecto basado en la estabilidad econ\u00f3mica que hoy en d\u00eda pesa mucho en las mujeres\u00bb.<\/span><\/p>\n<p class=\"v1MsoNormal\" style=\"text-align: justify;\"><span lang=\"ES\">El plazo de postulaci\u00f3n al programa Mujer Emprende culmina a fines de abril, las interesadas deben acercarse a la Direcci\u00f3n Regional de SernamEG; ubicada en Avenida Baquedano 257, Coyhaique. El horario de atenci\u00f3n es de lunes a jueves, de 08:30 a 12:30 horas y de 14:30 a 16:30 horas. Finalmente, se puede obtener informaci\u00f3n comunic\u00e1ndose con la encargada regional del Programa, a trav\u00e9s del correo electr\u00f3nico:\u00a0<\/span><a href=\"mailto:blemus@sernameg.gob.cl\" rel=\"noreferrer\"><span lang=\"ES\">blemus@sernameg.gob.cl<\/span><\/a><span lang=\"ES\">.\u00a0<\/span><\/p>\n<\/div><\/section><\/div><div  style='height:50px' class='hr hr-invisible   avia-builder-el-6  el_after_av_one_full  el_before_av_social_share '><span class='hr-inner ' ><span class='hr-inner-style'><\/span><\/span><\/div><\/p>\n<div  class='av-social-sharing-box  avia-builder-el-7  el_after_av_hr  el_before_av_hr  '><div class='av-share-box'><h5 class='av-share-link-description av-no-toc '>Compartir esta noticia<\/h5><ul class='av-share-box-list noLightbox'><li class='av-share-link av-social-link-facebook' ><a target=\"_blank\" aria-label=\"Compartir en Facebook\" href='https:\/\/www.facebook.com\/sharer.php?u=https:\/\/radiorevelacionfm.cl\/?p=29084&#038;t=Contin%C3%BAa%20per%C3%ADodo%20de%20postulaci%C3%B3n%20a%20los%20programas%20Mujer%20Emprende%20y%20Mujeres%20Jefas%20de%20Hogar%20de%20SernamEG' aria-hidden='false' data-av_icon='\ue8f3' data-av_iconfont='entypo-fontello' title='' data-avia-related-tooltip='Compartir en Facebook' rel=\"noopener\"><span class='avia_hidden_link_text'>Compartir en Facebook<\/span><\/a><\/li><li class='av-share-link av-social-link-twitter' ><a target=\"_blank\" aria-label=\"Compartir en Twitter\" href='https:\/\/twitter.com\/share?text=Contin%C3%BAa%20per%C3%ADodo%20de%20postulaci%C3%B3n%20a%20los%20programas%20Mujer%20Emprende%20y%20Mujeres%20Jefas%20de%20Hogar%20de%20SernamEG&#038;url=https:\/\/radiorevelacionfm.cl\/?p=29084' aria-hidden='false' data-av_icon='\ue8f1' data-av_iconfont='entypo-fontello' title='' data-avia-related-tooltip='Compartir en Twitter' rel=\"noopener\"><span class='avia_hidden_link_text'>Compartir en Twitter<\/span><\/a><\/li><li class='av-share-link av-social-link-whatsapp' ><a target=\"_blank\" aria-label=\"Compartir en Whatsapp\" href='https:\/\/api.whatsapp.com\/send?text=https:\/\/radiorevelacionfm.cl\/?p=29084' aria-hidden='false' data-av_icon='\uf232' data-av_iconfont='entypo-fontello' title='' data-avia-related-tooltip='Compartir en Whatsapp' rel=\"noopener\"><span class='avia_hidden_link_text'>Compartir en Whatsapp<\/span><\/a><\/li><li class='av-share-link av-social-link-linkedin' ><a target=\"_blank\" aria-label=\"Compartir en LinkedIn\" href='https:\/\/linkedin.com\/shareArticle?mini=true&#038;title=Contin%C3%BAa%20per%C3%ADodo%20de%20postulaci%C3%B3n%20a%20los%20programas%20Mujer%20Emprende%20y%20Mujeres%20Jefas%20de%20Hogar%20de%20SernamEG&#038;url=https:\/\/radiorevelacionfm.cl\/?p=29084' aria-hidden='false' data-av_icon='\ue8fc' data-av_iconfont='entypo-fontello' title='' data-avia-related-tooltip='Compartir en LinkedIn' rel=\"noopener\"><span class='avia_hidden_link_text'>Compartir en LinkedIn<\/span><\/a><\/li><li class='av-share-link av-social-link-mail' ><a  aria-label=\"Compartir por correo\" href='mailto:?subject=Contin%C3%BAa%20per%C3%ADodo%20de%20postulaci%C3%B3n%20a%20los%20programas%20Mujer%20Emprende%20y%20Mujeres%20Jefas%20de%20Hogar%20de%20SernamEG&#038;body=https:\/\/radiorevelacionfm.cl\/?p=29084' aria-hidden='false' data-av_icon='\ue805' data-av_iconfont='entypo-fontello' title='' data-avia-related-tooltip='Compartir por correo'><span class='avia_hidden_link_text'>Compartir por correo<\/span><\/a><\/li><\/ul><\/div><\/div>\n<div  style='height:50px' class='hr hr-invisible   avia-builder-el-8  el_after_av_social_share  el_before_av_comments_list '><span class='hr-inner ' ><span class='hr-inner-style'><\/span><\/span><\/div>\n<div  class='av-buildercomment  av-blog-meta-html-info-disabled av-blog-meta-tag-disabled  '><\/div>\n","protected":false},"excerpt":{"rendered":"","protected":false},"author":1,"featured_media":24646,"comment_status":"open","ping_status":"open","sticky":false,"template":"","format":"standard","meta":{"footnotes":""},"categories":[38],"tags":[],"class_list":["post-29084","post","type-post","status-publish","format-standard","has-post-thumbnail","hentry","category-regional"],"jetpack_featured_media_url":"https:\/\/radiorevelacionfm.cl\/wp-content\/uploads\/2022\/11\/feria-boulevard-sernameg-5-1_optimized.jpg","_links":{"self":[{"href":"https:\/\/radiorevelacionfm.cl\/index.php?rest_route=\/wp\/v2\/posts\/29084","targetHints":{"allow":["GET"]}}],"collection":[{"href":"https:\/\/radiorevelacionfm.cl\/index.php?rest_route=\/wp\/v2\/posts"}],"about":[{"href":"https:\/\/radiorevelacionfm.cl\/index.php?rest_route=\/wp\/v2\/types\/post"}],"author":[{"embeddable":true,"href":"https:\/\/radiorevelacionfm.cl\/index.php?rest_route=\/wp\/v2\/users\/1"}],"replies":[{"embeddable":true,"href":"https:\/\/radiorevelacionfm.cl\/index.php?rest_route=%2Fwp%2Fv2%2Fcomments&post=29084"}],"version-history":[{"count":2,"href":"https:\/\/radiorevelacionfm.cl\/index.php?rest_route=\/wp\/v2\/posts\/29084\/revisions"}],"predecessor-version":[{"id":29115,"href":"https:\/\/radiorevelacionfm.cl\/index.php?rest_route=\/wp\/v2\/posts\/29084\/revisions\/29115"}],"wp:featuredmedia":[{"embeddable":true,"href":"https:\/\/radiorevelacionfm.cl\/index.php?rest_route=\/wp\/v2\/media\/24646"}],"wp:attachment":[{"href":"https:\/\/radiorevelacionfm.cl\/index.php?rest_route=%2Fwp%2Fv2%2Fmedia&parent=29084"}],"wp:term":[{"taxonomy":"category","embeddable":true,"href":"https:\/\/radiorevelacionfm.cl\/index.php?rest_route=%2Fwp%2Fv2%2Fcategories&post=29084"},{"taxonomy":"post_tag","embeddable":true,"href":"https:\/\/radiorevelacionfm.cl\/index.php?rest_route=%2Fwp%2Fv2%2Ftags&post=29084"}],"curies":[{"name":"wp","href":"https:\/\/api.w.org\/{rel}","templated":true}]}}