{"id":29081,"date":"2023-03-20T18:42:07","date_gmt":"2023-03-20T21:42:07","guid":{"rendered":"https:\/\/radiorevelacionfm.cl\/?p=29081"},"modified":"2023-03-20T18:42:07","modified_gmt":"2023-03-20T21:42:07","slug":"sindicato-de-estibadores-llega-a-consenso-en-mesa-de-trabajo-por-mejores-condiciones-laborales-a-largo-plazo","status":"publish","type":"post","link":"https:\/\/radiorevelacionfm.cl\/?p=29081","title":{"rendered":"Sindicato de Estibadores llega a consenso en Mesa de Trabajo por mejores condiciones laborales a largo plazo"},"content":{"rendered":"<div class=\"flex_column av_one_full  flex_column_div av-zero-column-padding first  avia-builder-el-0  el_before_av_one_full  avia-builder-el-first  \" style='border-radius:0px; '><div  class='avia-image-container  av-styling-    avia-builder-el-1  avia-builder-el-no-sibling  avia-align-center '  itemprop=\"image\" itemscope=\"itemscope\" itemtype=\"https:\/\/schema.org\/ImageObject\"  ><div class='avia-image-container-inner'><div class='avia-image-overlay-wrap'><img decoding=\"async\" class='wp-image-29082 avia-img-lazy-loading-not-29082 avia_image' src=\"https:\/\/radiorevelacionfm.cl\/wp-content\/uploads\/2023\/03\/reunion-con-emporcha-y-autmaritima-18-1_optimized.jpg\" alt='' title='reunion-con-emporcha-y-autmaritima-(18)-(1)_optimized' height=\"600\" width=\"800\"  itemprop=\"thumbnailUrl\" srcset=\"https:\/\/radiorevelacionfm.cl\/wp-content\/uploads\/2023\/03\/reunion-con-emporcha-y-autmaritima-18-1_optimized.jpg 800w, https:\/\/radiorevelacionfm.cl\/wp-content\/uploads\/2023\/03\/reunion-con-emporcha-y-autmaritima-18-1_optimized-300x225.jpg 300w, https:\/\/radiorevelacionfm.cl\/wp-content\/uploads\/2023\/03\/reunion-con-emporcha-y-autmaritima-18-1_optimized-768x576.jpg 768w, https:\/\/radiorevelacionfm.cl\/wp-content\/uploads\/2023\/03\/reunion-con-emporcha-y-autmaritima-18-1_optimized-705x529.jpg 705w, https:\/\/radiorevelacionfm.cl\/wp-content\/uploads\/2023\/03\/reunion-con-emporcha-y-autmaritima-18-1_optimized-600x450.jpg 600w\" sizes=\"(max-width: 800px) 100vw, 800px\" \/><\/div><\/div><\/div><\/div><div class=\"flex_column av_one_full  flex_column_div av-zero-column-padding first  avia-builder-el-2  el_after_av_one_full  el_before_av_one_full  column-top-margin\" style='border-radius:0px; '><section class=\"av_textblock_section \"  itemscope=\"itemscope\" itemtype=\"https:\/\/schema.org\/BlogPosting\" itemprop=\"blogPost\" ><div class='avia_textblock  '   itemprop=\"text\" ><p style=\"text-align: center;\"><span style=\"font-size: 18pt;\"><b><span lang=\"ES\">Sindicato de Estibadores llega a consenso en Mesa de Trabajo por mejores condiciones laborales a largo plazo<\/span><\/b><\/span><\/p>\n<div id=\"gtx-trans\" style=\"position: absolute; left: -50px; top: 4.31534px;\">\n<div class=\"gtx-trans-icon\"><\/div>\n<\/div>\n<\/div><\/section><\/div><div class=\"flex_column av_one_full  flex_column_div av-zero-column-padding first  avia-builder-el-4  el_after_av_one_full  el_before_av_hr  column-top-margin\" style='border-radius:0px; '><section class=\"av_textblock_section \"  itemscope=\"itemscope\" itemtype=\"https:\/\/schema.org\/BlogPosting\" itemprop=\"blogPost\" ><div class='avia_textblock  '   itemprop=\"text\" ><p class=\"v1MsoNormal\" style=\"text-align: justify;\"><span lang=\"ES-MX\">Con el prop\u00f3sito de mejorar sus condiciones laborales, el Sindicato de Estibadores y Desestibadores de Puerto Chacabuco logr\u00f3 un acuerdo a largo plazo con siete empresas del sector portuario, juntamente antes del embarque de carga m\u00e1s grande de su historia, que en estos momentos llevan m\u00e1s de 20 mil toneladas de zinc con rumbo a China.<\/span><\/p>\n<p class=\"v1MsoNormal\" style=\"text-align: justify;\"><span lang=\"ES-MX\">Georgette Rubilar, presidenta del Sindicato coment\u00f3 sobre el acuerdo y la mesa de trabajo, \u00abNosotros<\/span><span lang=\"ES-MX\">\u00a0<\/span><span lang=\"ES\">llevamos trabajando en una Mesa de Trabajo desde el 2021, con la cual se contuvo de ir a una peque\u00f1a movilizaci\u00f3n porque no pod\u00edamos llegar a juntar a todas las empresas, en la cual se lleg\u00f3 a un consenso y se lleg\u00f3 a buen fin, que es que todas las empresas pudieran participar de esta mesa y de ah\u00ed se fue trabajando. Agradecer en este caso al Seremi del Trabajo, por su apoyo a este sindicato y en general a todo el rubro portuario porque ten\u00edamos un acuerdo el cual fue firmado por todas las empresas, y con una de las empresas nos cost\u00f3 llegar a la mediaci\u00f3n, fue un gran apoyo para poder concretar nuestro fin que llegar a un tarifario de acuerdo al est\u00e1ndar y llegar a un buen consenso como trabajadores\u00bb.<\/span><\/p>\n<p class=\"v1gmail-MsoListParagraphCxSpMiddle\" style=\"text-align: justify;\"><span lang=\"ES\">En las conversaciones finales participaron el Seremi de Trabajo y Previsi\u00f3n Social , Rodrigo D\u00edaz y el Jefe de la oficina de la Inspecci\u00f3n Provincial del Trabajo de Ays\u00e9n, Luis Godoy, quienes apoyaron y orientaron a ambas partes y allanaron el camino para llegar a acuerdo.<\/span><\/p>\n<p class=\"v1gmail-MsoListParagraphCxSpMiddle\" style=\"text-align: justify;\"><span lang=\"ES\">El Seremi Rodrigo D\u00edaz entreg\u00f3 detalles del tema, \u00abComo Ministerio de Trabajo y Previsi\u00f3n Social, nos toc\u00f3 reunirnos con el Sindicato de Estibadores y Desestibadores en Puerto Chacabuco, a ra\u00edz que hab\u00eda una negociaci\u00f3n que estaba resultando fallida y eso podr\u00eda generar y detonar un paro portuario, raz\u00f3n por la cual redoblamos los esfuerzos con el apoyo tambi\u00e9n de la Direcci\u00f3n del Trabajo y finalmente pudimos aunar voluntades y lograr que se sentaran en la mesa a conversar las empresas faltantes, logramos llegar a acuerdo y tambi\u00e9n para hacer un trabajo permanente. Esta situaci\u00f3n nos permiti\u00f3 destrabar el conflicto, justamente cuando se iba a iniciar la carga del barco metalero que llev\u00f3 la carga de mayor importancia que ha salido del Puerto Chacabuco, las 20 mil toneladas. Era una situaci\u00f3n compleja e insisto, aunando voluntades logramos superar, sentar a todos en la mesa y que finalmente se firmara este acuerdo, as\u00ed que eso como ministerio nos deja muy contentos, por nuestros trabajadores y nuestras trabajadoras, y la continuidad de funciones con total normalidad en el puerto\u00bb, afirm\u00f3 el titular de Trabajo y Previsi\u00f3n Social.<\/span><\/p>\n<p class=\"v1gmail-MsoListParagraphCxSpMiddle\" style=\"text-align: justify;\"><span lang=\"ES\">Actualmente se est\u00e1 desarrollando un plan de trabajo a largo plazo, para lo cual el sindicato y el Seremi de Trabajo y Previsi\u00f3n Social ya se reunieron con Emporcha, la autoridad mar\u00edtima y Sence.<\/span><\/p>\n<\/div><\/section><\/div><div  style='height:50px' class='hr hr-invisible   avia-builder-el-6  el_after_av_one_full  el_before_av_social_share '><span class='hr-inner ' ><span class='hr-inner-style'><\/span><\/span><\/div><\/p>\n<div  class='av-social-sharing-box  avia-builder-el-7  el_after_av_hr  el_before_av_hr  '><div class='av-share-box'><h5 class='av-share-link-description av-no-toc '>Compartir esta noticia<\/h5><ul class='av-share-box-list noLightbox'><li class='av-share-link av-social-link-facebook' ><a target=\"_blank\" aria-label=\"Compartir en Facebook\" href='https:\/\/www.facebook.com\/sharer.php?u=https:\/\/radiorevelacionfm.cl\/?p=29081&#038;t=Sindicato%20de%20Estibadores%20llega%20a%20consenso%20en%20Mesa%20de%20Trabajo%20por%20mejores%20condiciones%20laborales%20a%20largo%20plazo' aria-hidden='false' data-av_icon='\ue8f3' data-av_iconfont='entypo-fontello' title='' data-avia-related-tooltip='Compartir en Facebook' rel=\"noopener\"><span class='avia_hidden_link_text'>Compartir en Facebook<\/span><\/a><\/li><li class='av-share-link av-social-link-twitter' ><a target=\"_blank\" aria-label=\"Compartir en Twitter\" href='https:\/\/twitter.com\/share?text=Sindicato%20de%20Estibadores%20llega%20a%20consenso%20en%20Mesa%20de%20Trabajo%20por%20mejores%20condiciones%20laborales%20a%20largo%20plazo&#038;url=https:\/\/radiorevelacionfm.cl\/?p=29081' aria-hidden='false' data-av_icon='\ue8f1' data-av_iconfont='entypo-fontello' title='' data-avia-related-tooltip='Compartir en Twitter' rel=\"noopener\"><span class='avia_hidden_link_text'>Compartir en Twitter<\/span><\/a><\/li><li class='av-share-link av-social-link-whatsapp' ><a target=\"_blank\" aria-label=\"Compartir en Whatsapp\" href='https:\/\/api.whatsapp.com\/send?text=https:\/\/radiorevelacionfm.cl\/?p=29081' aria-hidden='false' data-av_icon='\uf232' data-av_iconfont='entypo-fontello' title='' data-avia-related-tooltip='Compartir en Whatsapp' rel=\"noopener\"><span class='avia_hidden_link_text'>Compartir en Whatsapp<\/span><\/a><\/li><li class='av-share-link av-social-link-linkedin' ><a target=\"_blank\" aria-label=\"Compartir en LinkedIn\" href='https:\/\/linkedin.com\/shareArticle?mini=true&#038;title=Sindicato%20de%20Estibadores%20llega%20a%20consenso%20en%20Mesa%20de%20Trabajo%20por%20mejores%20condiciones%20laborales%20a%20largo%20plazo&#038;url=https:\/\/radiorevelacionfm.cl\/?p=29081' aria-hidden='false' data-av_icon='\ue8fc' data-av_iconfont='entypo-fontello' title='' data-avia-related-tooltip='Compartir en LinkedIn' rel=\"noopener\"><span class='avia_hidden_link_text'>Compartir en LinkedIn<\/span><\/a><\/li><li class='av-share-link av-social-link-mail' ><a  aria-label=\"Compartir por correo\" href='mailto:?subject=Sindicato%20de%20Estibadores%20llega%20a%20consenso%20en%20Mesa%20de%20Trabajo%20por%20mejores%20condiciones%20laborales%20a%20largo%20plazo&#038;body=https:\/\/radiorevelacionfm.cl\/?p=29081' aria-hidden='false' data-av_icon='\ue805' data-av_iconfont='entypo-fontello' title='' data-avia-related-tooltip='Compartir por correo'><span class='avia_hidden_link_text'>Compartir por correo<\/span><\/a><\/li><\/ul><\/div><\/div>\n<div  style='height:50px' class='hr hr-invisible   avia-builder-el-8  el_after_av_social_share  el_before_av_comments_list '><span class='hr-inner ' ><span class='hr-inner-style'><\/span><\/span><\/div>\n<div  class='av-buildercomment  av-blog-meta-html-info-disabled av-blog-meta-tag-disabled  '><\/div>\n","protected":false},"excerpt":{"rendered":"","protected":false},"author":1,"featured_media":29082,"comment_status":"open","ping_status":"open","sticky":false,"template":"","format":"standard","meta":{"footnotes":""},"categories":[56],"tags":[],"class_list":["post-29081","post","type-post","status-publish","format-standard","has-post-thumbnail","hentry","category-trabajo"],"jetpack_featured_media_url":"https:\/\/radiorevelacionfm.cl\/wp-content\/uploads\/2023\/03\/reunion-con-emporcha-y-autmaritima-18-1_optimized.jpg","_links":{"self":[{"href":"https:\/\/radiorevelacionfm.cl\/index.php?rest_route=\/wp\/v2\/posts\/29081","targetHints":{"allow":["GET"]}}],"collection":[{"href":"https:\/\/radiorevelacionfm.cl\/index.php?rest_route=\/wp\/v2\/posts"}],"about":[{"href":"https:\/\/radiorevelacionfm.cl\/index.php?rest_route=\/wp\/v2\/types\/post"}],"author":[{"embeddable":true,"href":"https:\/\/radiorevelacionfm.cl\/index.php?rest_route=\/wp\/v2\/users\/1"}],"replies":[{"embeddable":true,"href":"https:\/\/radiorevelacionfm.cl\/index.php?rest_route=%2Fwp%2Fv2%2Fcomments&post=29081"}],"version-history":[{"count":2,"href":"https:\/\/radiorevelacionfm.cl\/index.php?rest_route=\/wp\/v2\/posts\/29081\/revisions"}],"predecessor-version":[{"id":29102,"href":"https:\/\/radiorevelacionfm.cl\/index.php?rest_route=\/wp\/v2\/posts\/29081\/revisions\/29102"}],"wp:featuredmedia":[{"embeddable":true,"href":"https:\/\/radiorevelacionfm.cl\/index.php?rest_route=\/wp\/v2\/media\/29082"}],"wp:attachment":[{"href":"https:\/\/radiorevelacionfm.cl\/index.php?rest_route=%2Fwp%2Fv2%2Fmedia&parent=29081"}],"wp:term":[{"taxonomy":"category","embeddable":true,"href":"https:\/\/radiorevelacionfm.cl\/index.php?rest_route=%2Fwp%2Fv2%2Fcategories&post=29081"},{"taxonomy":"post_tag","embeddable":true,"href":"https:\/\/radiorevelacionfm.cl\/index.php?rest_route=%2Fwp%2Fv2%2Ftags&post=29081"}],"curies":[{"name":"wp","href":"https:\/\/api.w.org\/{rel}","templated":true}]}}