{"id":2908,"date":"2021-02-23T20:05:00","date_gmt":"2021-02-23T23:05:00","guid":{"rendered":"https:\/\/radiorevelacionfm.cl\/?p=2908"},"modified":"2021-02-23T20:05:00","modified_gmt":"2021-02-23T23:05:00","slug":"invitan-a-comunidad-de-villa-amengual-y-la-tapera-a-participar-en-tardes-recreativas-junto-al-mindep-e-ind","status":"publish","type":"post","link":"https:\/\/radiorevelacionfm.cl\/?p=2908","title":{"rendered":"Invitan a comunidad de Villa Amengual y La Tapera a participar en \u00abTardes Recreativas\u00bb junto al Mindep e IND"},"content":{"rendered":"<div class=\"flex_column av_one_full  flex_column_div av-zero-column-padding first  avia-builder-el-0  el_before_av_one_full  avia-builder-el-first  \" style='border-radius:0px; '><div  class='avia-image-container  av-styling-    avia-builder-el-1  avia-builder-el-no-sibling  avia-align-center '  itemprop=\"image\" itemscope=\"itemscope\" itemtype=\"https:\/\/schema.org\/ImageObject\"  ><div class='avia-image-container-inner'><div class='avia-image-overlay-wrap'><img decoding=\"async\" class='wp-image-0 avia-img-lazy-loading-not-0 avia_image' src=\"https:\/\/radiorevelacionfm.cl\/wp-content\/uploads\/2021\/02\/juegos.jpeg\" alt='' title=''   itemprop=\"thumbnailUrl\"  \/><\/div><\/div><\/div><\/div><div class=\"flex_column av_one_full  flex_column_div av-zero-column-padding first  avia-builder-el-2  el_after_av_one_full  el_before_av_one_full  column-top-margin\" style='border-radius:0px; '><section class=\"av_textblock_section \"  itemscope=\"itemscope\" itemtype=\"https:\/\/schema.org\/BlogPosting\" itemprop=\"blogPost\" ><div class='avia_textblock  '   itemprop=\"text\" ><p style=\"text-align: center;\"><span style=\"font-size: 18pt;\"><strong>Invitan a comunidad de Villa Amengual y La Tapera a participar en \u00abTardes Recreativas\u00bb junto al Mindep e IND<\/strong><\/span><\/p>\n<div id=\"gtx-trans\" style=\"position: absolute; left: -50px; top: 4.31534px;\">\n<div class=\"gtx-trans-icon\"><\/div>\n<\/div>\n<\/div><\/section><\/div><div class=\"flex_column av_one_full  flex_column_div av-zero-column-padding first  avia-builder-el-4  el_after_av_one_full  el_before_av_hr  column-top-margin\" style='border-radius:0px; '><section class=\"av_textblock_section \"  itemscope=\"itemscope\" itemtype=\"https:\/\/schema.org\/BlogPosting\" itemprop=\"blogPost\" ><div class='avia_textblock  '   itemprop=\"text\" ><p style=\"text-align: justify;\">La iniciativa que contempla f\u00fatbol calle, mini v\u00f3leibol, zumba, juegos inflables y Corrida Color 3 K,\u00a0\u00a0se realizar\u00e1\u00a0los d\u00edas 27 y 28 de febrero.<\/p>\n<p style=\"text-align: justify;\">Organizada por la agrupaci\u00f3n juvenil \u00abEntre R\u00edos y Monta\u00f1as\u00bb, con la colaboraci\u00f3n de la Municipalidad de Lago Verde, el Ministerio del Deporte e IND, la actividad consistir\u00e1 en dos tardes\u00a0\u00a0recreativas y deportivas al aire libre para toda la familia.<\/p>\n<p style=\"text-align: justify;\">El Seremi de Deporte, Rodrigo Cubilla Retamal, destac\u00f3 la iniciativa se\u00f1alando \u00abestamos muy motivados \u00a0de poder concertar la realizaci\u00f3n de estas tardes recreativas, fruto de un trabajo entre el Ministerio del Deportes e Ind, la Municipalidad de Lago Verde y las\u00a0organizaciones sociales a trav\u00e9s de la agrupaci\u00f3n juvenil, \u00a0quienes manifestaron la necesidad de realizar actividades durante el verano, as\u00ed que invito\u00a0a toda la comunidad Lago Verde a participar ya que adem\u00e1s de actividades deportivas habr\u00e1n premios y sorpresas, siempre tomando todas las precauciones y exigencias del plan Paso a Paso del Gobierno\u00bb, concluy\u00f3.<\/p>\n<p style=\"text-align: justify;\"><span style=\"font-family: Calibri, sans-serif;\">Por su parte, el a<\/span>lcalde de\u00a0 Lago Verde, Nelson Opazo precis\u00f3 \u00abqueremos hacer una cordial invitaci\u00f3n a los interesados en participar de esta actividad organizada por la agrupaci\u00f3n \u00abEntre R\u00edos y Monta\u00f1as\u00bb\u00a0 de Villa Amengual, con quienes hemos venido desarrollando\u00a0 algunos proyectos y junto al Mindep e Ind con quienes hemos generado un trabajo articulado entre las instituciones para generar diversas actividades y en este caso puntualmente\u00a0 en Villa Amengual y La Tapera\u00bb. Finalmente, el edil agreg\u00f3 \u00absolicito a todos los participantes, ni\u00f1os y j\u00f3venes y comunidad en general a tomar todos los resguardos necesarios para evitar cualquier situaci\u00f3n de riesgo frente al Covid 19\u00bb.<\/p>\n<p style=\"text-align: justify;\">Asimismo, Cynthia Bulher, Presidente de la Agrupaci\u00f3n\u00a0\u00a0Juvenil,\u00a0\u00a0Social Cultural y Deportiva\u00a0\u00abEntre R\u00edos y Monta\u00f1as\u00bb, coment\u00f3 \u00abcomo agrupaci\u00f3n\u00a0\u00a0queremos aportar a la comunidad y mantener el arraigo de los j\u00f3venes de la localidades de la comuna de Lago Verde y una de \u00e9stas acciones corresponde la organizaci\u00f3n de actividades recreativas y deportivas durante el verano ya que es necesario crear espacios de esparcimiento para ni\u00f1os, \u00a0j\u00f3venes y adultos, respetando las medidas sanitarias seg\u00fan la fase en la que nos encontramos\u00bb.<\/p>\n<p style=\"text-align: justify;\">En Villa Amengual, las actividades comenzar\u00e1n el s\u00e1bado 27 de febrero desde las 14:30\u00a0\u00a0con la corrida Color 3 K,\u00a0 para luego continuar \u00a0con diferentes campeonatos y actividades hasta las 19:30 horas.\u00a0 Al d\u00eda siguiente, la tarde recreativa se traslada hasta el estadio de Villa La Tapera,\u00a0\u00a0\u00a0donde\u00a0\u00a0partir de las desde las 15:00\u00a0y hasta las 19:00 horas, los asistentes podr\u00e1n participar en f\u00fatbol calle, mini voleibol, zumba y juegos inflables.<\/p>\n<div style=\"text-align: justify;\"><\/div>\n<\/div><\/section><\/div><div  style='height:50px' class='hr hr-invisible   avia-builder-el-6  el_after_av_one_full  el_before_av_social_share '><span class='hr-inner ' ><span class='hr-inner-style'><\/span><\/span><\/div><\/p>\n<div  class='av-social-sharing-box  avia-builder-el-7  el_after_av_hr  el_before_av_hr  '><div class='av-share-box'><h5 class='av-share-link-description av-no-toc '>Compartir esta noticia<\/h5><ul class='av-share-box-list noLightbox'><li class='av-share-link av-social-link-facebook' ><a target=\"_blank\" aria-label=\"Compartir en Facebook\" href='https:\/\/www.facebook.com\/sharer.php?u=https:\/\/radiorevelacionfm.cl\/?p=2908&#038;t=Invitan%20a%20comunidad%20de%20Villa%20Amengual%20y%20La%20Tapera%20a%20participar%20en%20%C2%ABTardes%20Recreativas%C2%BB%20junto%20al%20Mindep%20e%20IND' aria-hidden='false' data-av_icon='\ue8f3' data-av_iconfont='entypo-fontello' title='' data-avia-related-tooltip='Compartir en Facebook' rel=\"noopener\"><span class='avia_hidden_link_text'>Compartir en Facebook<\/span><\/a><\/li><li class='av-share-link av-social-link-twitter' ><a target=\"_blank\" aria-label=\"Compartir en Twitter\" href='https:\/\/twitter.com\/share?text=Invitan%20a%20comunidad%20de%20Villa%20Amengual%20y%20La%20Tapera%20a%20participar%20en%20%C2%ABTardes%20Recreativas%C2%BB%20junto%20al%20Mindep%20e%20IND&#038;url=https:\/\/radiorevelacionfm.cl\/?p=2908' aria-hidden='false' data-av_icon='\ue8f1' data-av_iconfont='entypo-fontello' title='' data-avia-related-tooltip='Compartir en Twitter' rel=\"noopener\"><span class='avia_hidden_link_text'>Compartir en Twitter<\/span><\/a><\/li><li class='av-share-link av-social-link-whatsapp' ><a target=\"_blank\" aria-label=\"Compartir en Whatsapp\" href='https:\/\/api.whatsapp.com\/send?text=https:\/\/radiorevelacionfm.cl\/?p=2908' aria-hidden='false' data-av_icon='\uf232' data-av_iconfont='entypo-fontello' title='' data-avia-related-tooltip='Compartir en Whatsapp' rel=\"noopener\"><span class='avia_hidden_link_text'>Compartir en Whatsapp<\/span><\/a><\/li><li class='av-share-link av-social-link-linkedin' ><a target=\"_blank\" aria-label=\"Compartir en LinkedIn\" href='https:\/\/linkedin.com\/shareArticle?mini=true&#038;title=Invitan%20a%20comunidad%20de%20Villa%20Amengual%20y%20La%20Tapera%20a%20participar%20en%20%C2%ABTardes%20Recreativas%C2%BB%20junto%20al%20Mindep%20e%20IND&#038;url=https:\/\/radiorevelacionfm.cl\/?p=2908' aria-hidden='false' data-av_icon='\ue8fc' data-av_iconfont='entypo-fontello' title='' data-avia-related-tooltip='Compartir en LinkedIn' rel=\"noopener\"><span class='avia_hidden_link_text'>Compartir en LinkedIn<\/span><\/a><\/li><li class='av-share-link av-social-link-mail' ><a  aria-label=\"Compartir por correo\" href='mailto:?subject=Invitan%20a%20comunidad%20de%20Villa%20Amengual%20y%20La%20Tapera%20a%20participar%20en%20%C2%ABTardes%20Recreativas%C2%BB%20junto%20al%20Mindep%20e%20IND&#038;body=https:\/\/radiorevelacionfm.cl\/?p=2908' aria-hidden='false' data-av_icon='\ue805' data-av_iconfont='entypo-fontello' title='' data-avia-related-tooltip='Compartir por correo'><span class='avia_hidden_link_text'>Compartir por correo<\/span><\/a><\/li><\/ul><\/div><\/div>\n<div  style='height:50px' class='hr hr-invisible   avia-builder-el-8  el_after_av_social_share  el_before_av_comments_list '><span class='hr-inner ' ><span class='hr-inner-style'><\/span><\/span><\/div>\n<div  class='av-buildercomment  av-blog-meta-html-info-disabled av-blog-meta-tag-disabled  '><\/div>\n","protected":false},"excerpt":{"rendered":"","protected":false},"author":1,"featured_media":0,"comment_status":"open","ping_status":"open","sticky":false,"template":"","format":"standard","meta":{"footnotes":""},"categories":[40],"tags":[],"class_list":["post-2908","post","type-post","status-publish","format-standard","hentry","category-deportes"],"jetpack_featured_media_url":"","_links":{"self":[{"href":"https:\/\/radiorevelacionfm.cl\/index.php?rest_route=\/wp\/v2\/posts\/2908","targetHints":{"allow":["GET"]}}],"collection":[{"href":"https:\/\/radiorevelacionfm.cl\/index.php?rest_route=\/wp\/v2\/posts"}],"about":[{"href":"https:\/\/radiorevelacionfm.cl\/index.php?rest_route=\/wp\/v2\/types\/post"}],"author":[{"embeddable":true,"href":"https:\/\/radiorevelacionfm.cl\/index.php?rest_route=\/wp\/v2\/users\/1"}],"replies":[{"embeddable":true,"href":"https:\/\/radiorevelacionfm.cl\/index.php?rest_route=%2Fwp%2Fv2%2Fcomments&post=2908"}],"version-history":[{"count":1,"href":"https:\/\/radiorevelacionfm.cl\/index.php?rest_route=\/wp\/v2\/posts\/2908\/revisions"}],"predecessor-version":[{"id":2910,"href":"https:\/\/radiorevelacionfm.cl\/index.php?rest_route=\/wp\/v2\/posts\/2908\/revisions\/2910"}],"wp:attachment":[{"href":"https:\/\/radiorevelacionfm.cl\/index.php?rest_route=%2Fwp%2Fv2%2Fmedia&parent=2908"}],"wp:term":[{"taxonomy":"category","embeddable":true,"href":"https:\/\/radiorevelacionfm.cl\/index.php?rest_route=%2Fwp%2Fv2%2Fcategories&post=2908"},{"taxonomy":"post_tag","embeddable":true,"href":"https:\/\/radiorevelacionfm.cl\/index.php?rest_route=%2Fwp%2Fv2%2Ftags&post=2908"}],"curies":[{"name":"wp","href":"https:\/\/api.w.org\/{rel}","templated":true}]}}