{"id":29077,"date":"2023-03-20T16:02:24","date_gmt":"2023-03-20T19:02:24","guid":{"rendered":"https:\/\/radiorevelacionfm.cl\/?p=29077"},"modified":"2023-03-20T16:02:24","modified_gmt":"2023-03-20T19:02:24","slug":"pdi-recupera-maquina-sustraida-desde-obras-en-sector-puente-la-cruz-de-coyhaique","status":"publish","type":"post","link":"https:\/\/radiorevelacionfm.cl\/?p=29077","title":{"rendered":"PDI recupera m\u00e1quina sustra\u00edda desde obras en sector Puente la Cruz de Coyhaique"},"content":{"rendered":"<div class=\"flex_column av_one_full  flex_column_div av-zero-column-padding first  avia-builder-el-0  el_before_av_one_full  avia-builder-el-first  \" style='border-radius:0px; '><div  class='avia-image-container  av-styling-    avia-builder-el-1  avia-builder-el-no-sibling  avia-align-center '  itemprop=\"image\" itemscope=\"itemscope\" itemtype=\"https:\/\/schema.org\/ImageObject\"  ><div class='avia-image-container-inner'><div class='avia-image-overlay-wrap'><img decoding=\"async\" class='wp-image-29078 avia-img-lazy-loading-not-29078 avia_image' src=\"https:\/\/radiorevelacionfm.cl\/wp-content\/uploads\/2023\/03\/carro-referencial-1-1.jpg\" alt='' title='carro referencial (1) (1)' height=\"600\" width=\"900\"  itemprop=\"thumbnailUrl\" srcset=\"https:\/\/radiorevelacionfm.cl\/wp-content\/uploads\/2023\/03\/carro-referencial-1-1.jpg 900w, https:\/\/radiorevelacionfm.cl\/wp-content\/uploads\/2023\/03\/carro-referencial-1-1-300x200.jpg 300w, https:\/\/radiorevelacionfm.cl\/wp-content\/uploads\/2023\/03\/carro-referencial-1-1-768x512.jpg 768w, https:\/\/radiorevelacionfm.cl\/wp-content\/uploads\/2023\/03\/carro-referencial-1-1-705x470.jpg 705w, https:\/\/radiorevelacionfm.cl\/wp-content\/uploads\/2023\/03\/carro-referencial-1-1-600x400.jpg 600w\" sizes=\"(max-width: 900px) 100vw, 900px\" \/><\/div><\/div><\/div><\/div><div class=\"flex_column av_one_full  flex_column_div av-zero-column-padding first  avia-builder-el-2  el_after_av_one_full  el_before_av_one_full  column-top-margin\" style='border-radius:0px; '><section class=\"av_textblock_section \"  itemscope=\"itemscope\" itemtype=\"https:\/\/schema.org\/BlogPosting\" itemprop=\"blogPost\" ><div class='avia_textblock  '   itemprop=\"text\" ><p style=\"text-align: center;\"><span style=\"font-size: 18pt;\"><strong>PDI recupera m\u00e1quina sustra\u00edda desde obras en sector Puente la Cruz de Coyhaique <\/strong><\/span><\/p>\n<div id=\"gtx-trans\" style=\"position: absolute; left: -50px; top: 4.31534px;\">\n<div class=\"gtx-trans-icon\"><\/div>\n<\/div>\n<\/div><\/section><\/div><div class=\"flex_column av_one_full  flex_column_div av-zero-column-padding first  avia-builder-el-4  el_after_av_one_full  el_before_av_hr  column-top-margin\" style='border-radius:0px; '><section class=\"av_textblock_section \"  itemscope=\"itemscope\" itemtype=\"https:\/\/schema.org\/BlogPosting\" itemprop=\"blogPost\" ><div class='avia_textblock  '   itemprop=\"text\" ><p style=\"text-align: justify;\">Este jueves, un inusual hecho qued\u00f3 al descubierto en los trabajos que se est\u00e1n realizando en el sector Puente la Cruz, camino hacia Coyhaique Alto, donde sujetos desconocidos sustrajeron una m\u00e1quina de una empresa contratista que se encuentra desarrollando obras en el lugar.<\/p>\n<p style=\"text-align: justify;\">Al respecto, el inspector Franco Leal de la Brigada de Investigaci\u00f3n Criminal (BICRIM) Coyhaique inform\u00f3 que \u201cel d\u00eda de ayer, detectives de esta Brigada de Investigaci\u00f3n Criminal Coyhaique recibieron una denuncia por el delito de hurto simple, donde se daba cuenta de la sustracci\u00f3n de una m\u00e1quina compactadora desde el frontis del Juzgado de Garant\u00eda de Coyhaique\u201d.<\/p>\n<p style=\"text-align: justify;\">A ra\u00edz de lo anterior, \u201cprevio an\u00e1lisis del sitio de suceso, se lograron obtener c\u00e1maras de seguridad donde se logra observar una camioneta que habr\u00eda trasladado la especie\u201d, agreg\u00f3 el oficial policial de la BICRIM Coyhaique.<\/p>\n<p style=\"text-align: justify;\">Tras diversas diligencias, \u201cse logr\u00f3 dar con la ubicaci\u00f3n del propietario de dicho veh\u00edculo, con quien se tom\u00f3 contacto, manifestando que le habr\u00edan solicitado un flete y confirmando que hab\u00eda tenido la especie en su poder\u201d, sostuvo.<\/p>\n<p style=\"text-align: justify;\">Los detectives se trasladaron hasta el lugar donde se encontrar\u00eda la especie, \u201clogrando verificar que se trataba de la m\u00e1quina denunciada, cotej\u00e1ndola con la informaci\u00f3n proporcionada por el denunciante, procediendo a la detenci\u00f3n de dos ciudadanos de sexo masculino, mayores de edad, por el delito de receptaci\u00f3n flagrante\u201d, quienes reconocieron su participaci\u00f3n, puntualiz\u00f3 el inspector Leal.<\/p>\n<p style=\"text-align: justify;\">La m\u00e1quina recuperada, cuyo aval\u00fao asciende a los tres millones de pesos, fue entregada al denunciante. Adem\u00e1s, todos estos antecedentes fueron informados al fiscal de turno, quien instruy\u00f3 que los detenidos fueran puestos a disposici\u00f3n del Juzgado de Garant\u00eda de Coyhaique durante la jornada del viernes reci\u00e9n pasado para su control de detenci\u00f3n.<\/p>\n<\/div><\/section><\/div><div  style='height:50px' class='hr hr-invisible   avia-builder-el-6  el_after_av_one_full  el_before_av_social_share '><span class='hr-inner ' ><span class='hr-inner-style'><\/span><\/span><\/div><\/p>\n<div  class='av-social-sharing-box  avia-builder-el-7  el_after_av_hr  el_before_av_hr  '><div class='av-share-box'><h5 class='av-share-link-description av-no-toc '>Compartir esta noticia<\/h5><ul class='av-share-box-list noLightbox'><li class='av-share-link av-social-link-facebook' ><a target=\"_blank\" aria-label=\"Compartir en Facebook\" href='https:\/\/www.facebook.com\/sharer.php?u=https:\/\/radiorevelacionfm.cl\/?p=29077&#038;t=PDI%20recupera%20m%C3%A1quina%20sustra%C3%ADda%20desde%20obras%20en%20sector%20Puente%20la%20Cruz%20de%20Coyhaique' aria-hidden='false' data-av_icon='\ue8f3' data-av_iconfont='entypo-fontello' title='' data-avia-related-tooltip='Compartir en Facebook' rel=\"noopener\"><span class='avia_hidden_link_text'>Compartir en Facebook<\/span><\/a><\/li><li class='av-share-link av-social-link-twitter' ><a target=\"_blank\" aria-label=\"Compartir en Twitter\" href='https:\/\/twitter.com\/share?text=PDI%20recupera%20m%C3%A1quina%20sustra%C3%ADda%20desde%20obras%20en%20sector%20Puente%20la%20Cruz%20de%20Coyhaique&#038;url=https:\/\/radiorevelacionfm.cl\/?p=29077' aria-hidden='false' data-av_icon='\ue8f1' data-av_iconfont='entypo-fontello' title='' data-avia-related-tooltip='Compartir en Twitter' rel=\"noopener\"><span class='avia_hidden_link_text'>Compartir en Twitter<\/span><\/a><\/li><li class='av-share-link av-social-link-whatsapp' ><a target=\"_blank\" aria-label=\"Compartir en Whatsapp\" href='https:\/\/api.whatsapp.com\/send?text=https:\/\/radiorevelacionfm.cl\/?p=29077' aria-hidden='false' data-av_icon='\uf232' data-av_iconfont='entypo-fontello' title='' data-avia-related-tooltip='Compartir en Whatsapp' rel=\"noopener\"><span class='avia_hidden_link_text'>Compartir en Whatsapp<\/span><\/a><\/li><li class='av-share-link av-social-link-linkedin' ><a target=\"_blank\" aria-label=\"Compartir en LinkedIn\" href='https:\/\/linkedin.com\/shareArticle?mini=true&#038;title=PDI%20recupera%20m%C3%A1quina%20sustra%C3%ADda%20desde%20obras%20en%20sector%20Puente%20la%20Cruz%20de%20Coyhaique&#038;url=https:\/\/radiorevelacionfm.cl\/?p=29077' aria-hidden='false' data-av_icon='\ue8fc' data-av_iconfont='entypo-fontello' title='' data-avia-related-tooltip='Compartir en LinkedIn' rel=\"noopener\"><span class='avia_hidden_link_text'>Compartir en LinkedIn<\/span><\/a><\/li><li class='av-share-link av-social-link-mail' ><a  aria-label=\"Compartir por correo\" href='mailto:?subject=PDI%20recupera%20m%C3%A1quina%20sustra%C3%ADda%20desde%20obras%20en%20sector%20Puente%20la%20Cruz%20de%20Coyhaique&#038;body=https:\/\/radiorevelacionfm.cl\/?p=29077' aria-hidden='false' data-av_icon='\ue805' data-av_iconfont='entypo-fontello' title='' data-avia-related-tooltip='Compartir por correo'><span class='avia_hidden_link_text'>Compartir por correo<\/span><\/a><\/li><\/ul><\/div><\/div>\n<div  style='height:50px' class='hr hr-invisible   avia-builder-el-8  el_after_av_social_share  el_before_av_comments_list '><span class='hr-inner ' ><span class='hr-inner-style'><\/span><\/span><\/div>\n<div  class='av-buildercomment  av-blog-meta-html-info-disabled av-blog-meta-tag-disabled  '><\/div>\n","protected":false},"excerpt":{"rendered":"","protected":false},"author":1,"featured_media":29078,"comment_status":"open","ping_status":"open","sticky":false,"template":"","format":"standard","meta":{"footnotes":""},"categories":[36],"tags":[],"class_list":["post-29077","post","type-post","status-publish","format-standard","has-post-thumbnail","hentry","category-policial"],"jetpack_featured_media_url":"https:\/\/radiorevelacionfm.cl\/wp-content\/uploads\/2023\/03\/carro-referencial-1-1.jpg","_links":{"self":[{"href":"https:\/\/radiorevelacionfm.cl\/index.php?rest_route=\/wp\/v2\/posts\/29077","targetHints":{"allow":["GET"]}}],"collection":[{"href":"https:\/\/radiorevelacionfm.cl\/index.php?rest_route=\/wp\/v2\/posts"}],"about":[{"href":"https:\/\/radiorevelacionfm.cl\/index.php?rest_route=\/wp\/v2\/types\/post"}],"author":[{"embeddable":true,"href":"https:\/\/radiorevelacionfm.cl\/index.php?rest_route=\/wp\/v2\/users\/1"}],"replies":[{"embeddable":true,"href":"https:\/\/radiorevelacionfm.cl\/index.php?rest_route=%2Fwp%2Fv2%2Fcomments&post=29077"}],"version-history":[{"count":2,"href":"https:\/\/radiorevelacionfm.cl\/index.php?rest_route=\/wp\/v2\/posts\/29077\/revisions"}],"predecessor-version":[{"id":29080,"href":"https:\/\/radiorevelacionfm.cl\/index.php?rest_route=\/wp\/v2\/posts\/29077\/revisions\/29080"}],"wp:featuredmedia":[{"embeddable":true,"href":"https:\/\/radiorevelacionfm.cl\/index.php?rest_route=\/wp\/v2\/media\/29078"}],"wp:attachment":[{"href":"https:\/\/radiorevelacionfm.cl\/index.php?rest_route=%2Fwp%2Fv2%2Fmedia&parent=29077"}],"wp:term":[{"taxonomy":"category","embeddable":true,"href":"https:\/\/radiorevelacionfm.cl\/index.php?rest_route=%2Fwp%2Fv2%2Fcategories&post=29077"},{"taxonomy":"post_tag","embeddable":true,"href":"https:\/\/radiorevelacionfm.cl\/index.php?rest_route=%2Fwp%2Fv2%2Ftags&post=29077"}],"curies":[{"name":"wp","href":"https:\/\/api.w.org\/{rel}","templated":true}]}}