{"id":29070,"date":"2023-03-20T14:55:25","date_gmt":"2023-03-20T17:55:25","guid":{"rendered":"https:\/\/radiorevelacionfm.cl\/?p=29070"},"modified":"2023-03-20T14:55:25","modified_gmt":"2023-03-20T17:55:25","slug":"alcalde-de-chile-chico-por-no-renovacion-de-subsidio-quitarnos-el-subsidio-aereo-representa-un-acto-autoritario-de-este-gobierno","status":"publish","type":"post","link":"https:\/\/radiorevelacionfm.cl\/?p=29070","title":{"rendered":"Alcalde de Chile Chico por no renovaci\u00f3n de subsidio: \u201cQuitarnos el subsidio a\u00e9reo representa un acto autoritario de este gobierno\u201d"},"content":{"rendered":"<div class=\"flex_column av_one_full  flex_column_div av-zero-column-padding first  avia-builder-el-0  el_before_av_one_full  avia-builder-el-first  \" style='border-radius:0px; '><div  class='avia-image-container  av-styling-    avia-builder-el-1  avia-builder-el-no-sibling  avia-align-center '  itemprop=\"image\" itemscope=\"itemscope\" itemtype=\"https:\/\/schema.org\/ImageObject\"  ><div class='avia-image-container-inner'><div class='avia-image-overlay-wrap'><img decoding=\"async\" class='wp-image-29071 avia-img-lazy-loading-not-29071 avia_image' src=\"https:\/\/radiorevelacionfm.cl\/wp-content\/uploads\/2023\/03\/IMG-20220829-WA00281-750x375-1-1.jpg\" alt='' title='IMG-20220829-WA00281-750x375 (1) (1)' height=\"600\" width=\"1042\"  itemprop=\"thumbnailUrl\" srcset=\"https:\/\/radiorevelacionfm.cl\/wp-content\/uploads\/2023\/03\/IMG-20220829-WA00281-750x375-1-1.jpg 1042w, https:\/\/radiorevelacionfm.cl\/wp-content\/uploads\/2023\/03\/IMG-20220829-WA00281-750x375-1-1-300x173.jpg 300w, https:\/\/radiorevelacionfm.cl\/wp-content\/uploads\/2023\/03\/IMG-20220829-WA00281-750x375-1-1-1030x593.jpg 1030w, https:\/\/radiorevelacionfm.cl\/wp-content\/uploads\/2023\/03\/IMG-20220829-WA00281-750x375-1-1-768x442.jpg 768w, https:\/\/radiorevelacionfm.cl\/wp-content\/uploads\/2023\/03\/IMG-20220829-WA00281-750x375-1-1-705x406.jpg 705w, https:\/\/radiorevelacionfm.cl\/wp-content\/uploads\/2023\/03\/IMG-20220829-WA00281-750x375-1-1-600x345.jpg 600w\" sizes=\"(max-width: 1042px) 100vw, 1042px\" \/><\/div><\/div><\/div><\/div><div class=\"flex_column av_one_full  flex_column_div av-zero-column-padding first  avia-builder-el-2  el_after_av_one_full  el_before_av_one_full  column-top-margin\" style='border-radius:0px; '><section class=\"av_textblock_section \"  itemscope=\"itemscope\" itemtype=\"https:\/\/schema.org\/BlogPosting\" itemprop=\"blogPost\" ><div class='avia_textblock  '   itemprop=\"text\" ><p style=\"text-align: center;\"><strong><span style=\"font-size: 18pt;\">Alcalde de Chile Chico por no renovaci\u00f3n de subdisio: \u201cQuitarnos el subsidio a\u00e9reo representa un acto autoritario de este gobierno\u201d<\/span><\/strong><\/p>\n<div id=\"gtx-trans\" style=\"position: absolute; left: -50px; top: 4.31534px;\">\n<div class=\"gtx-trans-icon\"><\/div>\n<\/div>\n<\/div><\/section><\/div><div class=\"flex_column av_one_full  flex_column_div av-zero-column-padding first  avia-builder-el-4  el_after_av_one_full  el_before_av_hr  column-top-margin\" style='border-radius:0px; '><section class=\"av_textblock_section \"  itemscope=\"itemscope\" itemtype=\"https:\/\/schema.org\/BlogPosting\" itemprop=\"blogPost\" ><div class='avia_textblock  '   itemprop=\"text\" ><p style=\"text-align: justify;\">Molesto se mostr\u00f3 el alcalde de Chile Chico, Luperciano Mu\u00f1oz, tras conocer que el contrato de subsidio a\u00e9reo hacia la comuna lacustre no ser\u00e1 renovado este 31 de marzo, informaci\u00f3n que fue corroborada por la empresa de transporte a\u00e9reo San Rafael, encargados de entregar el servicio. A esto se suma que la barcaza ha disminuido la frecuencia de viajes semanales, estableciendo horarios de invierno.<\/p>\n<p style=\"text-align: justify;\">Para el jefe comunal esta situaci\u00f3n representa un acto administrativo autoritario por parte del gobierno. \u201cYa tenemos una enorme fragilidad en materia de conectividad frente a un derecho adquirido. El gobierno neoliberal de Pi\u00f1era nos otorga el subsidio y actual administraci\u00f3n, supuestamente de car\u00e1cter socialista, nos quita el subsidio\u201d.<\/p>\n<p style=\"text-align: justify;\">El edil record\u00f3 que en los 10 viajes semanales se transportaban alrededor de 600 personas por mes y que este subsidio es de suma relevancia para los habitantes de la comuna, ya que \u201cno es lo mismo ir en 20 minutos a Coyhaique que en 5 horas, con caminos en p\u00e9simas condiciones o barcazas que muchas veces no pueden zarpar\u201d.<\/p>\n<p style=\"text-align: justify;\">Luperciano Mu\u00f1oz sentenci\u00f3 que \u201cexisten una serie de situaciones que no han sido consideradas por este gobierno autodenominado como socialista, por lo que exigimos que nos devuelvan el subsidio, que es un derecho adquirido por nuestra comunidad\u201d.<\/p>\n<\/div><\/section><\/div><div  style='height:50px' class='hr hr-invisible   avia-builder-el-6  el_after_av_one_full  el_before_av_social_share '><span class='hr-inner ' ><span class='hr-inner-style'><\/span><\/span><\/div><\/p>\n<div  class='av-social-sharing-box  avia-builder-el-7  el_after_av_hr  el_before_av_hr  '><div class='av-share-box'><h5 class='av-share-link-description av-no-toc '>Compartir esta noticia<\/h5><ul class='av-share-box-list noLightbox'><li class='av-share-link av-social-link-facebook' ><a target=\"_blank\" aria-label=\"Compartir en Facebook\" href='https:\/\/www.facebook.com\/sharer.php?u=https:\/\/radiorevelacionfm.cl\/?p=29070&#038;t=Alcalde%20de%20Chile%20Chico%20por%20no%20renovaci%C3%B3n%20de%20subsidio%3A%20%E2%80%9CQuitarnos%20el%20subsidio%20a%C3%A9reo%20representa%20un%20acto%20autoritario%20de%20este%20gobierno%E2%80%9D' aria-hidden='false' data-av_icon='\ue8f3' data-av_iconfont='entypo-fontello' title='' data-avia-related-tooltip='Compartir en Facebook' rel=\"noopener\"><span class='avia_hidden_link_text'>Compartir en Facebook<\/span><\/a><\/li><li class='av-share-link av-social-link-twitter' ><a target=\"_blank\" aria-label=\"Compartir en Twitter\" href='https:\/\/twitter.com\/share?text=Alcalde%20de%20Chile%20Chico%20por%20no%20renovaci%C3%B3n%20de%20subsidio%3A%20%E2%80%9CQuitarnos%20el%20subsidio%20a%C3%A9reo%20representa%20un%20acto%20autoritario%20de%20este%20gobierno%E2%80%9D&#038;url=https:\/\/radiorevelacionfm.cl\/?p=29070' aria-hidden='false' data-av_icon='\ue8f1' data-av_iconfont='entypo-fontello' title='' data-avia-related-tooltip='Compartir en Twitter' rel=\"noopener\"><span class='avia_hidden_link_text'>Compartir en Twitter<\/span><\/a><\/li><li class='av-share-link av-social-link-whatsapp' ><a target=\"_blank\" aria-label=\"Compartir en Whatsapp\" href='https:\/\/api.whatsapp.com\/send?text=https:\/\/radiorevelacionfm.cl\/?p=29070' aria-hidden='false' data-av_icon='\uf232' data-av_iconfont='entypo-fontello' title='' data-avia-related-tooltip='Compartir en Whatsapp' rel=\"noopener\"><span class='avia_hidden_link_text'>Compartir en Whatsapp<\/span><\/a><\/li><li class='av-share-link av-social-link-linkedin' ><a target=\"_blank\" aria-label=\"Compartir en LinkedIn\" href='https:\/\/linkedin.com\/shareArticle?mini=true&#038;title=Alcalde%20de%20Chile%20Chico%20por%20no%20renovaci%C3%B3n%20de%20subsidio%3A%20%E2%80%9CQuitarnos%20el%20subsidio%20a%C3%A9reo%20representa%20un%20acto%20autoritario%20de%20este%20gobierno%E2%80%9D&#038;url=https:\/\/radiorevelacionfm.cl\/?p=29070' aria-hidden='false' data-av_icon='\ue8fc' data-av_iconfont='entypo-fontello' title='' data-avia-related-tooltip='Compartir en LinkedIn' rel=\"noopener\"><span class='avia_hidden_link_text'>Compartir en LinkedIn<\/span><\/a><\/li><li class='av-share-link av-social-link-mail' ><a  aria-label=\"Compartir por correo\" href='mailto:?subject=Alcalde%20de%20Chile%20Chico%20por%20no%20renovaci%C3%B3n%20de%20subsidio%3A%20%E2%80%9CQuitarnos%20el%20subsidio%20a%C3%A9reo%20representa%20un%20acto%20autoritario%20de%20este%20gobierno%E2%80%9D&#038;body=https:\/\/radiorevelacionfm.cl\/?p=29070' aria-hidden='false' data-av_icon='\ue805' data-av_iconfont='entypo-fontello' title='' data-avia-related-tooltip='Compartir por correo'><span class='avia_hidden_link_text'>Compartir por correo<\/span><\/a><\/li><\/ul><\/div><\/div>\n<div  style='height:50px' class='hr hr-invisible   avia-builder-el-8  el_after_av_social_share  el_before_av_comments_list '><span class='hr-inner ' ><span class='hr-inner-style'><\/span><\/span><\/div>\n<div  class='av-buildercomment  av-blog-meta-html-info-disabled av-blog-meta-tag-disabled  '><\/div>\n","protected":false},"excerpt":{"rendered":"","protected":false},"author":1,"featured_media":29071,"comment_status":"open","ping_status":"open","sticky":false,"template":"","format":"standard","meta":{"footnotes":""},"categories":[38],"tags":[],"class_list":["post-29070","post","type-post","status-publish","format-standard","has-post-thumbnail","hentry","category-regional"],"jetpack_featured_media_url":"https:\/\/radiorevelacionfm.cl\/wp-content\/uploads\/2023\/03\/IMG-20220829-WA00281-750x375-1-1.jpg","_links":{"self":[{"href":"https:\/\/radiorevelacionfm.cl\/index.php?rest_route=\/wp\/v2\/posts\/29070","targetHints":{"allow":["GET"]}}],"collection":[{"href":"https:\/\/radiorevelacionfm.cl\/index.php?rest_route=\/wp\/v2\/posts"}],"about":[{"href":"https:\/\/radiorevelacionfm.cl\/index.php?rest_route=\/wp\/v2\/types\/post"}],"author":[{"embeddable":true,"href":"https:\/\/radiorevelacionfm.cl\/index.php?rest_route=\/wp\/v2\/users\/1"}],"replies":[{"embeddable":true,"href":"https:\/\/radiorevelacionfm.cl\/index.php?rest_route=%2Fwp%2Fv2%2Fcomments&post=29070"}],"version-history":[{"count":2,"href":"https:\/\/radiorevelacionfm.cl\/index.php?rest_route=\/wp\/v2\/posts\/29070\/revisions"}],"predecessor-version":[{"id":29073,"href":"https:\/\/radiorevelacionfm.cl\/index.php?rest_route=\/wp\/v2\/posts\/29070\/revisions\/29073"}],"wp:featuredmedia":[{"embeddable":true,"href":"https:\/\/radiorevelacionfm.cl\/index.php?rest_route=\/wp\/v2\/media\/29071"}],"wp:attachment":[{"href":"https:\/\/radiorevelacionfm.cl\/index.php?rest_route=%2Fwp%2Fv2%2Fmedia&parent=29070"}],"wp:term":[{"taxonomy":"category","embeddable":true,"href":"https:\/\/radiorevelacionfm.cl\/index.php?rest_route=%2Fwp%2Fv2%2Fcategories&post=29070"},{"taxonomy":"post_tag","embeddable":true,"href":"https:\/\/radiorevelacionfm.cl\/index.php?rest_route=%2Fwp%2Fv2%2Ftags&post=29070"}],"curies":[{"name":"wp","href":"https:\/\/api.w.org\/{rel}","templated":true}]}}