{"id":29066,"date":"2023-03-20T14:33:10","date_gmt":"2023-03-20T17:33:10","guid":{"rendered":"https:\/\/radiorevelacionfm.cl\/?p=29066"},"modified":"2023-03-20T14:33:10","modified_gmt":"2023-03-20T17:33:10","slug":"inia-tamel-aike-realizara-dia-de-campo-y-charlas-tecnicas-sobre-especies-proteaginosas-oleaginosas-y-cereales-para-aysen","status":"publish","type":"post","link":"https:\/\/radiorevelacionfm.cl\/?p=29066","title":{"rendered":"INIA Tamel Aike realizar\u00e1 D\u00eda de Campo y Charlas T\u00e9cnicas sobre especies proteaginosas, oleaginosas y cereales para Ays\u00e9n"},"content":{"rendered":"<div class=\"flex_column av_one_full  flex_column_div av-zero-column-padding first  avia-builder-el-0  el_before_av_one_full  avia-builder-el-first  \" style='border-radius:0px; '><div  class='avia-image-container  av-styling-    avia-builder-el-1  avia-builder-el-no-sibling  avia-align-center '  itemprop=\"image\" itemscope=\"itemscope\" itemtype=\"https:\/\/schema.org\/ImageObject\"  ><div class='avia-image-container-inner'><div class='avia-image-overlay-wrap'><img decoding=\"async\" class='wp-image-29067 avia-img-lazy-loading-not-29067 avia_image' src=\"https:\/\/radiorevelacionfm.cl\/wp-content\/uploads\/2023\/03\/img_20230119_145636-1_optimized-1.jpg\" alt='' title='img_20230119_145636-(1)_optimized (1)' height=\"600\" width=\"1242\"  itemprop=\"thumbnailUrl\" srcset=\"https:\/\/radiorevelacionfm.cl\/wp-content\/uploads\/2023\/03\/img_20230119_145636-1_optimized-1.jpg 1242w, https:\/\/radiorevelacionfm.cl\/wp-content\/uploads\/2023\/03\/img_20230119_145636-1_optimized-1-300x145.jpg 300w, https:\/\/radiorevelacionfm.cl\/wp-content\/uploads\/2023\/03\/img_20230119_145636-1_optimized-1-1030x498.jpg 1030w, https:\/\/radiorevelacionfm.cl\/wp-content\/uploads\/2023\/03\/img_20230119_145636-1_optimized-1-768x371.jpg 768w, https:\/\/radiorevelacionfm.cl\/wp-content\/uploads\/2023\/03\/img_20230119_145636-1_optimized-1-705x341.jpg 705w, https:\/\/radiorevelacionfm.cl\/wp-content\/uploads\/2023\/03\/img_20230119_145636-1_optimized-1-600x290.jpg 600w\" sizes=\"(max-width: 1242px) 100vw, 1242px\" \/><\/div><\/div><\/div><\/div><div class=\"flex_column av_one_full  flex_column_div av-zero-column-padding first  avia-builder-el-2  el_after_av_one_full  el_before_av_one_full  column-top-margin\" style='border-radius:0px; '><section class=\"av_textblock_section \"  itemscope=\"itemscope\" itemtype=\"https:\/\/schema.org\/BlogPosting\" itemprop=\"blogPost\" ><div class='avia_textblock  '   itemprop=\"text\" ><p style=\"text-align: center;\"><span style=\"font-size: 18pt;\"><b>INIA Tamel Aike realizar\u00e1 D\u00eda de Campo y Charlas T\u00e9cnicas sobre especies proteaginosas, oleaginosas y cereales para Ays\u00e9n<\/b><\/span><\/p>\n<div id=\"gtx-trans\" style=\"position: absolute; left: -50px; top: 4.31534px;\">\n<div class=\"gtx-trans-icon\"><\/div>\n<\/div>\n<\/div><\/section><\/div><div class=\"flex_column av_one_full  flex_column_div av-zero-column-padding first  avia-builder-el-4  el_after_av_one_full  el_before_av_hr  column-top-margin\" style='border-radius:0px; '><section class=\"av_textblock_section \"  itemscope=\"itemscope\" itemtype=\"https:\/\/schema.org\/BlogPosting\" itemprop=\"blogPost\" ><div class='avia_textblock  '   itemprop=\"text\" ><p style=\"font-weight: 400; text-align: justify;\"><em>La actividad se enmarca en el Programa Tecnol\u00f3gico de Corfo que busca impulsar, habilitar y desplegar la producci\u00f3n sustentable local de insumos nutricionales de base vegetal para la acuicultura nacional y mundial. La inclusi\u00f3n de productos de origen vegetal en las dietas de salm\u00f3nidos, proporcionan adecuados \u00edndices de \u00e1cidos grasos, logrando dietas equilibradas.<\/em><\/p>\n<p style=\"font-weight: 400; text-align: justify;\">El salm\u00f3n representa el segundo producto de exportaci\u00f3n de Chile, despu\u00e9s del cobre, industria que ha alcanzado un rol relevante a nivel mundial, convirtiendo a nuestro pa\u00eds en el segundo productor de salm\u00f3nidos en el mundo despu\u00e9s de Noruega, concentrando el 25% de la producci\u00f3n mundial.<\/p>\n<p style=\"font-weight: 400; text-align: justify;\">Lo anterior ha sido posible por las adecuadas condiciones para producir salm\u00f3n en nuestro pa\u00eds, como lo son las extensas costas chilenas, con abundantes fiordos con aguas de adecuadas temperaturas y condiciones hidrogr\u00e1ficas. Sin embargo, una de las mayores cr\u00edticas a la salmonicultura nacional, es la utilizaci\u00f3n de alimentos en base a harinas y aceites de pescado elaborados con especies capturadas mediante t\u00e9cnicas extractivas.<\/p>\n<p style=\"font-weight: 400; text-align: justify;\">Debido a lo anterior,\u00a0la inclusi\u00f3n de insumos de cultivos vegetales en las dietas de salm\u00f3nidos, es uno de los grandes objetivos que persigue hoy d\u00eda la industria, manteniendo adecuados \u00edndices de \u00e1cidos grasos\u00a0ALA (alfa linol\u00e9nico), EPA (\u00e1cido eicosapentaenoico) y DHA (\u00e1cido docosahexaenoico), a trav\u00e9s del uso, transformaci\u00f3n y diversificaci\u00f3n de insumos vegetales nutricionales, provenientes de cultivos de rotaci\u00f3n de la macrozona sur-austral de Chile, ricos en prote\u00ednas y aceites.<\/p>\n<p style=\"font-weight: 400; text-align: justify;\">Para alcanzar esta meta, la Corporaci\u00f3n de Fomento de la Producci\u00f3n, Corfo, junto a instituciones y empresas, iniciaron la ejecuci\u00f3n del programa PTEC-INVA, uno de los principales programas p\u00fablico-privado-acad\u00e9micos que est\u00e1n vinculando a la acuicultura con la agricultura.<\/p>\n<p style=\"font-weight: 400; text-align: justify;\"><strong>D\u00cdA DE CAMPO Y CHARLAS<\/strong><\/p>\n<p style=\"font-weight: 400; text-align: justify;\">El objetivo del programa es generar una plataforma habilitante de apoyo para la producci\u00f3n y uso de insumos vegetales nutricionales producidos en la macrozona sur y austral de Chile, como fuente sostenible de prote\u00ednas y aceites, que puedan ser escalables y costo y ambientalmente efectivas para su uso en la elaboraci\u00f3n de dietas de salm\u00f3nidos.<\/p>\n<p style=\"font-weight: 400; text-align: justify;\">Salmones Ant\u00e1rtica participa como empresa beneficiaria directa del programa, mientras que como coejecutores est\u00e1n el Instituto de Investigaciones Agropecuarias (INIA), Centro Tecnol\u00f3gico para la Innovaci\u00f3n Alimentaria (CeTA), VeHiCe, Agrotop (Saprosem), la Universidad Cat\u00f3lica de Temuco (UCT) y la Universidad de Chile (UChile).<\/p>\n<p style=\"font-weight: 400; text-align: justify;\">Dentro del programa PTEC-INVA, el INIA est\u00e1 encargado del fortalecimiento de la producci\u00f3n primaria de materias primas de origen vegetal, generadas en la macrozona sur-austral de Chile, para el desarrollo de dietas en la industria acu\u00edcola. Para ello, en la Regi\u00f3n de Ays\u00e9n, INIA Tamel Aike est\u00e1 desarrollando investigaci\u00f3n en diferentes especies vegetales, tales como raps, camelina, alfalfa, tr\u00e9bol rosado, lupino dulce, arveja y trigo.<\/p>\n<p style=\"font-weight: 400; text-align: justify;\">Para dar a conocer parte de esta investigaci\u00f3n a productores, productoras, profesionales, t\u00e9cnicos y estudiantes de la regi\u00f3n, es que este jueves 23 de marzo se realizar\u00e1n charlas t\u00e9cnicas y d\u00eda de campo para visitar el m\u00f3dulo experimental La Rioja (Valle Simpson). Esta actividad contar\u00e1 con la participaci\u00f3n de dos destacados profesionales de INIA Carillanca (Temuco), m\u00e1s profesionales locales, quienes contextualizar\u00e1n el programa PTEC-INVA y entregar\u00e1n aspectos t\u00e9cnicos de las diferentes especies vegetales que est\u00e1n siendo estudiadas en la regi\u00f3n de Ays\u00e9n.<\/p>\n<p style=\"font-weight: 400; text-align: justify;\">Desde ya se invita a toda la comunidad regional relacionada con la producci\u00f3n agropecuaria, productores, estudiantes, profesionales y t\u00e9cnicos, a participar de esta actividad.<\/p>\n<p style=\"font-weight: 400; text-align: justify;\"><strong>Lugar:<\/strong>\u00a0Predio el Cerezo del Centro Regional Tamel Aike, km 6 camino a Santa Elena y Estancia La Rioja, ambos ubicados en Valle Simpson.<\/p>\n<p style=\"font-weight: 400; text-align: justify;\"><strong>Horario:<\/strong>\u00a014:15 a 18:00 horas.<\/p>\n<p style=\"font-weight: 400; text-align: justify;\"><strong>D\u00eda:<\/strong>\u00a0jueves 23 de marzo de 2023.<\/p>\n<\/div><\/section><\/div><div  style='height:50px' class='hr hr-invisible   avia-builder-el-6  el_after_av_one_full  el_before_av_social_share '><span class='hr-inner ' ><span class='hr-inner-style'><\/span><\/span><\/div><\/p>\n<div  class='av-social-sharing-box  avia-builder-el-7  el_after_av_hr  el_before_av_hr  '><div class='av-share-box'><h5 class='av-share-link-description av-no-toc '>Compartir esta noticia<\/h5><ul class='av-share-box-list noLightbox'><li class='av-share-link av-social-link-facebook' ><a target=\"_blank\" aria-label=\"Compartir en Facebook\" href='https:\/\/www.facebook.com\/sharer.php?u=https:\/\/radiorevelacionfm.cl\/?p=29066&#038;t=INIA%20Tamel%20Aike%20realizar%C3%A1%20D%C3%ADa%20de%20Campo%20y%20Charlas%20T%C3%A9cnicas%20sobre%20especies%20proteaginosas%2C%20oleaginosas%20y%20cereales%20para%20Ays%C3%A9n' aria-hidden='false' data-av_icon='\ue8f3' data-av_iconfont='entypo-fontello' title='' data-avia-related-tooltip='Compartir en Facebook' rel=\"noopener\"><span class='avia_hidden_link_text'>Compartir en Facebook<\/span><\/a><\/li><li class='av-share-link av-social-link-twitter' ><a target=\"_blank\" aria-label=\"Compartir en Twitter\" href='https:\/\/twitter.com\/share?text=INIA%20Tamel%20Aike%20realizar%C3%A1%20D%C3%ADa%20de%20Campo%20y%20Charlas%20T%C3%A9cnicas%20sobre%20especies%20proteaginosas%2C%20oleaginosas%20y%20cereales%20para%20Ays%C3%A9n&#038;url=https:\/\/radiorevelacionfm.cl\/?p=29066' aria-hidden='false' data-av_icon='\ue8f1' data-av_iconfont='entypo-fontello' title='' data-avia-related-tooltip='Compartir en Twitter' rel=\"noopener\"><span class='avia_hidden_link_text'>Compartir en Twitter<\/span><\/a><\/li><li class='av-share-link av-social-link-whatsapp' ><a target=\"_blank\" aria-label=\"Compartir en Whatsapp\" href='https:\/\/api.whatsapp.com\/send?text=https:\/\/radiorevelacionfm.cl\/?p=29066' aria-hidden='false' data-av_icon='\uf232' data-av_iconfont='entypo-fontello' title='' data-avia-related-tooltip='Compartir en Whatsapp' rel=\"noopener\"><span class='avia_hidden_link_text'>Compartir en Whatsapp<\/span><\/a><\/li><li class='av-share-link av-social-link-linkedin' ><a target=\"_blank\" aria-label=\"Compartir en LinkedIn\" href='https:\/\/linkedin.com\/shareArticle?mini=true&#038;title=INIA%20Tamel%20Aike%20realizar%C3%A1%20D%C3%ADa%20de%20Campo%20y%20Charlas%20T%C3%A9cnicas%20sobre%20especies%20proteaginosas%2C%20oleaginosas%20y%20cereales%20para%20Ays%C3%A9n&#038;url=https:\/\/radiorevelacionfm.cl\/?p=29066' aria-hidden='false' data-av_icon='\ue8fc' data-av_iconfont='entypo-fontello' title='' data-avia-related-tooltip='Compartir en LinkedIn' rel=\"noopener\"><span class='avia_hidden_link_text'>Compartir en LinkedIn<\/span><\/a><\/li><li class='av-share-link av-social-link-mail' ><a  aria-label=\"Compartir por correo\" href='mailto:?subject=INIA%20Tamel%20Aike%20realizar%C3%A1%20D%C3%ADa%20de%20Campo%20y%20Charlas%20T%C3%A9cnicas%20sobre%20especies%20proteaginosas%2C%20oleaginosas%20y%20cereales%20para%20Ays%C3%A9n&#038;body=https:\/\/radiorevelacionfm.cl\/?p=29066' aria-hidden='false' data-av_icon='\ue805' data-av_iconfont='entypo-fontello' title='' data-avia-related-tooltip='Compartir por correo'><span class='avia_hidden_link_text'>Compartir por correo<\/span><\/a><\/li><\/ul><\/div><\/div>\n<div  style='height:50px' class='hr hr-invisible   avia-builder-el-8  el_after_av_social_share  el_before_av_comments_list '><span class='hr-inner ' ><span class='hr-inner-style'><\/span><\/span><\/div>\n<div  class='av-buildercomment  av-blog-meta-html-info-disabled av-blog-meta-tag-disabled  '><\/div>\n","protected":false},"excerpt":{"rendered":"","protected":false},"author":1,"featured_media":29067,"comment_status":"open","ping_status":"open","sticky":false,"template":"","format":"standard","meta":{"footnotes":""},"categories":[38],"tags":[],"class_list":["post-29066","post","type-post","status-publish","format-standard","has-post-thumbnail","hentry","category-regional"],"jetpack_featured_media_url":"https:\/\/radiorevelacionfm.cl\/wp-content\/uploads\/2023\/03\/img_20230119_145636-1_optimized-1.jpg","_links":{"self":[{"href":"https:\/\/radiorevelacionfm.cl\/index.php?rest_route=\/wp\/v2\/posts\/29066","targetHints":{"allow":["GET"]}}],"collection":[{"href":"https:\/\/radiorevelacionfm.cl\/index.php?rest_route=\/wp\/v2\/posts"}],"about":[{"href":"https:\/\/radiorevelacionfm.cl\/index.php?rest_route=\/wp\/v2\/types\/post"}],"author":[{"embeddable":true,"href":"https:\/\/radiorevelacionfm.cl\/index.php?rest_route=\/wp\/v2\/users\/1"}],"replies":[{"embeddable":true,"href":"https:\/\/radiorevelacionfm.cl\/index.php?rest_route=%2Fwp%2Fv2%2Fcomments&post=29066"}],"version-history":[{"count":2,"href":"https:\/\/radiorevelacionfm.cl\/index.php?rest_route=\/wp\/v2\/posts\/29066\/revisions"}],"predecessor-version":[{"id":29069,"href":"https:\/\/radiorevelacionfm.cl\/index.php?rest_route=\/wp\/v2\/posts\/29066\/revisions\/29069"}],"wp:featuredmedia":[{"embeddable":true,"href":"https:\/\/radiorevelacionfm.cl\/index.php?rest_route=\/wp\/v2\/media\/29067"}],"wp:attachment":[{"href":"https:\/\/radiorevelacionfm.cl\/index.php?rest_route=%2Fwp%2Fv2%2Fmedia&parent=29066"}],"wp:term":[{"taxonomy":"category","embeddable":true,"href":"https:\/\/radiorevelacionfm.cl\/index.php?rest_route=%2Fwp%2Fv2%2Fcategories&post=29066"},{"taxonomy":"post_tag","embeddable":true,"href":"https:\/\/radiorevelacionfm.cl\/index.php?rest_route=%2Fwp%2Fv2%2Ftags&post=29066"}],"curies":[{"name":"wp","href":"https:\/\/api.w.org\/{rel}","templated":true}]}}