{"id":29063,"date":"2023-03-20T17:41:19","date_gmt":"2023-03-20T20:41:19","guid":{"rendered":"https:\/\/radiorevelacionfm.cl\/?p=29063"},"modified":"2023-03-20T17:49:42","modified_gmt":"2023-03-20T20:49:42","slug":"apicultura-de-aysen-contara-con-estudio-sobre-impactos-del-cambio-climatico-e-influencia-humana","status":"publish","type":"post","link":"https:\/\/radiorevelacionfm.cl\/?p=29063","title":{"rendered":"Apicultura de Ays\u00e9n contar\u00e1 con estudio sobre impactos del cambio clim\u00e1tico e influencia humana"},"content":{"rendered":"<div class=\"flex_column av_one_full  flex_column_div av-zero-column-padding first  avia-builder-el-0  el_before_av_one_full  avia-builder-el-first  \" style='border-radius:0px; '><div  class='avia-image-container  av-styling-    avia-builder-el-1  avia-builder-el-no-sibling  avia-align-center '  itemprop=\"image\" itemscope=\"itemscope\" itemtype=\"https:\/\/schema.org\/ImageObject\"  ><div class='avia-image-container-inner'><div class='avia-image-overlay-wrap'><img decoding=\"async\" class='wp-image-29096 avia-img-lazy-loading-not-29096 avia_image' src=\"https:\/\/radiorevelacionfm.cl\/wp-content\/uploads\/2023\/03\/thumbnail_image-1_optimized-1_optimized.jpg\" alt='' title='thumbnail_image-1_optimized-1_optimized' height=\"594\" width=\"897\"  itemprop=\"thumbnailUrl\" srcset=\"https:\/\/radiorevelacionfm.cl\/wp-content\/uploads\/2023\/03\/thumbnail_image-1_optimized-1_optimized.jpg 897w, https:\/\/radiorevelacionfm.cl\/wp-content\/uploads\/2023\/03\/thumbnail_image-1_optimized-1_optimized-300x199.jpg 300w, https:\/\/radiorevelacionfm.cl\/wp-content\/uploads\/2023\/03\/thumbnail_image-1_optimized-1_optimized-768x509.jpg 768w, https:\/\/radiorevelacionfm.cl\/wp-content\/uploads\/2023\/03\/thumbnail_image-1_optimized-1_optimized-705x467.jpg 705w, https:\/\/radiorevelacionfm.cl\/wp-content\/uploads\/2023\/03\/thumbnail_image-1_optimized-1_optimized-600x397.jpg 600w\" sizes=\"(max-width: 897px) 100vw, 897px\" \/><\/div><\/div><\/div><\/div><div class=\"flex_column av_one_full  flex_column_div av-zero-column-padding first  avia-builder-el-2  el_after_av_one_full  el_before_av_one_full  column-top-margin\" style='border-radius:0px; '><section class=\"av_textblock_section \"  itemscope=\"itemscope\" itemtype=\"https:\/\/schema.org\/BlogPosting\" itemprop=\"blogPost\" ><div class='avia_textblock  '   itemprop=\"text\" ><p style=\"text-align: center;\"><span style=\"font-size: 18pt;\"><strong>Apicultura de Ays\u00e9n contar\u00e1 con estudio sobre impactos del cambio clim\u00e1tico e influencia humana<\/strong><\/span><\/p>\n<\/div><\/section><\/div><\/p>\n<div class=\"flex_column av_one_full  flex_column_div av-zero-column-padding first  avia-builder-el-4  el_after_av_one_full  el_before_av_hr  column-top-margin\" style='border-radius:0px; '><section class=\"av_textblock_section \"  itemscope=\"itemscope\" itemtype=\"https:\/\/schema.org\/BlogPosting\" itemprop=\"blogPost\" ><div class='avia_textblock  '   itemprop=\"text\" ><p dir=\"ltr\" style=\"text-align: justify;\"><span class=\"v1ContentPasted0\">Un proyecto liderado por la Dra. Valentina \u00c1lvarez, paleoec\u00f3loga del Centro de Investigaci\u00f3n en Ecosistemas de la Patagonia (CIEP), \u00e1rea que basa sus estudios en an\u00e1lisis de polen para la reconstrucci\u00f3n de la vegetaci\u00f3n del pasado, refiri\u00e9ndonos a varios miles de a\u00f1os atr\u00e1s, y quien en esta ocasi\u00f3n tiene como objetivo comprender los v\u00ednculos entre el rubro ap\u00edcola, el clima y la influencia antr\u00f3pica con el prop\u00f3sito de elaborar l\u00edneas de base para la apicultura regional con perspectiva de largo plazo y la creaci\u00f3n de una palinoteca de mieles de la regi\u00f3n de Ays\u00e9n. Valentina \u00c1lvarez nos explica\u00a0<\/span><span class=\"v1ContentPasted0\">\u00abuna palinoteca es una biblioteca de polen, en el caso del proyecto, es una biblioteca con las muestras de los p\u00f3lenes contenidos en las mieles analizadas de la regi\u00f3n\u00bb.<\/span><\/p>\n<p dir=\"ltr\" style=\"text-align: justify;\"><span class=\"v1ContentPasted0\">En este sentido, la disciplina que estudia el polen contenido en las mieles es la melisopalinolog\u00eda, y este tipo de an\u00e1lisis permite caracterizar la miel seg\u00fan su origen geogr\u00e1fico y bot\u00e1nico.\u00a0El origen bot\u00e1nico de una miel en particular es uno de los par\u00e1metros de calidad m\u00e1s importantes\u00a0que pueden agregar valor al producto. Adem\u00e1s de estos an\u00e1lisis en las mieles, este proyecto cuenta con la participaci\u00f3n de profesionales del Laboratorio Eco Clim\u00e1tico de CIEP, quienes est\u00e1n dise\u00f1ando y construyendo estaciones meteorol\u00f3gicas, de funcionamiento aut\u00f3nomo, las cuales ser\u00e1n instaladas en predios de apicultores en distintas zonas geogr\u00e1ficas de la regi\u00f3n, con el fin de correlacionar variables clim\u00e1ticas con la estacionalidad de las floraciones y su relaci\u00f3n con las preferencias florales de\u00a0la abeja europea\u00a0<\/span><span class=\"v1ContentPasted0\">(Apis mellifera).\u00a0<\/span><\/p>\n<p dir=\"ltr\" style=\"text-align: justify;\"><span class=\"v1ContentPasted0\">La paleoc\u00f3loga destaca el beneficio para los apicultores, \u00abeste proyecto es un primer paso para que los apicultores conozcan de forma emp\u00edrica el origen bot\u00e1nico de su producto, y esta informaci\u00f3n es uno de los par\u00e1metros m\u00e1s importantes que agregan valor a la miel que producen sus colmenas. Determinar si la miel es unifloral o multifloral les permitir\u00e1 evaluar la posibilidad de aumentar el valor econ\u00f3mico de su producto, sobre todo si es miel unifloral (dominancia de un grano de polen sobre el 45% del total del polen)\u00bb\u00a0<\/span><\/p>\n<p dir=\"ltr\" style=\"text-align: justify;\"><span class=\"v1ContentPasted0\">El proyecto titulado\u00a0\u00abCaracterizaci\u00f3n melisopalinol\u00f3gica de las mieles de Ays\u00e9n:\u00a0cambio en el uso del suelo, clima y su relaci\u00f3n con el potencial\u00a0ap\u00edcola de la regi\u00f3n\u00bb, es financiado por el programa PATSER \u2013 ANID del Centro de Investigaci\u00f3n en Ecosistemas de la Patagonia (CIEP) por medio de sus proyectos semillas, y ya comenz\u00f3 a ejecutarse con los primeros an\u00e1lisis de mieles donadas por diversos apicultores de la regi\u00f3n.<\/span><\/p>\n<p dir=\"ltr\" style=\"text-align: justify;\"><span class=\"v1ContentPasted0\">Conocer el origen bot\u00e1nico de la miel permite determinar la importancia de la flora presente como recurso forrajero para\u00a0<\/span><span class=\"v1ContentPasted0\">Apis mellifera<\/span><span class=\"v1ContentPasted0\">\u00a0\u00bfest\u00e1 escogiendo especies nativas o introducidas? \u00bfQu\u00e9 especies nativas habr\u00eda que fomentar su plantaci\u00f3n con fines mel\u00edferos? \u00bfcu\u00e1nto afecta el cambio de uso de suelo en las preferencias bot\u00e1nicas de las abejas? \u00bfC\u00f3mo el cambio clim\u00e1tico afecta la estacionalidad de las floraciones? \u00bfQu\u00e9 especies son las m\u00e1s susceptibles, y qu\u00e9 relaci\u00f3n tiene con las preferencias de\u00a0<\/span><span class=\"v1ContentPasted0\">Apis mellifera<\/span><span class=\"v1ContentPasted0\">? Estas preguntas y m\u00e1s pueden ser abordadas por este proyecto y son algunas de las que busca responder la Dra. Valentina \u00c1lvarez.<\/span><\/p>\n<p dir=\"ltr\" style=\"text-align: justify;\"><span class=\"v1ContentPasted0\">Es importante aclarar que tanto los an\u00e1lisis de las mieles como la instalaci\u00f3n de las estaciones meteorol\u00f3gicas son gratuitas y que el proyecto tiene una duraci\u00f3n de dos a\u00f1os.<\/span><\/p>\n<p dir=\"ltr\" style=\"text-align: justify;\"><span class=\"v1ContentPasted0\">Si te interesa tener m\u00e1s informaci\u00f3n puedes enviar un correo a valentina.alvarez@ciep.cl. Y si te interesa aportar con tu producto \u00a1Estamos recibiendo muestras de miel en Jos\u00e9 de Moraleda 16, Coyhaique entre 9 y 18 horas!<\/span><\/p>\n<\/div><\/section><\/div>\n<div  style='height:50px' class='hr hr-invisible   avia-builder-el-6  el_after_av_one_full  el_before_av_social_share '><span class='hr-inner ' ><span class='hr-inner-style'><\/span><\/span><\/div>\n<div  class='av-social-sharing-box  avia-builder-el-7  el_after_av_hr  el_before_av_hr  '><div class='av-share-box'><h5 class='av-share-link-description av-no-toc '>Compartir esta noticia<\/h5><ul class='av-share-box-list noLightbox'><li class='av-share-link av-social-link-facebook' ><a target=\"_blank\" aria-label=\"Compartir en Facebook\" href='https:\/\/www.facebook.com\/sharer.php?u=https:\/\/radiorevelacionfm.cl\/?p=29063&#038;t=Apicultura%20de%20Ays%C3%A9n%20contar%C3%A1%20con%20estudio%20sobre%20impactos%20del%20cambio%20clim%C3%A1tico%20e%20influencia%20humana' aria-hidden='false' data-av_icon='\ue8f3' data-av_iconfont='entypo-fontello' title='' data-avia-related-tooltip='Compartir en Facebook' rel=\"noopener\"><span class='avia_hidden_link_text'>Compartir en Facebook<\/span><\/a><\/li><li class='av-share-link av-social-link-twitter' ><a target=\"_blank\" aria-label=\"Compartir en Twitter\" href='https:\/\/twitter.com\/share?text=Apicultura%20de%20Ays%C3%A9n%20contar%C3%A1%20con%20estudio%20sobre%20impactos%20del%20cambio%20clim%C3%A1tico%20e%20influencia%20humana&#038;url=https:\/\/radiorevelacionfm.cl\/?p=29063' aria-hidden='false' data-av_icon='\ue8f1' data-av_iconfont='entypo-fontello' title='' data-avia-related-tooltip='Compartir en Twitter' rel=\"noopener\"><span class='avia_hidden_link_text'>Compartir en Twitter<\/span><\/a><\/li><li class='av-share-link av-social-link-whatsapp' ><a target=\"_blank\" aria-label=\"Compartir en Whatsapp\" href='https:\/\/api.whatsapp.com\/send?text=https:\/\/radiorevelacionfm.cl\/?p=29063' aria-hidden='false' data-av_icon='\uf232' data-av_iconfont='entypo-fontello' title='' data-avia-related-tooltip='Compartir en Whatsapp' rel=\"noopener\"><span class='avia_hidden_link_text'>Compartir en Whatsapp<\/span><\/a><\/li><li class='av-share-link av-social-link-linkedin' ><a target=\"_blank\" aria-label=\"Compartir en LinkedIn\" href='https:\/\/linkedin.com\/shareArticle?mini=true&#038;title=Apicultura%20de%20Ays%C3%A9n%20contar%C3%A1%20con%20estudio%20sobre%20impactos%20del%20cambio%20clim%C3%A1tico%20e%20influencia%20humana&#038;url=https:\/\/radiorevelacionfm.cl\/?p=29063' aria-hidden='false' data-av_icon='\ue8fc' data-av_iconfont='entypo-fontello' title='' data-avia-related-tooltip='Compartir en LinkedIn' rel=\"noopener\"><span class='avia_hidden_link_text'>Compartir en LinkedIn<\/span><\/a><\/li><li class='av-share-link av-social-link-mail' ><a  aria-label=\"Compartir por correo\" href='mailto:?subject=Apicultura%20de%20Ays%C3%A9n%20contar%C3%A1%20con%20estudio%20sobre%20impactos%20del%20cambio%20clim%C3%A1tico%20e%20influencia%20humana&#038;body=https:\/\/radiorevelacionfm.cl\/?p=29063' aria-hidden='false' data-av_icon='\ue805' data-av_iconfont='entypo-fontello' title='' data-avia-related-tooltip='Compartir por correo'><span class='avia_hidden_link_text'>Compartir por correo<\/span><\/a><\/li><\/ul><\/div><\/div>\n<div  style='height:50px' class='hr hr-invisible   avia-builder-el-8  el_after_av_social_share  el_before_av_comments_list '><span class='hr-inner ' ><span class='hr-inner-style'><\/span><\/span><\/div>\n<div  class='av-buildercomment  av-blog-meta-html-info-disabled av-blog-meta-tag-disabled  '><\/div>\n","protected":false},"excerpt":{"rendered":"","protected":false},"author":1,"featured_media":29096,"comment_status":"open","ping_status":"open","sticky":false,"template":"","format":"standard","meta":{"footnotes":""},"categories":[38],"tags":[],"class_list":["post-29063","post","type-post","status-publish","format-standard","has-post-thumbnail","hentry","category-regional"],"jetpack_featured_media_url":"https:\/\/radiorevelacionfm.cl\/wp-content\/uploads\/2023\/03\/thumbnail_image-1_optimized-1_optimized.jpg","_links":{"self":[{"href":"https:\/\/radiorevelacionfm.cl\/index.php?rest_route=\/wp\/v2\/posts\/29063","targetHints":{"allow":["GET"]}}],"collection":[{"href":"https:\/\/radiorevelacionfm.cl\/index.php?rest_route=\/wp\/v2\/posts"}],"about":[{"href":"https:\/\/radiorevelacionfm.cl\/index.php?rest_route=\/wp\/v2\/types\/post"}],"author":[{"embeddable":true,"href":"https:\/\/radiorevelacionfm.cl\/index.php?rest_route=\/wp\/v2\/users\/1"}],"replies":[{"embeddable":true,"href":"https:\/\/radiorevelacionfm.cl\/index.php?rest_route=%2Fwp%2Fv2%2Fcomments&post=29063"}],"version-history":[{"count":3,"href":"https:\/\/radiorevelacionfm.cl\/index.php?rest_route=\/wp\/v2\/posts\/29063\/revisions"}],"predecessor-version":[{"id":29095,"href":"https:\/\/radiorevelacionfm.cl\/index.php?rest_route=\/wp\/v2\/posts\/29063\/revisions\/29095"}],"wp:featuredmedia":[{"embeddable":true,"href":"https:\/\/radiorevelacionfm.cl\/index.php?rest_route=\/wp\/v2\/media\/29096"}],"wp:attachment":[{"href":"https:\/\/radiorevelacionfm.cl\/index.php?rest_route=%2Fwp%2Fv2%2Fmedia&parent=29063"}],"wp:term":[{"taxonomy":"category","embeddable":true,"href":"https:\/\/radiorevelacionfm.cl\/index.php?rest_route=%2Fwp%2Fv2%2Fcategories&post=29063"},{"taxonomy":"post_tag","embeddable":true,"href":"https:\/\/radiorevelacionfm.cl\/index.php?rest_route=%2Fwp%2Fv2%2Ftags&post=29063"}],"curies":[{"name":"wp","href":"https:\/\/api.w.org\/{rel}","templated":true}]}}