{"id":29059,"date":"2023-03-20T11:28:45","date_gmt":"2023-03-20T14:28:45","guid":{"rendered":"https:\/\/radiorevelacionfm.cl\/?p=29059"},"modified":"2023-03-20T11:28:45","modified_gmt":"2023-03-20T14:28:45","slug":"cuando-es-el-cambio-de-hora-2023-en-chile","status":"publish","type":"post","link":"https:\/\/radiorevelacionfm.cl\/?p=29059","title":{"rendered":"\u00bfCu\u00e1ndo es el cambio de hora 2023 en Chile?"},"content":{"rendered":"<div class=\"flex_column av_one_full  flex_column_div av-zero-column-padding first  avia-builder-el-0  el_before_av_one_full  avia-builder-el-first  \" style='border-radius:0px; '><div  class='avia-image-container  av-styling-    avia-builder-el-1  avia-builder-el-no-sibling  avia-align-center '  itemprop=\"image\" itemscope=\"itemscope\" itemtype=\"https:\/\/schema.org\/ImageObject\"  ><div class='avia-image-container-inner'><div class='avia-image-overlay-wrap'><img decoding=\"async\" class='wp-image-29060 avia-img-lazy-loading-not-29060 avia_image' src=\"https:\/\/radiorevelacionfm.cl\/wp-content\/uploads\/2023\/03\/Cambio-Hora-1-1.jpg\" alt='' title='Cambio Hora (1) (1)' height=\"600\" width=\"1065\"  itemprop=\"thumbnailUrl\" srcset=\"https:\/\/radiorevelacionfm.cl\/wp-content\/uploads\/2023\/03\/Cambio-Hora-1-1.jpg 1065w, https:\/\/radiorevelacionfm.cl\/wp-content\/uploads\/2023\/03\/Cambio-Hora-1-1-300x169.jpg 300w, https:\/\/radiorevelacionfm.cl\/wp-content\/uploads\/2023\/03\/Cambio-Hora-1-1-1030x580.jpg 1030w, https:\/\/radiorevelacionfm.cl\/wp-content\/uploads\/2023\/03\/Cambio-Hora-1-1-768x433.jpg 768w, https:\/\/radiorevelacionfm.cl\/wp-content\/uploads\/2023\/03\/Cambio-Hora-1-1-705x397.jpg 705w, https:\/\/radiorevelacionfm.cl\/wp-content\/uploads\/2023\/03\/Cambio-Hora-1-1-600x338.jpg 600w\" sizes=\"(max-width: 1065px) 100vw, 1065px\" \/><\/div><\/div><\/div><\/div><div class=\"flex_column av_one_full  flex_column_div av-zero-column-padding first  avia-builder-el-2  el_after_av_one_full  el_before_av_one_full  column-top-margin\" style='border-radius:0px; '><section class=\"av_textblock_section \"  itemscope=\"itemscope\" itemtype=\"https:\/\/schema.org\/BlogPosting\" itemprop=\"blogPost\" ><div class='avia_textblock  '   itemprop=\"text\" ><p style=\"text-align: center;\"><strong><span style=\"font-size: 18pt;\">\u00bfCu\u00e1ndo es el cambio de hora 2023 en Chile?<\/span><\/strong><\/p>\n<div id=\"gtx-trans\" style=\"position: absolute; left: -50px; top: 4.31534px;\">\n<div class=\"gtx-trans-icon\"><\/div>\n<\/div>\n<\/div><\/section><\/div><div class=\"flex_column av_one_full  flex_column_div av-zero-column-padding first  avia-builder-el-4  el_after_av_one_full  el_before_av_hr  column-top-margin\" style='border-radius:0px; '><section class=\"av_textblock_section \"  itemscope=\"itemscope\" itemtype=\"https:\/\/schema.org\/BlogPosting\" itemprop=\"blogPost\" ><div class='avia_textblock  '   itemprop=\"text\" ><p style=\"text-align: justify;\" data-mrf-recirculation=\"Links-Parrafos\">El fin del mes de febrero no solo marca el t\u00e9rmino de las vacaciones de la mayor\u00eda de los chilenos, que tambi\u00e9n la vuelta a clases y al trabajo. Sin embargo, no es lo \u00fanico, ya que pronto se aproxima el cambio de hora en el territorio nacional.<\/p>\n<p style=\"text-align: justify;\" data-mrf-recirculation=\"Links-Parrafos\">Uno de los tr\u00e1mites m\u00e1s controversiales del a\u00f1o:<strong>\u00a0el cambio de hora.<\/strong>\u00a0La medida de tener dos horarios seg\u00fan la estaci\u00f3n del a\u00f1o, se ide\u00f3 como una forma de aprovechar mejor la luz natural, pero tiene tantos simpatizantes como detractores.<\/p>\n<p style=\"text-align: justify;\" data-mrf-recirculation=\"Links-Parrafos\">El cambio de hora se realiza habitualmente dos veces en Chile,\u00a0este 2023 el primer cambio en los relojes se realizar\u00e1 el pr\u00f3ximo\u00a0<strong>s\u00e1bado 1 de abril<\/strong>, cuando las personas deban retrasar una hora los dispositivos, es decir, cuando sean las 00:00 deber\u00e1n retroceder a las 23:00 horas.<\/p>\n<p style=\"text-align: justify;\" data-mrf-recirculation=\"Links-Parrafos\">Esta medida rige\u00a0a trav\u00e9s del\u00a0Ministerio de Energ\u00eda\u00a0y como se estipula\u00a0en la Constituci\u00f3n, bajo el\u00a0Decreto Supremo 1.286\u00a0del a\u00f1o\u00a02018, que\u00a0modifica el horario local.<\/p>\n<p style=\"text-align: justify;\" data-mrf-recirculation=\"Links-Parrafos\">Hay que destacar que\u00a0<strong>no se ajusta la hora\u00a0en la regi\u00f3n de Magallanes y la Ant\u00e1rtica Chilena<\/strong>,\u00a0ya que no modifican\u00a0sus relojes\u00a0por tener un horario especial.\u00a0Si se realiza el cambio\u00a0desde la regi\u00f3n de Arica y Parinacota hasta la regi\u00f3n de Ays\u00e9n,\u00a0incluyendo a\u00a0Rapa, Nui e islas Salas y G\u00f3mez.<\/p>\n<\/div><\/section><\/div><div  style='height:50px' class='hr hr-invisible   avia-builder-el-6  el_after_av_one_full  el_before_av_social_share '><span class='hr-inner ' ><span class='hr-inner-style'><\/span><\/span><\/div><\/p>\n<div  class='av-social-sharing-box  avia-builder-el-7  el_after_av_hr  el_before_av_hr  '><div class='av-share-box'><h5 class='av-share-link-description av-no-toc '>Compartir esta noticia<\/h5><ul class='av-share-box-list noLightbox'><li class='av-share-link av-social-link-facebook' ><a target=\"_blank\" aria-label=\"Compartir en Facebook\" href='https:\/\/www.facebook.com\/sharer.php?u=https:\/\/radiorevelacionfm.cl\/?p=29059&#038;t=%C2%BFCu%C3%A1ndo%20es%20el%20cambio%20de%20hora%202023%20en%20Chile%3F' aria-hidden='false' data-av_icon='\ue8f3' data-av_iconfont='entypo-fontello' title='' data-avia-related-tooltip='Compartir en Facebook' rel=\"noopener\"><span class='avia_hidden_link_text'>Compartir en Facebook<\/span><\/a><\/li><li class='av-share-link av-social-link-twitter' ><a target=\"_blank\" aria-label=\"Compartir en Twitter\" href='https:\/\/twitter.com\/share?text=%C2%BFCu%C3%A1ndo%20es%20el%20cambio%20de%20hora%202023%20en%20Chile%3F&#038;url=https:\/\/radiorevelacionfm.cl\/?p=29059' aria-hidden='false' data-av_icon='\ue8f1' data-av_iconfont='entypo-fontello' title='' data-avia-related-tooltip='Compartir en Twitter' rel=\"noopener\"><span class='avia_hidden_link_text'>Compartir en Twitter<\/span><\/a><\/li><li class='av-share-link av-social-link-whatsapp' ><a target=\"_blank\" aria-label=\"Compartir en Whatsapp\" href='https:\/\/api.whatsapp.com\/send?text=https:\/\/radiorevelacionfm.cl\/?p=29059' aria-hidden='false' data-av_icon='\uf232' data-av_iconfont='entypo-fontello' title='' data-avia-related-tooltip='Compartir en Whatsapp' rel=\"noopener\"><span class='avia_hidden_link_text'>Compartir en Whatsapp<\/span><\/a><\/li><li class='av-share-link av-social-link-linkedin' ><a target=\"_blank\" aria-label=\"Compartir en LinkedIn\" href='https:\/\/linkedin.com\/shareArticle?mini=true&#038;title=%C2%BFCu%C3%A1ndo%20es%20el%20cambio%20de%20hora%202023%20en%20Chile%3F&#038;url=https:\/\/radiorevelacionfm.cl\/?p=29059' aria-hidden='false' data-av_icon='\ue8fc' data-av_iconfont='entypo-fontello' title='' data-avia-related-tooltip='Compartir en LinkedIn' rel=\"noopener\"><span class='avia_hidden_link_text'>Compartir en LinkedIn<\/span><\/a><\/li><li class='av-share-link av-social-link-mail' ><a  aria-label=\"Compartir por correo\" href='mailto:?subject=%C2%BFCu%C3%A1ndo%20es%20el%20cambio%20de%20hora%202023%20en%20Chile%3F&#038;body=https:\/\/radiorevelacionfm.cl\/?p=29059' aria-hidden='false' data-av_icon='\ue805' data-av_iconfont='entypo-fontello' title='' data-avia-related-tooltip='Compartir por correo'><span class='avia_hidden_link_text'>Compartir por correo<\/span><\/a><\/li><\/ul><\/div><\/div>\n<div  style='height:50px' class='hr hr-invisible   avia-builder-el-8  el_after_av_social_share  el_before_av_comments_list '><span class='hr-inner ' ><span class='hr-inner-style'><\/span><\/span><\/div>\n<div  class='av-buildercomment  av-blog-meta-html-info-disabled av-blog-meta-tag-disabled  '><\/div>\n","protected":false},"excerpt":{"rendered":"","protected":false},"author":1,"featured_media":29060,"comment_status":"open","ping_status":"open","sticky":false,"template":"","format":"standard","meta":{"footnotes":""},"categories":[61],"tags":[],"class_list":["post-29059","post","type-post","status-publish","format-standard","has-post-thumbnail","hentry","category-nacional"],"jetpack_featured_media_url":"https:\/\/radiorevelacionfm.cl\/wp-content\/uploads\/2023\/03\/Cambio-Hora-1-1.jpg","_links":{"self":[{"href":"https:\/\/radiorevelacionfm.cl\/index.php?rest_route=\/wp\/v2\/posts\/29059","targetHints":{"allow":["GET"]}}],"collection":[{"href":"https:\/\/radiorevelacionfm.cl\/index.php?rest_route=\/wp\/v2\/posts"}],"about":[{"href":"https:\/\/radiorevelacionfm.cl\/index.php?rest_route=\/wp\/v2\/types\/post"}],"author":[{"embeddable":true,"href":"https:\/\/radiorevelacionfm.cl\/index.php?rest_route=\/wp\/v2\/users\/1"}],"replies":[{"embeddable":true,"href":"https:\/\/radiorevelacionfm.cl\/index.php?rest_route=%2Fwp%2Fv2%2Fcomments&post=29059"}],"version-history":[{"count":2,"href":"https:\/\/radiorevelacionfm.cl\/index.php?rest_route=\/wp\/v2\/posts\/29059\/revisions"}],"predecessor-version":[{"id":29062,"href":"https:\/\/radiorevelacionfm.cl\/index.php?rest_route=\/wp\/v2\/posts\/29059\/revisions\/29062"}],"wp:featuredmedia":[{"embeddable":true,"href":"https:\/\/radiorevelacionfm.cl\/index.php?rest_route=\/wp\/v2\/media\/29060"}],"wp:attachment":[{"href":"https:\/\/radiorevelacionfm.cl\/index.php?rest_route=%2Fwp%2Fv2%2Fmedia&parent=29059"}],"wp:term":[{"taxonomy":"category","embeddable":true,"href":"https:\/\/radiorevelacionfm.cl\/index.php?rest_route=%2Fwp%2Fv2%2Fcategories&post=29059"},{"taxonomy":"post_tag","embeddable":true,"href":"https:\/\/radiorevelacionfm.cl\/index.php?rest_route=%2Fwp%2Fv2%2Ftags&post=29059"}],"curies":[{"name":"wp","href":"https:\/\/api.w.org\/{rel}","templated":true}]}}