{"id":29054,"date":"2023-03-20T09:57:36","date_gmt":"2023-03-20T12:57:36","guid":{"rendered":"https:\/\/radiorevelacionfm.cl\/?p=29054"},"modified":"2023-03-20T09:57:36","modified_gmt":"2023-03-20T12:57:36","slug":"sag-refuerza-el-llamado-a-la-prevencion-y-deteccion-temprana-de-influenza-aviar","status":"publish","type":"post","link":"https:\/\/radiorevelacionfm.cl\/?p=29054","title":{"rendered":"SAG refuerza el llamado a la prevenci\u00f3n y detecci\u00f3n temprana de Influenza Aviar"},"content":{"rendered":"<div class=\"flex_column av_one_full  flex_column_div av-zero-column-padding first  avia-builder-el-0  el_before_av_one_full  avia-builder-el-first  \" style='border-radius:0px; '><div  class='avia-image-container  av-styling-    avia-builder-el-1  avia-builder-el-no-sibling  avia-align-center '  itemprop=\"image\" itemscope=\"itemscope\" itemtype=\"https:\/\/schema.org\/ImageObject\"  ><div class='avia-image-container-inner'><div class='avia-image-overlay-wrap'><img decoding=\"async\" class='wp-image-29055 avia-img-lazy-loading-not-29055 avia_image' src=\"https:\/\/radiorevelacionfm.cl\/wp-content\/uploads\/2023\/03\/ia-2-1_optimized.jpg\" alt='' title='ia-2-(1)_optimized' height=\"600\" width=\"707\"  itemprop=\"thumbnailUrl\" srcset=\"https:\/\/radiorevelacionfm.cl\/wp-content\/uploads\/2023\/03\/ia-2-1_optimized.jpg 707w, https:\/\/radiorevelacionfm.cl\/wp-content\/uploads\/2023\/03\/ia-2-1_optimized-300x255.jpg 300w, https:\/\/radiorevelacionfm.cl\/wp-content\/uploads\/2023\/03\/ia-2-1_optimized-705x598.jpg 705w, https:\/\/radiorevelacionfm.cl\/wp-content\/uploads\/2023\/03\/ia-2-1_optimized-600x509.jpg 600w\" sizes=\"(max-width: 707px) 100vw, 707px\" \/><\/div><\/div><\/div><\/div><div class=\"flex_column av_one_full  flex_column_div av-zero-column-padding first  avia-builder-el-2  el_after_av_one_full  el_before_av_one_full  column-top-margin\" style='border-radius:0px; '><section class=\"av_textblock_section \"  itemscope=\"itemscope\" itemtype=\"https:\/\/schema.org\/BlogPosting\" itemprop=\"blogPost\" ><div class='avia_textblock  '   itemprop=\"text\" ><p style=\"text-align: center;\"><span style=\"font-size: 18pt;\"><strong>SAG refuerza el llamado a la prevenci\u00f3n y detecci\u00f3n temprana de Influenza Aviar<\/strong><\/span><\/p>\n<div id=\"gtx-trans\" style=\"position: absolute; left: -50px; top: 4.31534px;\">\n<div class=\"gtx-trans-icon\"><\/div>\n<\/div>\n<\/div><\/section><\/div><div class=\"flex_column av_one_full  flex_column_div av-zero-column-padding first  avia-builder-el-4  el_after_av_one_full  el_before_av_hr  column-top-margin\" style='border-radius:0px; '><section class=\"av_textblock_section \"  itemscope=\"itemscope\" itemtype=\"https:\/\/schema.org\/BlogPosting\" itemprop=\"blogPost\" ><div class='avia_textblock  '   itemprop=\"text\" ><p style=\"text-align: justify;\">La regi\u00f3n de Ays\u00e9n, es una zona del pa\u00eds donde no se han registrado casos positivos de Influenza Aviar (IA) de alta patogenicidad. Es por este motivo que el Servicio Agr\u00edcola Ganadero (SAG) est\u00e1 trabajando un plan de vigilancia para la detecci\u00f3n temprana de la enfermedad y realiza un llamado a la prevenci\u00f3n del contagio de aves corral.<\/p>\n<p style=\"text-align: justify;\">En esta l\u00ednea, el Servicio Agr\u00edcola y Ganadero (SAG) del Ministerio de Agricultura, ha estado haciendo un llamado a los due\u00f1os de aves de corral a extremar las medidas de bioseguridad en sus instalaciones, para evitar el contacto con aves silvestres que pudiesen estar afectadas, para evitar el contagio de sus aves con influenza aviar altamente pat\u00f3gena.<\/p>\n<ul style=\"text-align: justify;\">\n<li>Mantenga a sus aves en un lugar protegido, aislado de animales, personas y aves silvestres.<\/li>\n<li>Proteja el agua y alimentos, estos atraen a las aves silvestres. Limpie y desinfecte las instalaciones de las aves en forma peri\u00f3dica.<\/li>\n<li>Al ingresar aves de otros or\u00edgenes, mant\u00e9ngalas separadas de sus aves por 21 d\u00edas.<\/li>\n<li>Controle el ingreso de personas, utensilios, animales y veh\u00edculos a su gallinero.<\/li>\n<\/ul>\n<p style=\"text-align: justify;\">En este sentido el Secretario Regional Ministerial de Agricultura, destac\u00f3 el plan de vigilancia impulsado por el SAG y el trabajo preventivo con diversas entidades p\u00fablicas.<\/p>\n<p style=\"text-align: justify;\">\u201cTal como destac\u00f3 el Ministro Valenzuela nuestro llamado es a la prevenci\u00f3n y a reforzar las medidas sanitarias. En esta tarea de monitorear la situaci\u00f3n la labor del SAG es prioritaria. Asimismo, destacar que en conjunto con los servicios de Agricultura, municipalidades, autoridad sanitaria y mar\u00edtima, estamos coordinando acciones con el objetivo de continuar reforzando la prevenci\u00f3n\u201d, se\u00f1al\u00f3 el Seremi de Agricultura, Alan Espinoza Ortiz.<\/p>\n<p style=\"text-align: justify;\">Al respecto, el Directora Regional (s), Valeria Carrasco S\u00e1ez, detall\u00f3 que \u201cEl Servicio se encuentra monitoreando sectores, denuncias realizadas y reforzando la comunicaci\u00f3n con la ciudadan\u00eda, con \u00e9nfasis en los sectores costeros y de puertos de la regi\u00f3n, los cuales tienen mayor presi\u00f3n de ingreso de aves migratorias. Todo, con el objetivo de monitorear y as\u00ed poder detectar de manera oportuna la presencia de la enfermedad y as\u00ed poder contener su diseminaci\u00f3n\u201d.<\/p>\n<p style=\"text-align: justify;\">Recordar que la Influenza Aviar o tambi\u00e9n conocida Gripe Aviar es una enfermedad viral con una distribuci\u00f3n mundial, y que eventualmente puede contagia a humanos, por lo que el SAG insiste en no manipular ni tomar contacto con aves enfermas o muertas. Esta temporada, el virus se ha diseminado por Sudam\u00e9rica a trav\u00e9s de las aves migratorias provenientes del hemisferio norte, las que viajan en \u00e9poca estival hacia el sur en busca de alimento y mejores condiciones clim\u00e1ticas.<\/p>\n<p style=\"text-align: justify;\">En Ays\u00e9n, el Servicio ha atendido denuncias de la ciudadan\u00eda por sospecha de Influenza Aviar y analizando muestras de gallinas, patos, pollos, y gaviotas, mayoritariamente en las zonas costeras de la regi\u00f3n.<\/p>\n<p style=\"text-align: justify;\">\u00bfQu\u00e9 hacer en caso de observar aves silvestres muertas o que se vean enfermas con s\u00edntomas respiratorios y\/o nerviosos?<\/p>\n<p style=\"text-align: justify;\">No manipular, ni recoger las especies, comunicarse con SAG al:<\/p>\n<ul>\n<li style=\"text-align: justify;\">Tel\u00e9fono 22 3451100, atenci\u00f3n de lunes a domingo de 8:00 a 21:00 horas<\/li>\n<li style=\"text-align: justify;\">Whatsapp +569 6908 9780 de lunes a domingo las 24 horas del d\u00eda.<\/li>\n<li style=\"text-align: justify;\">Correo electr\u00f3nico: oficina.informaciones@sag.gob.cl<\/li>\n<\/ul>\n<\/div><\/section><\/div><div  style='height:50px' class='hr hr-invisible   avia-builder-el-6  el_after_av_one_full  el_before_av_social_share '><span class='hr-inner ' ><span class='hr-inner-style'><\/span><\/span><\/div><\/p>\n<div  class='av-social-sharing-box  avia-builder-el-7  el_after_av_hr  el_before_av_hr  '><div class='av-share-box'><h5 class='av-share-link-description av-no-toc '>Compartir esta noticia<\/h5><ul class='av-share-box-list noLightbox'><li class='av-share-link av-social-link-facebook' ><a target=\"_blank\" aria-label=\"Compartir en Facebook\" href='https:\/\/www.facebook.com\/sharer.php?u=https:\/\/radiorevelacionfm.cl\/?p=29054&#038;t=SAG%20refuerza%20el%20llamado%20a%20la%20prevenci%C3%B3n%20y%20detecci%C3%B3n%20temprana%20de%20Influenza%20Aviar' aria-hidden='false' data-av_icon='\ue8f3' data-av_iconfont='entypo-fontello' title='' data-avia-related-tooltip='Compartir en Facebook' rel=\"noopener\"><span class='avia_hidden_link_text'>Compartir en Facebook<\/span><\/a><\/li><li class='av-share-link av-social-link-twitter' ><a target=\"_blank\" aria-label=\"Compartir en Twitter\" href='https:\/\/twitter.com\/share?text=SAG%20refuerza%20el%20llamado%20a%20la%20prevenci%C3%B3n%20y%20detecci%C3%B3n%20temprana%20de%20Influenza%20Aviar&#038;url=https:\/\/radiorevelacionfm.cl\/?p=29054' aria-hidden='false' data-av_icon='\ue8f1' data-av_iconfont='entypo-fontello' title='' data-avia-related-tooltip='Compartir en Twitter' rel=\"noopener\"><span class='avia_hidden_link_text'>Compartir en Twitter<\/span><\/a><\/li><li class='av-share-link av-social-link-whatsapp' ><a target=\"_blank\" aria-label=\"Compartir en Whatsapp\" href='https:\/\/api.whatsapp.com\/send?text=https:\/\/radiorevelacionfm.cl\/?p=29054' aria-hidden='false' data-av_icon='\uf232' data-av_iconfont='entypo-fontello' title='' data-avia-related-tooltip='Compartir en Whatsapp' rel=\"noopener\"><span class='avia_hidden_link_text'>Compartir en Whatsapp<\/span><\/a><\/li><li class='av-share-link av-social-link-linkedin' ><a target=\"_blank\" aria-label=\"Compartir en LinkedIn\" href='https:\/\/linkedin.com\/shareArticle?mini=true&#038;title=SAG%20refuerza%20el%20llamado%20a%20la%20prevenci%C3%B3n%20y%20detecci%C3%B3n%20temprana%20de%20Influenza%20Aviar&#038;url=https:\/\/radiorevelacionfm.cl\/?p=29054' aria-hidden='false' data-av_icon='\ue8fc' data-av_iconfont='entypo-fontello' title='' data-avia-related-tooltip='Compartir en LinkedIn' rel=\"noopener\"><span class='avia_hidden_link_text'>Compartir en LinkedIn<\/span><\/a><\/li><li class='av-share-link av-social-link-mail' ><a  aria-label=\"Compartir por correo\" href='mailto:?subject=SAG%20refuerza%20el%20llamado%20a%20la%20prevenci%C3%B3n%20y%20detecci%C3%B3n%20temprana%20de%20Influenza%20Aviar&#038;body=https:\/\/radiorevelacionfm.cl\/?p=29054' aria-hidden='false' data-av_icon='\ue805' data-av_iconfont='entypo-fontello' title='' data-avia-related-tooltip='Compartir por correo'><span class='avia_hidden_link_text'>Compartir por correo<\/span><\/a><\/li><\/ul><\/div><\/div>\n<div  style='height:50px' class='hr hr-invisible   avia-builder-el-8  el_after_av_social_share  el_before_av_comments_list '><span class='hr-inner ' ><span class='hr-inner-style'><\/span><\/span><\/div>\n<div  class='av-buildercomment  av-blog-meta-html-info-disabled av-blog-meta-tag-disabled  '><\/div>\n","protected":false},"excerpt":{"rendered":"","protected":false},"author":1,"featured_media":29055,"comment_status":"open","ping_status":"open","sticky":false,"template":"","format":"standard","meta":{"footnotes":""},"categories":[58],"tags":[],"class_list":["post-29054","post","type-post","status-publish","format-standard","has-post-thumbnail","hentry","category-agricultura"],"jetpack_featured_media_url":"https:\/\/radiorevelacionfm.cl\/wp-content\/uploads\/2023\/03\/ia-2-1_optimized.jpg","_links":{"self":[{"href":"https:\/\/radiorevelacionfm.cl\/index.php?rest_route=\/wp\/v2\/posts\/29054","targetHints":{"allow":["GET"]}}],"collection":[{"href":"https:\/\/radiorevelacionfm.cl\/index.php?rest_route=\/wp\/v2\/posts"}],"about":[{"href":"https:\/\/radiorevelacionfm.cl\/index.php?rest_route=\/wp\/v2\/types\/post"}],"author":[{"embeddable":true,"href":"https:\/\/radiorevelacionfm.cl\/index.php?rest_route=\/wp\/v2\/users\/1"}],"replies":[{"embeddable":true,"href":"https:\/\/radiorevelacionfm.cl\/index.php?rest_route=%2Fwp%2Fv2%2Fcomments&post=29054"}],"version-history":[{"count":2,"href":"https:\/\/radiorevelacionfm.cl\/index.php?rest_route=\/wp\/v2\/posts\/29054\/revisions"}],"predecessor-version":[{"id":29057,"href":"https:\/\/radiorevelacionfm.cl\/index.php?rest_route=\/wp\/v2\/posts\/29054\/revisions\/29057"}],"wp:featuredmedia":[{"embeddable":true,"href":"https:\/\/radiorevelacionfm.cl\/index.php?rest_route=\/wp\/v2\/media\/29055"}],"wp:attachment":[{"href":"https:\/\/radiorevelacionfm.cl\/index.php?rest_route=%2Fwp%2Fv2%2Fmedia&parent=29054"}],"wp:term":[{"taxonomy":"category","embeddable":true,"href":"https:\/\/radiorevelacionfm.cl\/index.php?rest_route=%2Fwp%2Fv2%2Fcategories&post=29054"},{"taxonomy":"post_tag","embeddable":true,"href":"https:\/\/radiorevelacionfm.cl\/index.php?rest_route=%2Fwp%2Fv2%2Ftags&post=29054"}],"curies":[{"name":"wp","href":"https:\/\/api.w.org\/{rel}","templated":true}]}}