{"id":2905,"date":"2021-02-23T19:01:55","date_gmt":"2021-02-23T22:01:55","guid":{"rendered":"https:\/\/radiorevelacionfm.cl\/?p=2905"},"modified":"2021-02-23T19:01:55","modified_gmt":"2021-02-23T22:01:55","slug":"vecinos-exponen-al-alcalde-martinez-problematicas-de-conectividad-en-zonas-apartadas-de-villa-manihuales","status":"publish","type":"post","link":"https:\/\/radiorevelacionfm.cl\/?p=2905","title":{"rendered":"Vecinos exponen al alcalde Mart\u00ednez problem\u00e1ticas de conectividad en zonas apartadas de Villa Ma\u00f1ihuales"},"content":{"rendered":"<div class=\"flex_column av_one_full  flex_column_div av-zero-column-padding first  avia-builder-el-0  el_before_av_one_full  avia-builder-el-first  \" style='border-radius:0px; '><div  class='avia-image-container  av-styling-    avia-builder-el-1  avia-builder-el-no-sibling  avia-align-center '  itemprop=\"image\" itemscope=\"itemscope\" itemtype=\"https:\/\/schema.org\/ImageObject\"  ><div class='avia-image-container-inner'><div class='avia-image-overlay-wrap'><img decoding=\"async\" class='wp-image-0 avia-img-lazy-loading-not-0 avia_image' src=\"https:\/\/radiorevelacionfm.cl\/wp-content\/uploads\/2021\/02\/DSC_0095-1-1.jpg\" alt='' title=''   itemprop=\"thumbnailUrl\"  \/><\/div><\/div><\/div><\/div><div class=\"flex_column av_one_full  flex_column_div av-zero-column-padding first  avia-builder-el-2  el_after_av_one_full  el_before_av_one_full  column-top-margin\" style='border-radius:0px; '><section class=\"av_textblock_section \"  itemscope=\"itemscope\" itemtype=\"https:\/\/schema.org\/BlogPosting\" itemprop=\"blogPost\" ><div class='avia_textblock  '   itemprop=\"text\" ><p style=\"text-align: center;\"><span style=\"font-size: 18pt;\"><strong>Vecinos exponen al alcalde Mart\u00ednez problem\u00e1ticas de conectividad en zonas apartadas de Villa Ma\u00f1ihuales<\/strong><\/span><\/p>\n<div id=\"gtx-trans\" style=\"position: absolute; left: -50px; top: 4.31534px;\">\n<div class=\"gtx-trans-icon\"><\/div>\n<\/div>\n<\/div><\/section><\/div><div class=\"flex_column av_one_full  flex_column_div av-zero-column-padding first  avia-builder-el-4  el_after_av_one_full  el_before_av_hr  column-top-margin\" style='border-radius:0px; '><section class=\"av_textblock_section \"  itemscope=\"itemscope\" itemtype=\"https:\/\/schema.org\/BlogPosting\" itemprop=\"blogPost\" ><div class='avia_textblock  '   itemprop=\"text\" ><p style=\"text-align: justify;\"><em>Provistos de caballos facilitados por los lugare\u00f1os, la primera autoridad de la comuna de Ays\u00e9n constat\u00f3 en terreno las deficiencias de conectividad que deben atravesar los vecinos del sector.<\/em><\/p>\n<p style=\"text-align: justify;\">Hasta los sectores El Gloria, R\u00edo Turbio y Lago Roosevelt lleg\u00f3 tras una cabalgata el alcalde de Ays\u00e9n, Luis Mart\u00ednez Gallardo, para abordar en conjunto a los vecinos, las demandas que estos tienen principalmente en materia de conectividad vial. Esto en el marco de las actividades desarrolladas en el programa Municipio en Terreno que ha acercado hasta los rincones m\u00e1s apartados del territorio los servicios municipales y los di\u00e1logos abiertos con la primera autoridad de la comuna.<\/p>\n<p style=\"text-align: justify;\">Al respecto, el edil Mart\u00ednez destac\u00f3 que \u201caqu\u00ed hay que hacer 7 u 8 kil\u00f3metros que quedan para llegar hasta la hasta el \u00faltimo poblado e integrar de una vez por todas este Valle y en eso, como municipio hemos comprometido hoy d\u00eda a acompa\u00f1arlos, a poner la voz y poder sacar este camino adelante y terminarlo como un circuito y por qu\u00e9 no decir pagar la deuda hist\u00f3rica que tiene el Estado de Chile con estos pobladores que llegaron aqu\u00ed a hacer patria, llegaron a ser colonos y hoy d\u00eda sus hijos quieren seguir manteniendo y no tener que vender los campos a extranjeros y que esto pase a ser en el fondo un patrimonio\u00a0 de otros pa\u00edses pr\u00e1cticamente\u201d.<\/p>\n<p style=\"text-align: justify;\">Asimismo, el alcalde Mart\u00ednez comprometi\u00f3 su apoyo para acompa\u00f1ar a los vecinos y vecinas en las diversas gestiones ante el Gobierno Regional o el Ministerio de Obras P\u00fablicas a trav\u00e9s de su Seremi en Ays\u00e9n, N\u00e9stor Mera. Esto a fin de generar la articulaci\u00f3n y uni\u00f3n de todos actores involucrados para conseguir la materializaci\u00f3n del anhelado camino y cambiar as\u00ed una situaci\u00f3n que arrastran durante largas d\u00e9cadas.<\/p>\n<p style=\"text-align: justify;\">En tanto, Ada Jofr\u00e9, vecina del lugar, relat\u00f3 estar contenta con la visita de la primera autoridad comunal \u201cporque hay varias problem\u00e1ticas ac\u00e1 por empezar el tema de las tranqueras, las barreras que faltan los caminos por qu\u00e9 es peligroso, el puente porque quieran aislado y tienen que pasar a nado pr\u00e1cticamente, seguir el camino para dentro hasta el \u00faltimo poblador que es la idea. Se le pide a las autoridades que por favor tengan empat\u00eda con la gente que est\u00e1 quedando en el campo, porque gente adulta y ellos necesitan el apoyo de las autoridades, as\u00ed que la idea de que las autoridades puedan ayudar a los pobladores de ac\u00e1 en el tema de camino sobre todo\u201d.<\/p>\n<p style=\"text-align: justify;\">Finalmente, Esteban Jara, quien tambi\u00e9n es residente en este apartado punto de la comuna rememor\u00f3 que hace algunos a\u00f1os debi\u00f3 enfrentar el aislamiento producto de las condiciones clim\u00e1ticas que obstaculizaron los accesos \u201csalimos con nuestros animales a nado, porque tra\u00edamos algunas tropas unos animales y bueno, esas inquietudes las estamos haciendo llegar a nuestro alcalde para ver qu\u00e9 soluciones tenemos, nosotros estamos muy agradecidos porque \u00e9l nos est\u00e1 prestando un tremendo apoyo\u201d, puntualiz\u00f3 Jara.<\/p>\n<\/div><\/section><\/div><div  style='height:50px' class='hr hr-invisible   avia-builder-el-6  el_after_av_one_full  el_before_av_social_share '><span class='hr-inner ' ><span class='hr-inner-style'><\/span><\/span><\/div><\/p>\n<div  class='av-social-sharing-box  avia-builder-el-7  el_after_av_hr  el_before_av_hr  '><div class='av-share-box'><h5 class='av-share-link-description av-no-toc '>Compartir esta noticia<\/h5><ul class='av-share-box-list noLightbox'><li class='av-share-link av-social-link-facebook' ><a target=\"_blank\" aria-label=\"Compartir en Facebook\" href='https:\/\/www.facebook.com\/sharer.php?u=https:\/\/radiorevelacionfm.cl\/?p=2905&#038;t=Vecinos%20exponen%20al%20alcalde%20Mart%C3%ADnez%20problem%C3%A1ticas%20de%20conectividad%20en%20zonas%20apartadas%20de%20Villa%20Ma%C3%B1ihuales' aria-hidden='false' data-av_icon='\ue8f3' data-av_iconfont='entypo-fontello' title='' data-avia-related-tooltip='Compartir en Facebook' rel=\"noopener\"><span class='avia_hidden_link_text'>Compartir en Facebook<\/span><\/a><\/li><li class='av-share-link av-social-link-twitter' ><a target=\"_blank\" aria-label=\"Compartir en Twitter\" href='https:\/\/twitter.com\/share?text=Vecinos%20exponen%20al%20alcalde%20Mart%C3%ADnez%20problem%C3%A1ticas%20de%20conectividad%20en%20zonas%20apartadas%20de%20Villa%20Ma%C3%B1ihuales&#038;url=https:\/\/radiorevelacionfm.cl\/?p=2905' aria-hidden='false' data-av_icon='\ue8f1' data-av_iconfont='entypo-fontello' title='' data-avia-related-tooltip='Compartir en Twitter' rel=\"noopener\"><span class='avia_hidden_link_text'>Compartir en Twitter<\/span><\/a><\/li><li class='av-share-link av-social-link-whatsapp' ><a target=\"_blank\" aria-label=\"Compartir en Whatsapp\" href='https:\/\/api.whatsapp.com\/send?text=https:\/\/radiorevelacionfm.cl\/?p=2905' aria-hidden='false' data-av_icon='\uf232' data-av_iconfont='entypo-fontello' title='' data-avia-related-tooltip='Compartir en Whatsapp' rel=\"noopener\"><span class='avia_hidden_link_text'>Compartir en Whatsapp<\/span><\/a><\/li><li class='av-share-link av-social-link-linkedin' ><a target=\"_blank\" aria-label=\"Compartir en LinkedIn\" href='https:\/\/linkedin.com\/shareArticle?mini=true&#038;title=Vecinos%20exponen%20al%20alcalde%20Mart%C3%ADnez%20problem%C3%A1ticas%20de%20conectividad%20en%20zonas%20apartadas%20de%20Villa%20Ma%C3%B1ihuales&#038;url=https:\/\/radiorevelacionfm.cl\/?p=2905' aria-hidden='false' data-av_icon='\ue8fc' data-av_iconfont='entypo-fontello' title='' data-avia-related-tooltip='Compartir en LinkedIn' rel=\"noopener\"><span class='avia_hidden_link_text'>Compartir en LinkedIn<\/span><\/a><\/li><li class='av-share-link av-social-link-mail' ><a  aria-label=\"Compartir por correo\" href='mailto:?subject=Vecinos%20exponen%20al%20alcalde%20Mart%C3%ADnez%20problem%C3%A1ticas%20de%20conectividad%20en%20zonas%20apartadas%20de%20Villa%20Ma%C3%B1ihuales&#038;body=https:\/\/radiorevelacionfm.cl\/?p=2905' aria-hidden='false' data-av_icon='\ue805' data-av_iconfont='entypo-fontello' title='' data-avia-related-tooltip='Compartir por correo'><span class='avia_hidden_link_text'>Compartir por correo<\/span><\/a><\/li><\/ul><\/div><\/div>\n<div  style='height:50px' class='hr hr-invisible   avia-builder-el-8  el_after_av_social_share  el_before_av_comments_list '><span class='hr-inner ' ><span class='hr-inner-style'><\/span><\/span><\/div>\n<div  class='av-buildercomment  av-blog-meta-html-info-disabled av-blog-meta-tag-disabled  '><\/div>\n","protected":false},"excerpt":{"rendered":"","protected":false},"author":1,"featured_media":0,"comment_status":"open","ping_status":"open","sticky":false,"template":"","format":"standard","meta":{"footnotes":""},"categories":[38],"tags":[],"class_list":["post-2905","post","type-post","status-publish","format-standard","hentry","category-regional"],"jetpack_featured_media_url":"","_links":{"self":[{"href":"https:\/\/radiorevelacionfm.cl\/index.php?rest_route=\/wp\/v2\/posts\/2905","targetHints":{"allow":["GET"]}}],"collection":[{"href":"https:\/\/radiorevelacionfm.cl\/index.php?rest_route=\/wp\/v2\/posts"}],"about":[{"href":"https:\/\/radiorevelacionfm.cl\/index.php?rest_route=\/wp\/v2\/types\/post"}],"author":[{"embeddable":true,"href":"https:\/\/radiorevelacionfm.cl\/index.php?rest_route=\/wp\/v2\/users\/1"}],"replies":[{"embeddable":true,"href":"https:\/\/radiorevelacionfm.cl\/index.php?rest_route=%2Fwp%2Fv2%2Fcomments&post=2905"}],"version-history":[{"count":1,"href":"https:\/\/radiorevelacionfm.cl\/index.php?rest_route=\/wp\/v2\/posts\/2905\/revisions"}],"predecessor-version":[{"id":2907,"href":"https:\/\/radiorevelacionfm.cl\/index.php?rest_route=\/wp\/v2\/posts\/2905\/revisions\/2907"}],"wp:attachment":[{"href":"https:\/\/radiorevelacionfm.cl\/index.php?rest_route=%2Fwp%2Fv2%2Fmedia&parent=2905"}],"wp:term":[{"taxonomy":"category","embeddable":true,"href":"https:\/\/radiorevelacionfm.cl\/index.php?rest_route=%2Fwp%2Fv2%2Fcategories&post=2905"},{"taxonomy":"post_tag","embeddable":true,"href":"https:\/\/radiorevelacionfm.cl\/index.php?rest_route=%2Fwp%2Fv2%2Ftags&post=2905"}],"curies":[{"name":"wp","href":"https:\/\/api.w.org\/{rel}","templated":true}]}}