{"id":29049,"date":"2023-03-19T18:59:39","date_gmt":"2023-03-19T21:59:39","guid":{"rendered":"https:\/\/radiorevelacionfm.cl\/?p=29049"},"modified":"2023-03-19T18:59:39","modified_gmt":"2023-03-19T21:59:39","slug":"realizan-encuentros-con-organizaciones-sociales-de-la-region-para-capacitarlas-en-postulacion-al-ffoip","status":"publish","type":"post","link":"https:\/\/radiorevelacionfm.cl\/?p=29049","title":{"rendered":"Realizan encuentros con organizaciones sociales de la regi\u00f3n para capacitarlas en postulaci\u00f3n al FFOIP"},"content":{"rendered":"<div class=\"flex_column av_one_full  flex_column_div av-zero-column-padding first  avia-builder-el-0  el_before_av_one_full  avia-builder-el-first  \" style='border-radius:0px; '><div  class='avia-image-container  av-styling-    avia-builder-el-1  avia-builder-el-no-sibling  avia-align-center '  itemprop=\"image\" itemscope=\"itemscope\" itemtype=\"https:\/\/schema.org\/ImageObject\"  ><div class='avia-image-container-inner'><div class='avia-image-overlay-wrap'><img decoding=\"async\" class='wp-image-29050 avia-img-lazy-loading-not-29050 avia_image' src=\"https:\/\/radiorevelacionfm.cl\/wp-content\/uploads\/2023\/03\/IMG-20230319-WA0002-1-1.jpg\" alt='' title='IMG-20230319-WA0002 (1) (1)' height=\"600\" width=\"1067\"  itemprop=\"thumbnailUrl\" srcset=\"https:\/\/radiorevelacionfm.cl\/wp-content\/uploads\/2023\/03\/IMG-20230319-WA0002-1-1.jpg 1067w, https:\/\/radiorevelacionfm.cl\/wp-content\/uploads\/2023\/03\/IMG-20230319-WA0002-1-1-300x169.jpg 300w, https:\/\/radiorevelacionfm.cl\/wp-content\/uploads\/2023\/03\/IMG-20230319-WA0002-1-1-1030x579.jpg 1030w, https:\/\/radiorevelacionfm.cl\/wp-content\/uploads\/2023\/03\/IMG-20230319-WA0002-1-1-768x432.jpg 768w, https:\/\/radiorevelacionfm.cl\/wp-content\/uploads\/2023\/03\/IMG-20230319-WA0002-1-1-705x396.jpg 705w, https:\/\/radiorevelacionfm.cl\/wp-content\/uploads\/2023\/03\/IMG-20230319-WA0002-1-1-600x337.jpg 600w\" sizes=\"(max-width: 1067px) 100vw, 1067px\" \/><\/div><\/div><\/div><\/div><div class=\"flex_column av_one_full  flex_column_div av-zero-column-padding first  avia-builder-el-2  el_after_av_one_full  el_before_av_one_full  column-top-margin\" style='border-radius:0px; '><section class=\"av_textblock_section \"  itemscope=\"itemscope\" itemtype=\"https:\/\/schema.org\/BlogPosting\" itemprop=\"blogPost\" ><div class='avia_textblock  '   itemprop=\"text\" ><p style=\"text-align: center;\"><strong><span style=\"font-size: 18pt;\">Realizan encuentros con organizaciones sociales de la regi\u00f3n para capacitarlas en postulaci\u00f3n al FFOIP<\/span><\/strong><\/p>\n<div id=\"gtx-trans\" style=\"position: absolute; left: -50px; top: 4.31534px;\">\n<div class=\"gtx-trans-icon\"><\/div>\n<\/div>\n<\/div><\/section><\/div><div class=\"flex_column av_one_full  flex_column_div av-zero-column-padding first  avia-builder-el-4  el_after_av_one_full  el_before_av_hr  column-top-margin\" style='border-radius:0px; '><section class=\"av_textblock_section \"  itemscope=\"itemscope\" itemtype=\"https:\/\/schema.org\/BlogPosting\" itemprop=\"blogPost\" ><div class='avia_textblock  '   itemprop=\"text\" ><p style=\"text-align: justify;\">Continuando con las jornadas de Capacitaci\u00f3n y Difusi\u00f3n del Fondo de Fomento de Organizaciones de Inter\u00e9s P\u00fablico (FFOIP), cuyo objetivo es fortalecer a las organizaciones en diversos aspectos, la Seremi de Gobierno, Tatiana Pl\u00e1 \u00c1lvarez junto a su equipo de trabajo contin\u00faan recorriendo la regi\u00f3n y reuni\u00e9ndose con diversas organizaciones sociales.<\/p>\n<p style=\"text-align: justify;\">La semana reci\u00e9n pasada estuvieron en: Villa Ma\u00f1ihuales, Puyuhuapi y Puerto Cisnes, donde no s\u00f3lo pudieron dar a conocer detalles de la postulaci\u00f3n a este Fondo, sino tambi\u00e9n recoger diversas inquietudes de los vecinos.<\/p>\n<p style=\"text-align: justify;\">El viernes 17 de marzo, a las 18:00 horas se realiz\u00f3 una jornada de capacitaci\u00f3n y difusi\u00f3n de este Fondo, en el auditorio del MOP en Coyhaique, para todas las organizaciones sociales sin fines de lucro.<\/p>\n<p style=\"text-align: justify;\">La vocera de Gobierno, de la regi\u00f3n de Ays\u00e9n, indic\u00f3: \u201chemos estado y nos hemos propuesto para este a\u00f1o, hacer difusi\u00f3n en las cuatro capitales provinciales, finalizamos esta semana realizando nuestra actividad de difusi\u00f3n y capacitaci\u00f3n en Coyhaique y la pr\u00f3xima semana estaremos en Chile Chico y Cochrane. La semana pasada estuvimos en Cisnes y Puyuhuapi, en Ma\u00f1ihuales y tambi\u00e9n en Balmaceda, porque lo que queremos es acercarnos y llevar la informaci\u00f3n a toda la regi\u00f3n para que las organizaciones sociales puedan conocer este Fondo de Fortalecimiento de Organizaciones de Inter\u00e9s P\u00fablico que tiene a disposici\u00f3n nuestro Ministerio\u201d.<\/p>\n<p style=\"text-align: justify;\">En este fondo concursable, pueden participar: juntas de vecinos, uniones comunales, organizaciones comunitarias funcionales, comunidades ind\u00edgenas, fundaciones, corporaciones, asociaciones de consumidores y cualquier otra organizaci\u00f3n que tenga la calidad de inter\u00e9s p\u00fablico.<\/p>\n<p style=\"text-align: justify;\">En tanto, la administradora municipal de Coyhaique, Gabriela Retamal- en representaci\u00f3n del alcalde Carlos Gatica- se\u00f1al\u00f3: \u201ccomo municipio nos interesa destacar el trabajo que realizan las organizaciones comunitarias en la comuna de Coyhaique, \u00e9stas son muchas veces la voz de los que no tienen voz y sus ideas tambi\u00e9n pueden ser canalizadas a trav\u00e9s del municipio, el Coyhaique que merecemos requiere que todos y todas trabajemos para mejorar nuestra sociedad\u201d.<\/p>\n<p style=\"text-align: justify;\">Cabe se\u00f1alar, que algunas de las iniciativas que se pueden financiar con el FFOIP son: promoci\u00f3n del inter\u00e9s general en materia de derechos de la ciudadan\u00eda, asistencia social, educaci\u00f3n, salud, medio ambiente o cualquiera otra de bien com\u00fan, en especial las que tengan relaci\u00f3n con voluntariado.<\/p>\n<p style=\"text-align: justify;\">Finalmente, se les recuerda a las organizaciones sociales de la regi\u00f3n que el plazo de postulaci\u00f3n en papel vence el 31 de marzo, mientras que el plazo de postulaci\u00f3n en l\u00ednea (o sea, por internet) vence el 10 de abril. Las organizaciones interesadas pueden postular en <strong>https:\/\/fondodefortalecimiento.gob.cl<\/strong><\/p>\n<\/div><\/section><\/div><div  style='height:50px' class='hr hr-invisible   avia-builder-el-6  el_after_av_one_full  el_before_av_social_share '><span class='hr-inner ' ><span class='hr-inner-style'><\/span><\/span><\/div><\/p>\n<div  class='av-social-sharing-box  avia-builder-el-7  el_after_av_hr  el_before_av_hr  '><div class='av-share-box'><h5 class='av-share-link-description av-no-toc '>Compartir esta noticia<\/h5><ul class='av-share-box-list noLightbox'><li class='av-share-link av-social-link-facebook' ><a target=\"_blank\" aria-label=\"Compartir en Facebook\" href='https:\/\/www.facebook.com\/sharer.php?u=https:\/\/radiorevelacionfm.cl\/?p=29049&#038;t=Realizan%20encuentros%20con%20organizaciones%20sociales%20de%20la%20regi%C3%B3n%20para%20capacitarlas%20en%20postulaci%C3%B3n%20al%20FFOIP' aria-hidden='false' data-av_icon='\ue8f3' data-av_iconfont='entypo-fontello' title='' data-avia-related-tooltip='Compartir en Facebook' rel=\"noopener\"><span class='avia_hidden_link_text'>Compartir en Facebook<\/span><\/a><\/li><li class='av-share-link av-social-link-twitter' ><a target=\"_blank\" aria-label=\"Compartir en Twitter\" href='https:\/\/twitter.com\/share?text=Realizan%20encuentros%20con%20organizaciones%20sociales%20de%20la%20regi%C3%B3n%20para%20capacitarlas%20en%20postulaci%C3%B3n%20al%20FFOIP&#038;url=https:\/\/radiorevelacionfm.cl\/?p=29049' aria-hidden='false' data-av_icon='\ue8f1' data-av_iconfont='entypo-fontello' title='' data-avia-related-tooltip='Compartir en Twitter' rel=\"noopener\"><span class='avia_hidden_link_text'>Compartir en Twitter<\/span><\/a><\/li><li class='av-share-link av-social-link-whatsapp' ><a target=\"_blank\" aria-label=\"Compartir en Whatsapp\" href='https:\/\/api.whatsapp.com\/send?text=https:\/\/radiorevelacionfm.cl\/?p=29049' aria-hidden='false' data-av_icon='\uf232' data-av_iconfont='entypo-fontello' title='' data-avia-related-tooltip='Compartir en Whatsapp' rel=\"noopener\"><span class='avia_hidden_link_text'>Compartir en Whatsapp<\/span><\/a><\/li><li class='av-share-link av-social-link-linkedin' ><a target=\"_blank\" aria-label=\"Compartir en LinkedIn\" href='https:\/\/linkedin.com\/shareArticle?mini=true&#038;title=Realizan%20encuentros%20con%20organizaciones%20sociales%20de%20la%20regi%C3%B3n%20para%20capacitarlas%20en%20postulaci%C3%B3n%20al%20FFOIP&#038;url=https:\/\/radiorevelacionfm.cl\/?p=29049' aria-hidden='false' data-av_icon='\ue8fc' data-av_iconfont='entypo-fontello' title='' data-avia-related-tooltip='Compartir en LinkedIn' rel=\"noopener\"><span class='avia_hidden_link_text'>Compartir en LinkedIn<\/span><\/a><\/li><li class='av-share-link av-social-link-mail' ><a  aria-label=\"Compartir por correo\" href='mailto:?subject=Realizan%20encuentros%20con%20organizaciones%20sociales%20de%20la%20regi%C3%B3n%20para%20capacitarlas%20en%20postulaci%C3%B3n%20al%20FFOIP&#038;body=https:\/\/radiorevelacionfm.cl\/?p=29049' aria-hidden='false' data-av_icon='\ue805' data-av_iconfont='entypo-fontello' title='' data-avia-related-tooltip='Compartir por correo'><span class='avia_hidden_link_text'>Compartir por correo<\/span><\/a><\/li><\/ul><\/div><\/div>\n<div  style='height:50px' class='hr hr-invisible   avia-builder-el-8  el_after_av_social_share  el_before_av_comments_list '><span class='hr-inner ' ><span class='hr-inner-style'><\/span><\/span><\/div>\n<div  class='av-buildercomment  av-blog-meta-html-info-disabled av-blog-meta-tag-disabled  '><\/div>\n","protected":false},"excerpt":{"rendered":"","protected":false},"author":1,"featured_media":29050,"comment_status":"open","ping_status":"open","sticky":false,"template":"","format":"standard","meta":{"footnotes":""},"categories":[38],"tags":[],"class_list":["post-29049","post","type-post","status-publish","format-standard","has-post-thumbnail","hentry","category-regional"],"jetpack_featured_media_url":"https:\/\/radiorevelacionfm.cl\/wp-content\/uploads\/2023\/03\/IMG-20230319-WA0002-1-1.jpg","_links":{"self":[{"href":"https:\/\/radiorevelacionfm.cl\/index.php?rest_route=\/wp\/v2\/posts\/29049","targetHints":{"allow":["GET"]}}],"collection":[{"href":"https:\/\/radiorevelacionfm.cl\/index.php?rest_route=\/wp\/v2\/posts"}],"about":[{"href":"https:\/\/radiorevelacionfm.cl\/index.php?rest_route=\/wp\/v2\/types\/post"}],"author":[{"embeddable":true,"href":"https:\/\/radiorevelacionfm.cl\/index.php?rest_route=\/wp\/v2\/users\/1"}],"replies":[{"embeddable":true,"href":"https:\/\/radiorevelacionfm.cl\/index.php?rest_route=%2Fwp%2Fv2%2Fcomments&post=29049"}],"version-history":[{"count":2,"href":"https:\/\/radiorevelacionfm.cl\/index.php?rest_route=\/wp\/v2\/posts\/29049\/revisions"}],"predecessor-version":[{"id":29052,"href":"https:\/\/radiorevelacionfm.cl\/index.php?rest_route=\/wp\/v2\/posts\/29049\/revisions\/29052"}],"wp:featuredmedia":[{"embeddable":true,"href":"https:\/\/radiorevelacionfm.cl\/index.php?rest_route=\/wp\/v2\/media\/29050"}],"wp:attachment":[{"href":"https:\/\/radiorevelacionfm.cl\/index.php?rest_route=%2Fwp%2Fv2%2Fmedia&parent=29049"}],"wp:term":[{"taxonomy":"category","embeddable":true,"href":"https:\/\/radiorevelacionfm.cl\/index.php?rest_route=%2Fwp%2Fv2%2Fcategories&post=29049"},{"taxonomy":"post_tag","embeddable":true,"href":"https:\/\/radiorevelacionfm.cl\/index.php?rest_route=%2Fwp%2Fv2%2Ftags&post=29049"}],"curies":[{"name":"wp","href":"https:\/\/api.w.org\/{rel}","templated":true}]}}