{"id":29044,"date":"2023-03-19T15:45:14","date_gmt":"2023-03-19T18:45:14","guid":{"rendered":"https:\/\/radiorevelacionfm.cl\/?p=29044"},"modified":"2023-03-19T15:45:14","modified_gmt":"2023-03-19T18:45:14","slug":"inician-fondo-de-proteccion-ambiental-en-raul-marin-balmaceda-y-anuncian-nuevos-concursos-para-2023","status":"publish","type":"post","link":"https:\/\/radiorevelacionfm.cl\/?p=29044","title":{"rendered":"Inician Fondo de Protecci\u00f3n Ambiental en Ra\u00fal Mar\u00edn Balmaceda y anuncian nuevos concursos para 2023"},"content":{"rendered":"<div class=\"flex_column av_one_full  flex_column_div av-zero-column-padding first  avia-builder-el-0  el_before_av_one_full  avia-builder-el-first  \" style='border-radius:0px; '><div  class='avia-image-container  av-styling-    avia-builder-el-1  avia-builder-el-no-sibling  avia-align-center '  itemprop=\"image\" itemscope=\"itemscope\" itemtype=\"https:\/\/schema.org\/ImageObject\"  ><div class='avia-image-container-inner'><div class='avia-image-overlay-wrap'><img decoding=\"async\" class='wp-image-29046 avia-img-lazy-loading-not-29046 avia_image' src=\"https:\/\/radiorevelacionfm.cl\/wp-content\/uploads\/2023\/03\/DSC_9037-2-1.jpg\" alt='' title='DSC_9037 (2) (1)' height=\"600\" width=\"1005\"  itemprop=\"thumbnailUrl\" srcset=\"https:\/\/radiorevelacionfm.cl\/wp-content\/uploads\/2023\/03\/DSC_9037-2-1.jpg 1005w, https:\/\/radiorevelacionfm.cl\/wp-content\/uploads\/2023\/03\/DSC_9037-2-1-300x179.jpg 300w, https:\/\/radiorevelacionfm.cl\/wp-content\/uploads\/2023\/03\/DSC_9037-2-1-768x459.jpg 768w, https:\/\/radiorevelacionfm.cl\/wp-content\/uploads\/2023\/03\/DSC_9037-2-1-705x421.jpg 705w, https:\/\/radiorevelacionfm.cl\/wp-content\/uploads\/2023\/03\/DSC_9037-2-1-600x358.jpg 600w\" sizes=\"(max-width: 1005px) 100vw, 1005px\" \/><\/div><\/div><\/div><\/div><div class=\"flex_column av_one_full  flex_column_div av-zero-column-padding first  avia-builder-el-2  el_after_av_one_full  el_before_av_one_full  column-top-margin\" style='border-radius:0px; '><section class=\"av_textblock_section \"  itemscope=\"itemscope\" itemtype=\"https:\/\/schema.org\/BlogPosting\" itemprop=\"blogPost\" ><div class='avia_textblock  '   itemprop=\"text\" ><p style=\"text-align: center;\"><span style=\"font-size: 18pt;\"><strong>Inician Fondo de Protecci\u00f3n Ambiental en Ra\u00fal Mar\u00edn Balmaceda y anuncian nuevos concursos para 2023<\/strong><\/span><\/p>\n<div id=\"gtx-trans\" style=\"position: absolute; left: -50px; top: 4.31534px;\">\n<div class=\"gtx-trans-icon\"><\/div>\n<\/div>\n<\/div><\/section><\/div><div class=\"flex_column av_one_full  flex_column_div av-zero-column-padding first  avia-builder-el-4  el_after_av_one_full  el_before_av_hr  column-top-margin\" style='border-radius:0px; '><section class=\"av_textblock_section \"  itemscope=\"itemscope\" itemtype=\"https:\/\/schema.org\/BlogPosting\" itemprop=\"blogPost\" ><div class='avia_textblock  '   itemprop=\"text\" ><p style=\"text-align: justify;\">Siete fueron los proyectos ganadores de la regi\u00f3n de Ays\u00e9n en la versi\u00f3n 2023 del Fondo de Protecci\u00f3n Ambiental del Ministerio del Medio Ambiente, siendo el Sindicato de Pescadores Artesanales de Ra\u00fal Mar\u00edn Balmaceda, una de las organizaciones sociales adjudicantes con el proyecto \u201cManejo del Retamo\u201d. Para dar punta pie inicial al proyecto, el SEREMI del Medio Ambiente, Juli\u00e1n C\u00e1rdenas viaj\u00f3 a la localidad a hacer la entrega oficial de los recursos que ser\u00e1n destinados a desarrollar un piloto para mitigar la especie ex\u00f3tica introducida Retamo.<\/p>\n<p style=\"text-align: justify;\">\u201cLa biodiversidad se ve amenazada muchas veces por la introducci\u00f3n de especies ex\u00f3ticas o especies invasoras, que finalmente contaminan algunos espacios. Y efectivamente, ac\u00e1 tenemos un proyecto iniciado por la comunidad que busca erradicar una de esas especies que es el Retamo, especie que lamentablemente ha invadido las playas de esta hermosa localidad de Ra\u00fal Mar\u00edn Balmaceda, y que a partir de la iniciativa que se va a desarrollar, se va a buscar erradicar y eliminar\u201d explic\u00f3 el SEREMI Juli\u00e1n C\u00e1rdenas al hacer entrega del cheque al Presidente del Sindicato de Pescadores Artesanales de Ra\u00fal Mar\u00edn Balmaceda, Patricio Merino, para ejecutar el proyecto regional que cont\u00f3 con la puntuaci\u00f3n m\u00e1s alta de la regi\u00f3n.<\/p>\n<p style=\"text-align: justify;\">Merino agradeci\u00f3 la oportunidad de concretar la iniciativa que calific\u00f3 como emblem\u00e1tica para la localidad \u201ces algo que se viene anhelando hace mucho tiempo y ahora vamos a vamos a realizar un piloto que va a ser instalado en la playa principal de Ra\u00fal Mar\u00edn. Los datos que se rescaten aqu\u00ed nos van a servir para otras zonas, digamos all\u00e1 atr\u00e1s en la barra, est\u00e1 lleno de reclamos y es un peligro porque se pueden provocar incendios y es todo un tema\u201d, explic\u00f3 el Presidente del sindicato, agregando que una de las metas es recobrar la frutilla silvestre que brota naturalmente en la zona y ha sido relegada por la especie ex\u00f3tica \u201cLas frutillas que crecen de manera silvestre ac\u00e1 en Puerto Ra\u00fal Mar\u00edn y es la que queremos proteger para que digamos, no que no se pierdan, no se extinga, porque es algo hist\u00f3rico. Antes todas las familias iban a buscar frutillas a la playa en verano, era un paseo familiar\u201d.<\/p>\n<p style=\"text-align: justify;\"><strong>NUEVOS CONCURSOS<\/strong><\/p>\n<p style=\"text-align: justify;\">El SEREMI del Medio Ambiente aprovech\u00f3 la instancia para anunciar el segundo llamado al Fondo de Protecci\u00f3n Ambiental 2023, que cuenta con dos concursos relevantes para la regi\u00f3n de Ays\u00e9n. El primero denominado \u201cFortalecimiento de Santuarios de la Naturaleza\u201d, tiene como \u00a0objetivo fortalecer el manejo de los Santuarios de la Naturaleza del pa\u00eds para contribuir de manera efectiva a la conservaci\u00f3n de la biodiversidad y se encuentra abierto para Universidades, Centros de investigaci\u00f3n, Fundaciones, Corporaciones y Organizaciones no Gubernamentales, Centros de Investigaci\u00f3n, Fundaciones y Corporaciones creadas al alero de una Universidad o Centro de Formaci\u00f3n T\u00e9cnica, entregando recursos de hasta 40.000.000 por iniciativa.<\/p>\n<p style=\"text-align: justify;\">La segunda convocatoria corresponde a \u201cElaboraci\u00f3n e Implementaci\u00f3n Temprana de Planes de Gesti\u00f3n de Humedales\u201d, cuya finalidad es contribuir al mejoramiento del estado ecol\u00f3gico, conservaci\u00f3n y gobernanza de humedales mediante la elaboraci\u00f3n e implementaci\u00f3n temprana de Planes de Gesti\u00f3n Integral de humedales y sus \u00e1reas de influencia a nivel de subcuencas aportantes, que incorporen la participaci\u00f3n de los diversos actores del territorio.; convocando a los mismos organismos para financiar hasta $60.000.000 por iniciativa.<\/p>\n<p style=\"text-align: justify;\">El SEREMI invit\u00f3 a participar de la oportunidad que entregan los Fondos de protecci\u00f3n ambiental como herramienta de gesti\u00f3n ambiental para las comunidades \u201cA partir de este proyecto y de otros tantos que financiamos a partir del FPA, buscamos que la comunidad se involucre, la comunidad participe y que la comunidad pueda replicar lo que vamos a ir aprendiendo y vamos a ir levantando para tener un manejo m\u00e1s sustentable de nuestro medio ambiente\u201d, concluy\u00f3 recordando a la comunidad que pueden encontrar toda la informaci\u00f3n disponible en fondos.mma.gob.cl.<\/p>\n<p style=\"text-align: justify;\">.<\/p>\n<\/div><\/section><\/div><div  style='height:50px' class='hr hr-invisible   avia-builder-el-6  el_after_av_one_full  el_before_av_social_share '><span class='hr-inner ' ><span class='hr-inner-style'><\/span><\/span><\/div><\/p>\n<div  class='av-social-sharing-box  avia-builder-el-7  el_after_av_hr  el_before_av_hr  '><div class='av-share-box'><h5 class='av-share-link-description av-no-toc '>Compartir esta noticia<\/h5><ul class='av-share-box-list noLightbox'><li class='av-share-link av-social-link-facebook' ><a target=\"_blank\" aria-label=\"Compartir en Facebook\" href='https:\/\/www.facebook.com\/sharer.php?u=https:\/\/radiorevelacionfm.cl\/?p=29044&#038;t=Inician%20Fondo%20de%20Protecci%C3%B3n%20Ambiental%20en%20Ra%C3%BAl%20Mar%C3%ADn%20Balmaceda%20y%20anuncian%20nuevos%20concursos%20para%202023' aria-hidden='false' data-av_icon='\ue8f3' data-av_iconfont='entypo-fontello' title='' data-avia-related-tooltip='Compartir en Facebook' rel=\"noopener\"><span class='avia_hidden_link_text'>Compartir en Facebook<\/span><\/a><\/li><li class='av-share-link av-social-link-twitter' ><a target=\"_blank\" aria-label=\"Compartir en Twitter\" href='https:\/\/twitter.com\/share?text=Inician%20Fondo%20de%20Protecci%C3%B3n%20Ambiental%20en%20Ra%C3%BAl%20Mar%C3%ADn%20Balmaceda%20y%20anuncian%20nuevos%20concursos%20para%202023&#038;url=https:\/\/radiorevelacionfm.cl\/?p=29044' aria-hidden='false' data-av_icon='\ue8f1' data-av_iconfont='entypo-fontello' title='' data-avia-related-tooltip='Compartir en Twitter' rel=\"noopener\"><span class='avia_hidden_link_text'>Compartir en Twitter<\/span><\/a><\/li><li class='av-share-link av-social-link-whatsapp' ><a target=\"_blank\" aria-label=\"Compartir en Whatsapp\" href='https:\/\/api.whatsapp.com\/send?text=https:\/\/radiorevelacionfm.cl\/?p=29044' aria-hidden='false' data-av_icon='\uf232' data-av_iconfont='entypo-fontello' title='' data-avia-related-tooltip='Compartir en Whatsapp' rel=\"noopener\"><span class='avia_hidden_link_text'>Compartir en Whatsapp<\/span><\/a><\/li><li class='av-share-link av-social-link-linkedin' ><a target=\"_blank\" aria-label=\"Compartir en LinkedIn\" href='https:\/\/linkedin.com\/shareArticle?mini=true&#038;title=Inician%20Fondo%20de%20Protecci%C3%B3n%20Ambiental%20en%20Ra%C3%BAl%20Mar%C3%ADn%20Balmaceda%20y%20anuncian%20nuevos%20concursos%20para%202023&#038;url=https:\/\/radiorevelacionfm.cl\/?p=29044' aria-hidden='false' data-av_icon='\ue8fc' data-av_iconfont='entypo-fontello' title='' data-avia-related-tooltip='Compartir en LinkedIn' rel=\"noopener\"><span class='avia_hidden_link_text'>Compartir en LinkedIn<\/span><\/a><\/li><li class='av-share-link av-social-link-mail' ><a  aria-label=\"Compartir por correo\" href='mailto:?subject=Inician%20Fondo%20de%20Protecci%C3%B3n%20Ambiental%20en%20Ra%C3%BAl%20Mar%C3%ADn%20Balmaceda%20y%20anuncian%20nuevos%20concursos%20para%202023&#038;body=https:\/\/radiorevelacionfm.cl\/?p=29044' aria-hidden='false' data-av_icon='\ue805' data-av_iconfont='entypo-fontello' title='' data-avia-related-tooltip='Compartir por correo'><span class='avia_hidden_link_text'>Compartir por correo<\/span><\/a><\/li><\/ul><\/div><\/div>\n<div  style='height:50px' class='hr hr-invisible   avia-builder-el-8  el_after_av_social_share  el_before_av_comments_list '><span class='hr-inner ' ><span class='hr-inner-style'><\/span><\/span><\/div>\n<div  class='av-buildercomment  av-blog-meta-html-info-disabled av-blog-meta-tag-disabled  '><\/div>\n","protected":false},"excerpt":{"rendered":"","protected":false},"author":1,"featured_media":29046,"comment_status":"open","ping_status":"open","sticky":false,"template":"","format":"standard","meta":{"footnotes":""},"categories":[39],"tags":[],"class_list":["post-29044","post","type-post","status-publish","format-standard","has-post-thumbnail","hentry","category-medio-ambiente"],"jetpack_featured_media_url":"https:\/\/radiorevelacionfm.cl\/wp-content\/uploads\/2023\/03\/DSC_9037-2-1.jpg","_links":{"self":[{"href":"https:\/\/radiorevelacionfm.cl\/index.php?rest_route=\/wp\/v2\/posts\/29044","targetHints":{"allow":["GET"]}}],"collection":[{"href":"https:\/\/radiorevelacionfm.cl\/index.php?rest_route=\/wp\/v2\/posts"}],"about":[{"href":"https:\/\/radiorevelacionfm.cl\/index.php?rest_route=\/wp\/v2\/types\/post"}],"author":[{"embeddable":true,"href":"https:\/\/radiorevelacionfm.cl\/index.php?rest_route=\/wp\/v2\/users\/1"}],"replies":[{"embeddable":true,"href":"https:\/\/radiorevelacionfm.cl\/index.php?rest_route=%2Fwp%2Fv2%2Fcomments&post=29044"}],"version-history":[{"count":2,"href":"https:\/\/radiorevelacionfm.cl\/index.php?rest_route=\/wp\/v2\/posts\/29044\/revisions"}],"predecessor-version":[{"id":29048,"href":"https:\/\/radiorevelacionfm.cl\/index.php?rest_route=\/wp\/v2\/posts\/29044\/revisions\/29048"}],"wp:featuredmedia":[{"embeddable":true,"href":"https:\/\/radiorevelacionfm.cl\/index.php?rest_route=\/wp\/v2\/media\/29046"}],"wp:attachment":[{"href":"https:\/\/radiorevelacionfm.cl\/index.php?rest_route=%2Fwp%2Fv2%2Fmedia&parent=29044"}],"wp:term":[{"taxonomy":"category","embeddable":true,"href":"https:\/\/radiorevelacionfm.cl\/index.php?rest_route=%2Fwp%2Fv2%2Fcategories&post=29044"},{"taxonomy":"post_tag","embeddable":true,"href":"https:\/\/radiorevelacionfm.cl\/index.php?rest_route=%2Fwp%2Fv2%2Ftags&post=29044"}],"curies":[{"name":"wp","href":"https:\/\/api.w.org\/{rel}","templated":true}]}}