{"id":29042,"date":"2023-03-19T20:33:03","date_gmt":"2023-03-19T23:33:03","guid":{"rendered":"https:\/\/radiorevelacionfm.cl\/?p=29042"},"modified":"2023-03-19T20:33:03","modified_gmt":"2023-03-19T23:33:03","slug":"patagonia-y-rios-invitan-a-eventos-virtuales-en-el-marco-de-la-conferencia-sobre-el-agua-de-la-onu","status":"publish","type":"post","link":"https:\/\/radiorevelacionfm.cl\/?p=29042","title":{"rendered":"Patagonia y r\u00edos: Invitan a eventos virtuales en el marco de la Conferencia sobre el Agua de la ONU"},"content":{"rendered":"<div class=\"flex_column av_one_full  flex_column_div av-zero-column-padding first  avia-builder-el-0  el_before_av_one_full  avia-builder-el-first  \" style='border-radius:0px; '><div  class='avia-image-container  av-styling-    avia-builder-el-1  avia-builder-el-no-sibling  avia-align-center '  itemprop=\"image\" itemscope=\"itemscope\" itemtype=\"https:\/\/schema.org\/ImageObject\"  ><div class='avia-image-container-inner'><div class='avia-image-overlay-wrap'><img decoding=\"async\" class='wp-image-28792 avia-img-lazy-loading-not-28792 avia_image' src=\"https:\/\/radiorevelacionfm.cl\/wp-content\/uploads\/2023\/03\/Side-Event-Patagonia-1-1.jpg\" alt='' title='Side Event Patagonia (1) (1)' height=\"600\" width=\"480\"  itemprop=\"thumbnailUrl\" srcset=\"https:\/\/radiorevelacionfm.cl\/wp-content\/uploads\/2023\/03\/Side-Event-Patagonia-1-1.jpg 480w, https:\/\/radiorevelacionfm.cl\/wp-content\/uploads\/2023\/03\/Side-Event-Patagonia-1-1-240x300.jpg 240w\" sizes=\"(max-width: 480px) 100vw, 480px\" \/><\/div><\/div><\/div><\/div><div class=\"flex_column av_one_full  flex_column_div av-zero-column-padding first  avia-builder-el-2  el_after_av_one_full  el_before_av_one_full  column-top-margin\" style='border-radius:0px; '><section class=\"av_textblock_section \"  itemscope=\"itemscope\" itemtype=\"https:\/\/schema.org\/BlogPosting\" itemprop=\"blogPost\" ><div class='avia_textblock  '   itemprop=\"text\" ><p style=\"text-align: center;\"><span style=\"font-size: 18pt;\"><b><span lang=\"ES\">Patagonia y r<\/span><\/b><b><span lang=\"X-NONE\">\u00edos:<span class=\"v1gmail-Apple-converted-space\">\u00a0<\/span><\/span><\/b><b><span lang=\"ES\">Invitan a eventos virtuales<span class=\"v1gmail-Apple-converted-space\">\u00a0<\/span><\/span><\/b><b><span lang=\"X-NONE\">en el marco de la Conferencia sobre el Agua de la ONU<\/span><\/b><\/span><\/p>\n<div id=\"gtx-trans\" style=\"position: absolute; left: -50px; top: 4.31534px;\">\n<div class=\"gtx-trans-icon\"><\/div>\n<\/div>\n<\/div><\/section><\/div><div class=\"flex_column av_one_full  flex_column_div av-zero-column-padding first  avia-builder-el-4  el_after_av_one_full  el_before_av_hr  column-top-margin\" style='border-radius:0px; '><section class=\"av_textblock_section \"  itemscope=\"itemscope\" itemtype=\"https:\/\/schema.org\/BlogPosting\" itemprop=\"blogPost\" ><div class='avia_textblock  '   itemprop=\"text\" ><p class=\"v1MsoNormal\" style=\"text-align: justify;\"><span lang=\"ES\">Dos eventos paralelos virtuales (side event), en el marco de la Conferencia sobre el Agua que se desarrollar<\/span><span lang=\"X-NONE\">\u00e1 del mi\u00e9rcoles 22 al viernes 24 de marzo en Nueva York, se organizar\u00e1n los d\u00edas<span class=\"v1gmail-Apple-converted-space\">\u00a0<\/span>lunes 20<span class=\"v1gmail-Apple-converted-space\">\u00a0<\/span>y<span class=\"v1gmail-Apple-converted-space\">\u00a0<\/span>martes 21 de marzo. Uno de ellos abordar\u00e1 la importancia de la Patagonia para la regulaci\u00f3n clim\u00e1tica y por ende su necesaria protecci\u00f3n, mientras que el segundo se enfocar\u00e1 en el trabajo en Chile de la Red por los R\u00edos Libres.<\/span><\/p>\n<p class=\"v1MsoNormal\" style=\"text-align: justify;\"><span lang=\"X-NONE\">En el marco de este encuentro los dirigentes est\u00e1n gestionando reuniones paralelas con autoridades chilenas y extranjeras presentes en el encuentro, adem\u00e1s de representantes de organizaciones de la sociedad civil con las cuales establecer v\u00ednculos para trabajar en Ays\u00e9n.<\/span><\/p>\n<p class=\"v1MsoNormal\" style=\"text-align: justify;\"><span lang=\"X-NONE\">El primer side event ser\u00e1\u00bb<i>Patagonia, territorio esencial para la Sostenibilidad Mundial del Agua<\/i>\u00bb y se desarrollar\u00e1 el<span class=\"v1gmail-Apple-converted-space\">\u00a0<\/span>lunes 20 de marzo<span class=\"v1gmail-Apple-converted-space\">\u00a0<\/span>a las 12AM (Chile)\/11AM (Nueva York).\u00a0<\/span><\/p>\n<p class=\"v1MsoNormal\" style=\"text-align: justify;\"><span lang=\"X-NONE\">En \u00e9ste presentar\u00e1n<span class=\"v1gmail-Apple-converted-space\">\u00a0<\/span>Peter Hartmann<span class=\"v1gmail-Apple-converted-space\">\u00a0<\/span>(Agrupaci\u00f3n Ais\u00e9n Reserva de Vida) con \u00ab<i>Valores Ecosist\u00e9micos y Ambientales de la Patagonia Reserva de Vida<\/i>\u00ab,<span class=\"v1gmail-Apple-converted-space\">\u00a0<\/span>Erwin Sandoval<span class=\"v1gmail-Apple-converted-space\">\u00a0<\/span>(Corporaci\u00f3n Privada para el Desarrollo de Ays\u00e9n) con \u00ab<i>\u00bfEs toda la Patagonia chilena pr\u00edstina?<\/i>\u00bb y<span class=\"v1gmail-Apple-converted-space\">\u00a0<\/span>Mitzi Urtubia<span class=\"v1gmail-Apple-converted-space\">\u00a0<\/span>(Ecosistemas) con \u00ab<i>Amenazas a las reservas de agua en Patagonia<\/i>\u00ab.\u00a0<span class=\"v1gmail-Apple-converted-space\">\u00a0<\/span>Tambi\u00e9n expondr\u00e1<span class=\"v1gmail-Apple-converted-space\">\u00a0<\/span>Miriam Chible<span class=\"v1gmail-Apple-converted-space\">\u00a0<\/span>(Corporaci\u00f3n Chelenko \/ Costa Carrera) con \u00abExperiencias de Desarrollo Sustentable en el uso del Agua\u00bb y<span class=\"v1gmail-Apple-converted-space\">\u00a0<\/span>Juan Pablo Orrego<span class=\"v1gmail-Apple-converted-space\">\u00a0<\/span>(Ecosistemas, Premios Goldman y\u00a0<span class=\"v1gmail-Apple-converted-space\">\u00a0<\/span>Right Livelihood Award) con \u00ab<i>La problem\u00e1tica estructural y cultural en torno a las aguas en Chile<\/i>\u00ab.<\/span><\/p>\n<p class=\"v1MsoNormal\" style=\"text-align: justify;\"><span lang=\"X-NONE\">El d\u00eda martes<span class=\"v1gmail-Apple-converted-space\">\u00a0<\/span><\/span><span lang=\"ES\">martes\u00a0<span class=\"v1gmail-Apple-converted-space\">\u00a0<\/span>21<\/span><span lang=\"ES\"><span class=\"v1gmail-Apple-converted-space\">\u00a0<\/span>de marzo a las 11AM (Chile)\/10AM (Nueva York), corresponder<\/span><span lang=\"X-NONE\">\u00e1 a \u00ab<\/span><i><span lang=\"ES\">Red por los R\u00edos Libres en Chile: Una experiencia sustentada en el compromiso<\/span><\/i><span lang=\"ES\">\u00bb donde expondr<\/span><span lang=\"X-NONE\">\u00e1n<span class=\"v1gmail-Apple-converted-space\">\u00a0<\/span><\/span><span lang=\"ES\">Antonio Pulgar<\/span><span lang=\"ES\">(ONG FIMA) con \u00ab<i>Estado del arte de la institucionalidad h\u00eddrica en Chile<\/i>\u00ab, adem<\/span><span lang=\"X-NONE\">\u00e1s de los conflictos<span class=\"v1gmail-Apple-converted-space\">\u00a0<\/span><\/span><span lang=\"ES\">conflictos territoriales a cargo de<span class=\"v1gmail-Apple-converted-space\">\u00a0<\/span>Ram\u00f3n Balc\u00e1zar<span class=\"v1gmail-Apple-converted-space\">\u00a0<\/span>(Fundaci\u00f3n Tanti\/OPSAL) con \u00ab<i>Transici\u00f3n energ\u00e9tica y Extractivismo verde en cuencas del norte de Chile<\/i>\u00ab, y<span class=\"v1gmail-Apple-converted-space\">\u00a0<\/span>Fernanda Purran<span class=\"v1gmail-Apple-converted-space\">\u00a0<\/span>(Malen Leubu) y<span class=\"v1gmail-Apple-converted-space\">\u00a0<\/span>Paula Riffo<span class=\"v1gmail-Apple-converted-space\">\u00a0<\/span>(Semillas de Lirqu\u00e9n) con \u00ab<i>Intervenci\u00f3n hidroel\u00e9ctrica en el r\u00edo Biobio<\/i>\u00ab.<\/span><\/p>\n<p class=\"v1MsoNormal\" style=\"text-align: justify;\"><span lang=\"ES\">Asimismo, estar<\/span><span lang=\"X-NONE\">\u00e1n presentes<span class=\"v1gmail-Apple-converted-space\">\u00a0<\/span><\/span><span lang=\"ES\">Sara Larra\u00edn<\/span><span lang=\"ES\"><span class=\"v1gmail-Apple-converted-space\">\u00a0<\/span>(Chile Sustentable) con \u00ab<i>Avances con la reforma al C\u00f3digo de Aguas<\/i>\u00ab<\/span><span lang=\"X-NONE\">,<span class=\"v1gmail-Apple-converted-space\">\u00a0<\/span><\/span><span lang=\"ES\">Patricio Segura<\/span><span lang=\"ES\"><span class=\"v1gmail-Apple-converted-space\">\u00a0<\/span>(Corporaci\u00f3n Privada para el Desarrollo de Ays\u00e9n) con \u00ab<i>Incidencia ciudadana en la defensa del agua y los r\u00edos<\/i>\u00ab<\/span><span lang=\"X-NONE\">\u00a0<span class=\"v1gmail-Apple-converted-space\">\u00a0<\/span>y<span class=\"v1gmail-Apple-converted-space\">\u00a0<\/span><\/span><span lang=\"ES\">Monti Aguirre<\/span><span lang=\"ES\"><span class=\"v1gmail-Apple-converted-space\">\u00a0<\/span>(International Rivers) con \u00ab<i>Coalici\u00f3n Global de Protecci\u00f3n Permanente de los R\u00edos<\/i>\u00ab.<\/span><\/p>\n<p class=\"v1MsoNormal\" style=\"text-align: justify;\">Ambos<span class=\"v1gmail-Apple-converted-space\">\u00a0<\/span><i>side event<span class=\"v1gmail-Apple-converted-space\">\u00a0<\/span><\/i>se transmitir<span lang=\"X-NONE\">\u00e1n por la p\u00e1gina FB de Corporaci\u00f3n Privada para el Desarrollo de Ays\u00e9n en<span class=\"v1gmail-Apple-converted-space\">\u00a0<\/span><\/span><span lang=\"ES\"><a href=\"https:\/\/www.facebook.com\/CodesaAysen\" target=\"_blank\" rel=\"noopener noreferrer\">https:\/\/www.facebook.com\/CodesaAysen<\/a>.\u00a0<span class=\"v1gmail-Apple-converted-space\">\u00a0<\/span>Mayores informaciones en<span class=\"v1gmail-Apple-converted-space\">\u00a0<\/span><a href=\"http:\/\/www.somoscodesa.org\/\" target=\"_blank\" rel=\"noopener noreferrer\">www.somoscodesa.org<\/a>.<\/span><\/p>\n<p class=\"v1MsoNormal\" style=\"text-align: justify;\"><span lang=\"ES\">Se<span class=\"v1gmail-Apple-converted-space\">\u00a0<\/span><a href=\"https:\/\/www.unep.org\/es\/events\/conferencia\/conferencia-de-la-onu-sobre-el-agua-2023\" target=\"_blank\" rel=\"noopener noreferrer\">espera<\/a><span class=\"v1gmail-Apple-converted-space\">\u00a0<\/span>que \u00ab<i>la Conferencia de las Naciones Unidas sobre el Agua 2023 adopte la Agenda de Acci\u00f3n por el Agua como un resultado principal que evidencie los compromisos voluntarios de los pa\u00edses y las partes interesadas encaminados a cumplir los objetivos y metas mundiales relacionados con el agua<\/i>\u00ab.<\/span><\/p>\n<p class=\"v1MsoNormal\" style=\"text-align: justify;\"><span lang=\"X-NONE\">Esto, en el marco de la Agenda 2030 de las Nacionales Unidas para el Desarrollo Sostenible, una de cuyas<span class=\"v1gmail-Apple-converted-space\">\u00a0<\/span><a href=\"https:\/\/www.undp.org\/es\/sustainable-development-goals\" target=\"_blank\" rel=\"noopener noreferrer\">17 metas<\/a><span class=\"v1gmail-Apple-converted-space\">\u00a0<\/span>es la n\u00famero 6, que es \u00ab<a href=\"https:\/\/www.undp.org\/es\/sustainable-development-goals\/agua-limpia-saneamiento\" target=\"_blank\" rel=\"noopener noreferrer\">Agua Limpia y Saneamiento<\/a>\u00ab.<\/span><\/p>\n<p class=\"v1MsoNormal\" style=\"text-align: justify;\"><span lang=\"X-NONE\">Los 17 objetivos de la Agenda 2030<\/span><\/p>\n<p class=\"v1MsoNormal\" style=\"text-align: justify;\"><span lang=\"X-NONE\">Objetivo 1: Poner fin a la pobreza<\/span><\/p>\n<p class=\"v1MsoNormal\" style=\"text-align: justify;\"><span lang=\"X-NONE\">Objetivo 2: Hambre y seguridad alimentaria<\/span><\/p>\n<p class=\"v1MsoNormal\" style=\"text-align: justify;\"><span lang=\"X-NONE\">Objetivo 3: Salud<\/span><\/p>\n<p class=\"v1MsoNormal\" style=\"text-align: justify;\"><span lang=\"X-NONE\">Objetivo 4: Educaci\u00f3n<\/span><\/p>\n<p class=\"v1MsoNormal\" style=\"text-align: justify;\"><span lang=\"X-NONE\">Objetivo 5: Igualdad de g\u00e9nero y empoderamiento de la mujer<\/span><\/p>\n<p class=\"v1MsoNormal\" style=\"text-align: justify;\"><span lang=\"X-NONE\">Objetivo 6: Agua y saneamiento<\/span><\/p>\n<p class=\"v1MsoNormal\" style=\"text-align: justify;\"><span lang=\"X-NONE\">Objetivo 7: Energ\u00eda<\/span><\/p>\n<p class=\"v1MsoNormal\" style=\"text-align: justify;\"><span lang=\"X-NONE\">Objetivo 8: Crecimiento econ\u00f3mico<\/span><\/p>\n<p class=\"v1MsoNormal\" style=\"text-align: justify;\"><span lang=\"X-NONE\">Objetivo 9: Infraestructura<\/span><\/p>\n<p class=\"v1MsoNormal\" style=\"text-align: justify;\"><span lang=\"X-NONE\">Objetivo 10: Reducir las desigualdades entre pa\u00edses y dentro de ellos<\/span><\/p>\n<p class=\"v1MsoNormal\" style=\"text-align: justify;\"><span lang=\"X-NONE\">Objetivo 11: Ciudades<\/span><\/p>\n<p class=\"v1MsoNormal\" style=\"text-align: justify;\"><span lang=\"X-NONE\">Objetivo 12: Producci\u00f3n y consumo sostenibles<\/span><\/p>\n<p class=\"v1MsoNormal\" style=\"text-align: justify;\"><span lang=\"X-NONE\">Objetivo 13: Cambio clim\u00e1tico<\/span><\/p>\n<p class=\"v1MsoNormal\" style=\"text-align: justify;\"><span lang=\"X-NONE\">Objetivo 14: Oc\u00e9anos<\/span><\/p>\n<p class=\"v1MsoNormal\" style=\"text-align: justify;\"><span lang=\"X-NONE\">Objetivo 15: Bosques, desertificaci\u00f3n y diversidad biol\u00f3gica<\/span><\/p>\n<p class=\"v1MsoNormal\" style=\"text-align: justify;\"><span lang=\"X-NONE\">Objetivo 16: Paz y justicia<\/span><\/p>\n<p class=\"v1MsoNormal\" style=\"text-align: justify;\"><span lang=\"X-NONE\">Objetivo 17: Alianzas<\/span><\/p>\n<\/div><\/section><\/div><div  style='height:50px' class='hr hr-invisible   avia-builder-el-6  el_after_av_one_full  el_before_av_social_share '><span class='hr-inner ' ><span class='hr-inner-style'><\/span><\/span><\/div><\/p>\n<div  class='av-social-sharing-box  avia-builder-el-7  el_after_av_hr  el_before_av_hr  '><div class='av-share-box'><h5 class='av-share-link-description av-no-toc '>Compartir esta noticia<\/h5><ul class='av-share-box-list noLightbox'><li class='av-share-link av-social-link-facebook' ><a target=\"_blank\" aria-label=\"Compartir en Facebook\" href='https:\/\/www.facebook.com\/sharer.php?u=https:\/\/radiorevelacionfm.cl\/?p=29042&#038;t=Patagonia%20y%20r%C3%ADos%3A%20Invitan%20a%20eventos%20virtuales%20en%20el%20marco%20de%20la%20Conferencia%20sobre%20el%20Agua%20de%20la%20ONU' aria-hidden='false' data-av_icon='\ue8f3' data-av_iconfont='entypo-fontello' title='' data-avia-related-tooltip='Compartir en Facebook' rel=\"noopener\"><span class='avia_hidden_link_text'>Compartir en Facebook<\/span><\/a><\/li><li class='av-share-link av-social-link-twitter' ><a target=\"_blank\" aria-label=\"Compartir en Twitter\" href='https:\/\/twitter.com\/share?text=Patagonia%20y%20r%C3%ADos%3A%20Invitan%20a%20eventos%20virtuales%20en%20el%20marco%20de%20la%20Conferencia%20sobre%20el%20Agua%20de%20la%20ONU&#038;url=https:\/\/radiorevelacionfm.cl\/?p=29042' aria-hidden='false' data-av_icon='\ue8f1' data-av_iconfont='entypo-fontello' title='' data-avia-related-tooltip='Compartir en Twitter' rel=\"noopener\"><span class='avia_hidden_link_text'>Compartir en Twitter<\/span><\/a><\/li><li class='av-share-link av-social-link-whatsapp' ><a target=\"_blank\" aria-label=\"Compartir en Whatsapp\" href='https:\/\/api.whatsapp.com\/send?text=https:\/\/radiorevelacionfm.cl\/?p=29042' aria-hidden='false' data-av_icon='\uf232' data-av_iconfont='entypo-fontello' title='' data-avia-related-tooltip='Compartir en Whatsapp' rel=\"noopener\"><span class='avia_hidden_link_text'>Compartir en Whatsapp<\/span><\/a><\/li><li class='av-share-link av-social-link-linkedin' ><a target=\"_blank\" aria-label=\"Compartir en LinkedIn\" href='https:\/\/linkedin.com\/shareArticle?mini=true&#038;title=Patagonia%20y%20r%C3%ADos%3A%20Invitan%20a%20eventos%20virtuales%20en%20el%20marco%20de%20la%20Conferencia%20sobre%20el%20Agua%20de%20la%20ONU&#038;url=https:\/\/radiorevelacionfm.cl\/?p=29042' aria-hidden='false' data-av_icon='\ue8fc' data-av_iconfont='entypo-fontello' title='' data-avia-related-tooltip='Compartir en LinkedIn' rel=\"noopener\"><span class='avia_hidden_link_text'>Compartir en LinkedIn<\/span><\/a><\/li><li class='av-share-link av-social-link-mail' ><a  aria-label=\"Compartir por correo\" href='mailto:?subject=Patagonia%20y%20r%C3%ADos%3A%20Invitan%20a%20eventos%20virtuales%20en%20el%20marco%20de%20la%20Conferencia%20sobre%20el%20Agua%20de%20la%20ONU&#038;body=https:\/\/radiorevelacionfm.cl\/?p=29042' aria-hidden='false' data-av_icon='\ue805' data-av_iconfont='entypo-fontello' title='' data-avia-related-tooltip='Compartir por correo'><span class='avia_hidden_link_text'>Compartir por correo<\/span><\/a><\/li><\/ul><\/div><\/div>\n<div  style='height:50px' class='hr hr-invisible   avia-builder-el-8  el_after_av_social_share  el_before_av_comments_list '><span class='hr-inner ' ><span class='hr-inner-style'><\/span><\/span><\/div>\n<div  class='av-buildercomment  av-blog-meta-html-info-disabled av-blog-meta-tag-disabled  '><\/div>\n","protected":false},"excerpt":{"rendered":"","protected":false},"author":1,"featured_media":28793,"comment_status":"open","ping_status":"open","sticky":false,"template":"","format":"standard","meta":{"footnotes":""},"categories":[39],"tags":[],"class_list":["post-29042","post","type-post","status-publish","format-standard","has-post-thumbnail","hentry","category-medio-ambiente"],"jetpack_featured_media_url":"https:\/\/radiorevelacionfm.cl\/wp-content\/uploads\/2023\/03\/Side-Event-Patagonia-1-2-1.jpg","_links":{"self":[{"href":"https:\/\/radiorevelacionfm.cl\/index.php?rest_route=\/wp\/v2\/posts\/29042","targetHints":{"allow":["GET"]}}],"collection":[{"href":"https:\/\/radiorevelacionfm.cl\/index.php?rest_route=\/wp\/v2\/posts"}],"about":[{"href":"https:\/\/radiorevelacionfm.cl\/index.php?rest_route=\/wp\/v2\/types\/post"}],"author":[{"embeddable":true,"href":"https:\/\/radiorevelacionfm.cl\/index.php?rest_route=\/wp\/v2\/users\/1"}],"replies":[{"embeddable":true,"href":"https:\/\/radiorevelacionfm.cl\/index.php?rest_route=%2Fwp%2Fv2%2Fcomments&post=29042"}],"version-history":[{"count":1,"href":"https:\/\/radiorevelacionfm.cl\/index.php?rest_route=\/wp\/v2\/posts\/29042\/revisions"}],"predecessor-version":[{"id":29043,"href":"https:\/\/radiorevelacionfm.cl\/index.php?rest_route=\/wp\/v2\/posts\/29042\/revisions\/29043"}],"wp:featuredmedia":[{"embeddable":true,"href":"https:\/\/radiorevelacionfm.cl\/index.php?rest_route=\/wp\/v2\/media\/28793"}],"wp:attachment":[{"href":"https:\/\/radiorevelacionfm.cl\/index.php?rest_route=%2Fwp%2Fv2%2Fmedia&parent=29042"}],"wp:term":[{"taxonomy":"category","embeddable":true,"href":"https:\/\/radiorevelacionfm.cl\/index.php?rest_route=%2Fwp%2Fv2%2Fcategories&post=29042"},{"taxonomy":"post_tag","embeddable":true,"href":"https:\/\/radiorevelacionfm.cl\/index.php?rest_route=%2Fwp%2Fv2%2Ftags&post=29042"}],"curies":[{"name":"wp","href":"https:\/\/api.w.org\/{rel}","templated":true}]}}