{"id":29036,"date":"2023-03-18T19:33:28","date_gmt":"2023-03-18T22:33:28","guid":{"rendered":"https:\/\/radiorevelacionfm.cl\/?p=29036"},"modified":"2023-03-18T19:33:28","modified_gmt":"2023-03-18T22:33:28","slug":"consejero-abello-agradezco-haber-escuchado-la-opinion-de-los-habitantes-de-la-region-estaremos-atentos-y-confiaremos-en-la-palabra-empenada-respecto-a-la-implementacion-del-plan-de-emergenc","status":"publish","type":"post","link":"https:\/\/radiorevelacionfm.cl\/?p=29036","title":{"rendered":"Consejero Abello: \u201cAgradezco haber escuchado la opini\u00f3n de los habitantes de la regi\u00f3n, estaremos atentos y confiaremos en la palabra empe\u00f1ada respecto a la Implementaci\u00f3n del plan de emergencia conservaci\u00f3n de caminos anunciado\u201d"},"content":{"rendered":"<div class=\"flex_column av_one_full  flex_column_div av-zero-column-padding first  avia-builder-el-0  el_before_av_one_full  avia-builder-el-first  \" style='border-radius:0px; '><div  class='avia-image-container  av-styling-    avia-builder-el-1  avia-builder-el-no-sibling  avia-align-center '  itemprop=\"image\" itemscope=\"itemscope\" itemtype=\"https:\/\/schema.org\/ImageObject\"  ><div class='avia-image-container-inner'><div class='avia-image-overlay-wrap'><img decoding=\"async\" class='wp-image-29037 avia-img-lazy-loading-not-29037 avia_image' src=\"https:\/\/radiorevelacionfm.cl\/wp-content\/uploads\/2023\/03\/Foto-Core-Abello-caminos-1-1.jpg\" alt='' title='Foto Core Abello caminos (1) (1)' height=\"600\" width=\"758\"  itemprop=\"thumbnailUrl\" srcset=\"https:\/\/radiorevelacionfm.cl\/wp-content\/uploads\/2023\/03\/Foto-Core-Abello-caminos-1-1.jpg 758w, https:\/\/radiorevelacionfm.cl\/wp-content\/uploads\/2023\/03\/Foto-Core-Abello-caminos-1-1-300x237.jpg 300w, https:\/\/radiorevelacionfm.cl\/wp-content\/uploads\/2023\/03\/Foto-Core-Abello-caminos-1-1-705x558.jpg 705w, https:\/\/radiorevelacionfm.cl\/wp-content\/uploads\/2023\/03\/Foto-Core-Abello-caminos-1-1-600x475.jpg 600w\" sizes=\"(max-width: 758px) 100vw, 758px\" \/><\/div><\/div><\/div><\/div><div class=\"flex_column av_one_full  flex_column_div av-zero-column-padding first  avia-builder-el-2  el_after_av_one_full  el_before_av_one_full  column-top-margin\" style='border-radius:0px; '><section class=\"av_textblock_section \"  itemscope=\"itemscope\" itemtype=\"https:\/\/schema.org\/BlogPosting\" itemprop=\"blogPost\" ><div class='avia_textblock  '   itemprop=\"text\" ><p style=\"text-align: center;\"><strong><span style=\"font-size: 18pt;\">Consejero Abello: \u201cAgradezco haber escuchado la opini\u00f3n de los habitantes de la regi\u00f3n, estaremos atentos y confiaremos en la palabra empe\u00f1ada respecto a la Implementaci\u00f3n del plan de emergencia conservaci\u00f3n de caminos anunciado\u201d<\/span><\/strong><\/p>\n<div id=\"gtx-trans\" style=\"position: absolute; left: -50px; top: 4.31534px;\">\n<div class=\"gtx-trans-icon\"><\/div>\n<\/div>\n<\/div><\/section><\/div><div class=\"flex_column av_one_full  flex_column_div av-zero-column-padding first  avia-builder-el-4  el_after_av_one_full  el_before_av_hr  column-top-margin\" style='border-radius:0px; '><section class=\"av_textblock_section \"  itemscope=\"itemscope\" itemtype=\"https:\/\/schema.org\/BlogPosting\" itemprop=\"blogPost\" ><div class='avia_textblock  '   itemprop=\"text\" ><p style=\"text-align: justify;\">Luego de la visita a la regi\u00f3n del\u00a0 Director Nacional de Vialidad (s), Jaime Huidobro, esta autoridad nacional se reuni\u00f3 con dirigentes regionales y autoridades, instancia en la que se anunciaron importantes medidas de emergencia, junto a la presentaci\u00f3n de un plan m\u00e1s completo en las pr\u00f3ximas semanas.<\/p>\n<p style=\"text-align: justify;\">El Consejero Regional Jorge Abello, quien ha sido cr\u00edtico respecto de estado de los caminos, se\u00f1al\u00f3 que la visita cobra importancia, en primer\u00a0 lugar, por las continuas y reiteradas denuncias de los habitantes de la regi\u00f3n por el p\u00e9simo estado y mantenci\u00f3n de los caminos en la red regional en diferentes tramos y tiempos, por tanto, resalt\u00f3 que se requer\u00eda una atenci\u00f3n distinta y prioritaria del MOP.<\/p>\n<p style=\"text-align: justify;\">Respecto a las medidas anunciadas el consejero regional se\u00f1al\u00f3 \u201cTuvimos la oportunidad de manifestar todas las situaciones complejas en materia de conectividad terrestre y la verdad que algunas de ellas estaban contenidas en la propuesta de medidas, pero como no es un plan definitivo esperamos se gestione con el car\u00e1cter de urgente la conservaci\u00f3n de los caminos en nuestra regi\u00f3n, en forma integral y no solo medidas paliativas de invierno\u201d.<\/p>\n<p style=\"text-align: justify;\">Finalmente Abello finaliz\u00f3 diciendo \u201cEstamos disponibles como siempre para el di\u00e1logo y la colaboraci\u00f3n, en lo pr\u00f3ximo esperamos resolver prontamente la Modificaci\u00f3n del Convenio de Programaci\u00f3n del MOP ante la decisi\u00f3n de Vialidad de avanzar en pr\u00f3ximas pavimentaciones de la Ruta 7 solo con recursos sectoriales permitiendo re priorizar los recursos regionales antes comprometidos y confiaremos respecto a la palabra empe\u00f1ada por el Director Nacional para avanzar en los compromisos adquiridos.<\/p>\n<\/div><\/section><\/div><div  style='height:50px' class='hr hr-invisible   avia-builder-el-6  el_after_av_one_full  el_before_av_social_share '><span class='hr-inner ' ><span class='hr-inner-style'><\/span><\/span><\/div><\/p>\n<div  class='av-social-sharing-box  avia-builder-el-7  el_after_av_hr  el_before_av_hr  '><div class='av-share-box'><h5 class='av-share-link-description av-no-toc '>Compartir esta noticia<\/h5><ul class='av-share-box-list noLightbox'><li class='av-share-link av-social-link-facebook' ><a target=\"_blank\" aria-label=\"Compartir en Facebook\" href='https:\/\/www.facebook.com\/sharer.php?u=https:\/\/radiorevelacionfm.cl\/?p=29036&#038;t=Consejero%20Abello%3A%20%E2%80%9CAgradezco%20haber%20escuchado%20la%20opini%C3%B3n%20de%20los%20habitantes%20de%20la%20regi%C3%B3n%2C%20estaremos%20atentos%20y%20confiaremos%20en%20la%20palabra%20empe%C3%B1ada%20respecto%20a%20la%20Implementaci%C3%B3n%20del%20plan%20de%20emergencia%20conservaci%C3%B3n%20de%20caminos%20anunciado%E2%80%9D' aria-hidden='false' data-av_icon='\ue8f3' data-av_iconfont='entypo-fontello' title='' data-avia-related-tooltip='Compartir en Facebook' rel=\"noopener\"><span class='avia_hidden_link_text'>Compartir en Facebook<\/span><\/a><\/li><li class='av-share-link av-social-link-twitter' ><a target=\"_blank\" aria-label=\"Compartir en Twitter\" href='https:\/\/twitter.com\/share?text=Consejero%20Abello%3A%20%E2%80%9CAgradezco%20haber%20escuchado%20la%20opini%C3%B3n%20de%20los%20habitantes%20de%20la%20regi%C3%B3n%2C%20estaremos%20atentos%20y%20confiaremos%20en%20la%20palabra%20empe%C3%B1ada%20respecto%20a%20la%20Implementaci%C3%B3n%20del%20plan%20de%20emergencia%20conservaci%C3%B3n%20de%20caminos%20anunciado%E2%80%9D&#038;url=https:\/\/radiorevelacionfm.cl\/?p=29036' aria-hidden='false' data-av_icon='\ue8f1' data-av_iconfont='entypo-fontello' title='' data-avia-related-tooltip='Compartir en Twitter' rel=\"noopener\"><span class='avia_hidden_link_text'>Compartir en Twitter<\/span><\/a><\/li><li class='av-share-link av-social-link-whatsapp' ><a target=\"_blank\" aria-label=\"Compartir en Whatsapp\" href='https:\/\/api.whatsapp.com\/send?text=https:\/\/radiorevelacionfm.cl\/?p=29036' aria-hidden='false' data-av_icon='\uf232' data-av_iconfont='entypo-fontello' title='' data-avia-related-tooltip='Compartir en Whatsapp' rel=\"noopener\"><span class='avia_hidden_link_text'>Compartir en Whatsapp<\/span><\/a><\/li><li class='av-share-link av-social-link-linkedin' ><a target=\"_blank\" aria-label=\"Compartir en LinkedIn\" href='https:\/\/linkedin.com\/shareArticle?mini=true&#038;title=Consejero%20Abello%3A%20%E2%80%9CAgradezco%20haber%20escuchado%20la%20opini%C3%B3n%20de%20los%20habitantes%20de%20la%20regi%C3%B3n%2C%20estaremos%20atentos%20y%20confiaremos%20en%20la%20palabra%20empe%C3%B1ada%20respecto%20a%20la%20Implementaci%C3%B3n%20del%20plan%20de%20emergencia%20conservaci%C3%B3n%20de%20caminos%20anunciado%E2%80%9D&#038;url=https:\/\/radiorevelacionfm.cl\/?p=29036' aria-hidden='false' data-av_icon='\ue8fc' data-av_iconfont='entypo-fontello' title='' data-avia-related-tooltip='Compartir en LinkedIn' rel=\"noopener\"><span class='avia_hidden_link_text'>Compartir en LinkedIn<\/span><\/a><\/li><li class='av-share-link av-social-link-mail' ><a  aria-label=\"Compartir por correo\" href='mailto:?subject=Consejero%20Abello%3A%20%E2%80%9CAgradezco%20haber%20escuchado%20la%20opini%C3%B3n%20de%20los%20habitantes%20de%20la%20regi%C3%B3n%2C%20estaremos%20atentos%20y%20confiaremos%20en%20la%20palabra%20empe%C3%B1ada%20respecto%20a%20la%20Implementaci%C3%B3n%20del%20plan%20de%20emergencia%20conservaci%C3%B3n%20de%20caminos%20anunciado%E2%80%9D&#038;body=https:\/\/radiorevelacionfm.cl\/?p=29036' aria-hidden='false' data-av_icon='\ue805' data-av_iconfont='entypo-fontello' title='' data-avia-related-tooltip='Compartir por correo'><span class='avia_hidden_link_text'>Compartir por correo<\/span><\/a><\/li><\/ul><\/div><\/div>\n<div  style='height:50px' class='hr hr-invisible   avia-builder-el-8  el_after_av_social_share  el_before_av_comments_list '><span class='hr-inner ' ><span class='hr-inner-style'><\/span><\/span><\/div>\n<div  class='av-buildercomment  av-blog-meta-html-info-disabled av-blog-meta-tag-disabled  '><\/div>\n","protected":false},"excerpt":{"rendered":"","protected":false},"author":1,"featured_media":29037,"comment_status":"open","ping_status":"open","sticky":false,"template":"","format":"standard","meta":{"footnotes":""},"categories":[38],"tags":[],"class_list":["post-29036","post","type-post","status-publish","format-standard","has-post-thumbnail","hentry","category-regional"],"jetpack_featured_media_url":"https:\/\/radiorevelacionfm.cl\/wp-content\/uploads\/2023\/03\/Foto-Core-Abello-caminos-1-1.jpg","_links":{"self":[{"href":"https:\/\/radiorevelacionfm.cl\/index.php?rest_route=\/wp\/v2\/posts\/29036","targetHints":{"allow":["GET"]}}],"collection":[{"href":"https:\/\/radiorevelacionfm.cl\/index.php?rest_route=\/wp\/v2\/posts"}],"about":[{"href":"https:\/\/radiorevelacionfm.cl\/index.php?rest_route=\/wp\/v2\/types\/post"}],"author":[{"embeddable":true,"href":"https:\/\/radiorevelacionfm.cl\/index.php?rest_route=\/wp\/v2\/users\/1"}],"replies":[{"embeddable":true,"href":"https:\/\/radiorevelacionfm.cl\/index.php?rest_route=%2Fwp%2Fv2%2Fcomments&post=29036"}],"version-history":[{"count":2,"href":"https:\/\/radiorevelacionfm.cl\/index.php?rest_route=\/wp\/v2\/posts\/29036\/revisions"}],"predecessor-version":[{"id":29041,"href":"https:\/\/radiorevelacionfm.cl\/index.php?rest_route=\/wp\/v2\/posts\/29036\/revisions\/29041"}],"wp:featuredmedia":[{"embeddable":true,"href":"https:\/\/radiorevelacionfm.cl\/index.php?rest_route=\/wp\/v2\/media\/29037"}],"wp:attachment":[{"href":"https:\/\/radiorevelacionfm.cl\/index.php?rest_route=%2Fwp%2Fv2%2Fmedia&parent=29036"}],"wp:term":[{"taxonomy":"category","embeddable":true,"href":"https:\/\/radiorevelacionfm.cl\/index.php?rest_route=%2Fwp%2Fv2%2Fcategories&post=29036"},{"taxonomy":"post_tag","embeddable":true,"href":"https:\/\/radiorevelacionfm.cl\/index.php?rest_route=%2Fwp%2Fv2%2Ftags&post=29036"}],"curies":[{"name":"wp","href":"https:\/\/api.w.org\/{rel}","templated":true}]}}