{"id":29033,"date":"2023-03-18T18:44:41","date_gmt":"2023-03-18T21:44:41","guid":{"rendered":"https:\/\/radiorevelacionfm.cl\/?p=29033"},"modified":"2023-03-18T18:44:41","modified_gmt":"2023-03-18T21:44:41","slug":"fundacion-integra-invita-a-inscribir-a-parvulos-en-sus-jardines-infantiles","status":"publish","type":"post","link":"https:\/\/radiorevelacionfm.cl\/?p=29033","title":{"rendered":"Fundaci\u00f3n Integra invita a inscribir a p\u00e1rvulos en sus jardines infantiles"},"content":{"rendered":"<div class=\"flex_column av_one_full  flex_column_div av-zero-column-padding first  avia-builder-el-0  el_before_av_one_full  avia-builder-el-first  \" style='border-radius:0px; '><div  class='avia-image-container  av-styling-    avia-builder-el-1  avia-builder-el-no-sibling  avia-align-center '  itemprop=\"image\" itemscope=\"itemscope\" itemtype=\"https:\/\/schema.org\/ImageObject\"  ><div class='avia-image-container-inner'><div class='avia-image-overlay-wrap'><img decoding=\"async\" class='wp-image-29034 avia-img-lazy-loading-not-29034 avia_image' src=\"https:\/\/radiorevelacionfm.cl\/wp-content\/uploads\/2023\/03\/IMG_6605-min-1-1.jpg\" alt='' title='IMG_6605-min (1) (1)' height=\"600\" width=\"902\"  itemprop=\"thumbnailUrl\" srcset=\"https:\/\/radiorevelacionfm.cl\/wp-content\/uploads\/2023\/03\/IMG_6605-min-1-1.jpg 902w, https:\/\/radiorevelacionfm.cl\/wp-content\/uploads\/2023\/03\/IMG_6605-min-1-1-300x200.jpg 300w, https:\/\/radiorevelacionfm.cl\/wp-content\/uploads\/2023\/03\/IMG_6605-min-1-1-768x511.jpg 768w, https:\/\/radiorevelacionfm.cl\/wp-content\/uploads\/2023\/03\/IMG_6605-min-1-1-705x469.jpg 705w, https:\/\/radiorevelacionfm.cl\/wp-content\/uploads\/2023\/03\/IMG_6605-min-1-1-600x399.jpg 600w\" sizes=\"(max-width: 902px) 100vw, 902px\" \/><\/div><\/div><\/div><\/div><div class=\"flex_column av_one_full  flex_column_div av-zero-column-padding first  avia-builder-el-2  el_after_av_one_full  el_before_av_one_full  column-top-margin\" style='border-radius:0px; '><section class=\"av_textblock_section \"  itemscope=\"itemscope\" itemtype=\"https:\/\/schema.org\/BlogPosting\" itemprop=\"blogPost\" ><div class='avia_textblock  '   itemprop=\"text\" ><p style=\"text-align: center;\"><strong><span style=\"font-size: 18pt;\">Fundaci\u00f3n Integra invita a inscribir a p\u00e1rvulos en sus jardines infantiles<\/span><\/strong><\/p>\n<div id=\"gtx-trans\" style=\"position: absolute; left: -50px; top: 4.31534px;\">\n<div class=\"gtx-trans-icon\"><\/div>\n<\/div>\n<\/div><\/section><\/div><div class=\"flex_column av_one_full  flex_column_div av-zero-column-padding first  avia-builder-el-4  el_after_av_one_full  el_before_av_hr  column-top-margin\" style='border-radius:0px; '><section class=\"av_textblock_section \"  itemscope=\"itemscope\" itemtype=\"https:\/\/schema.org\/BlogPosting\" itemprop=\"blogPost\" ><div class='avia_textblock  '   itemprop=\"text\" ><p style=\"font-weight: 400; text-align: justify;\">El lunes 6 de marzo Fundaci\u00f3n Integra \u2013a nivel pa\u00eds- comenz\u00f3 con la atenci\u00f3n de ni\u00f1os y ni\u00f1as en los m\u00e1s de 1200 jardines infantiles que tiene repartidos en todo el territorio nacional y la regi\u00f3n de Ays\u00e9n no fue excepci\u00f3n. Desde Melinka a Villa O\u00b4Higgins los jardines infantiles de la instituci\u00f3n abrieron sus puertas para atender a los 684 p\u00e1rvulos que se han inscrito en uno de los 19 establecimientos presentes en el territorio.<\/p>\n<p style=\"font-weight: 400; text-align: justify;\">Leticia Araya Norambuena, directora regional de Fundaci\u00f3n Integra se\u00f1al\u00f3 que \u201cpartimos con la atenci\u00f3n de ni\u00f1os y ni\u00f1as hace dos semanas, con una asistencia que ha ido en alza pero a\u00fan con cupos disponibles en los jardines infantiles, as\u00ed que la invitaci\u00f3n a las familias es a que acudan a los establecimientos y consulten\u201d.<\/p>\n<p style=\"font-weight: 400; text-align: justify;\">De los 1061 cupos totales que cuenta la instituci\u00f3n en la regi\u00f3n de Ays\u00e9n, a\u00fan hay disponibles 377 vacantes en los niveles de Sala Cuna como Medios (Menores y Mayores). Cabe destacar que los jardines infantiles de Fundaci\u00f3n Integra tienen un horario de atenci\u00f3n de lunes a viernes de las 8:30 a 16:30 horas, atenci\u00f3n que podr\u00eda extenderse hasta las 19 horas, previo a una evaluaci\u00f3n del equipo educativo y de acuerdo a las necesidades de cada familia.<\/p>\n<p style=\"font-weight: 400; text-align: justify;\">La directora regional de Fundaci\u00f3n Integra reiter\u00f3 el llamado a \u201cacercarse a los jardines infantiles, conocer la oferta educativa que tienen, preguntar por disponibilidad de atenci\u00f3n. Fundaci\u00f3n Integra busca el bien superior de los ni\u00f1os y las ni\u00f1as, privilegia el juego como un motor importante en sus aprendizajes, contamos con espacios educativos enriquecidos pensados en ellos y con equipos educativos sensibles a sus necesidades\u201d.<\/p>\n<p style=\"font-weight: 400; text-align: justify;\">Dato no menor es que todos los establecimientos de Fundaci\u00f3n Integra son gratuitos y en la que se entrega alimentaci\u00f3n acorde a las necesidades nutricionales de cada p\u00e1rvulo bajo las recomendaciones de la Organizaci\u00f3n Mundial de la Salud (OMS), las Gu\u00edas de Alimentaci\u00f3n del Ministerio de Salud para los ni\u00f1os menores de seis a\u00f1os y a lo dispuesto en la Ley 20.606 sobre composici\u00f3n nutricional de los alimentos y su publicidad.<\/p>\n<p style=\"font-weight: 400; text-align: justify;\">Fundaci\u00f3n Integra, con 32 a\u00f1os de experiencia, es uno de los principales prestadores de educaci\u00f3n parvularia en el pa\u00eds, con m\u00e1s de\u00a01.200 jardines infantiles\u00a0y\u00a0salas cuna\u00a0gratuitos, a los que asisten\u00a0m\u00e1s de 85 mil ni\u00f1os y ni\u00f1as\u00a0en todo Chile.<\/p>\n<\/div><\/section><\/div><div  style='height:50px' class='hr hr-invisible   avia-builder-el-6  el_after_av_one_full  el_before_av_social_share '><span class='hr-inner ' ><span class='hr-inner-style'><\/span><\/span><\/div><\/p>\n<div  class='av-social-sharing-box  avia-builder-el-7  el_after_av_hr  el_before_av_hr  '><div class='av-share-box'><h5 class='av-share-link-description av-no-toc '>Compartir esta noticia<\/h5><ul class='av-share-box-list noLightbox'><li class='av-share-link av-social-link-facebook' ><a target=\"_blank\" aria-label=\"Compartir en Facebook\" href='https:\/\/www.facebook.com\/sharer.php?u=https:\/\/radiorevelacionfm.cl\/?p=29033&#038;t=Fundaci%C3%B3n%20Integra%20invita%20a%20inscribir%20a%20p%C3%A1rvulos%20en%20sus%20jardines%20infantiles' aria-hidden='false' data-av_icon='\ue8f3' data-av_iconfont='entypo-fontello' title='' data-avia-related-tooltip='Compartir en Facebook' rel=\"noopener\"><span class='avia_hidden_link_text'>Compartir en Facebook<\/span><\/a><\/li><li class='av-share-link av-social-link-twitter' ><a target=\"_blank\" aria-label=\"Compartir en Twitter\" href='https:\/\/twitter.com\/share?text=Fundaci%C3%B3n%20Integra%20invita%20a%20inscribir%20a%20p%C3%A1rvulos%20en%20sus%20jardines%20infantiles&#038;url=https:\/\/radiorevelacionfm.cl\/?p=29033' aria-hidden='false' data-av_icon='\ue8f1' data-av_iconfont='entypo-fontello' title='' data-avia-related-tooltip='Compartir en Twitter' rel=\"noopener\"><span class='avia_hidden_link_text'>Compartir en Twitter<\/span><\/a><\/li><li class='av-share-link av-social-link-whatsapp' ><a target=\"_blank\" aria-label=\"Compartir en Whatsapp\" href='https:\/\/api.whatsapp.com\/send?text=https:\/\/radiorevelacionfm.cl\/?p=29033' aria-hidden='false' data-av_icon='\uf232' data-av_iconfont='entypo-fontello' title='' data-avia-related-tooltip='Compartir en Whatsapp' rel=\"noopener\"><span class='avia_hidden_link_text'>Compartir en Whatsapp<\/span><\/a><\/li><li class='av-share-link av-social-link-linkedin' ><a target=\"_blank\" aria-label=\"Compartir en LinkedIn\" href='https:\/\/linkedin.com\/shareArticle?mini=true&#038;title=Fundaci%C3%B3n%20Integra%20invita%20a%20inscribir%20a%20p%C3%A1rvulos%20en%20sus%20jardines%20infantiles&#038;url=https:\/\/radiorevelacionfm.cl\/?p=29033' aria-hidden='false' data-av_icon='\ue8fc' data-av_iconfont='entypo-fontello' title='' data-avia-related-tooltip='Compartir en LinkedIn' rel=\"noopener\"><span class='avia_hidden_link_text'>Compartir en LinkedIn<\/span><\/a><\/li><li class='av-share-link av-social-link-mail' ><a  aria-label=\"Compartir por correo\" href='mailto:?subject=Fundaci%C3%B3n%20Integra%20invita%20a%20inscribir%20a%20p%C3%A1rvulos%20en%20sus%20jardines%20infantiles&#038;body=https:\/\/radiorevelacionfm.cl\/?p=29033' aria-hidden='false' data-av_icon='\ue805' data-av_iconfont='entypo-fontello' title='' data-avia-related-tooltip='Compartir por correo'><span class='avia_hidden_link_text'>Compartir por correo<\/span><\/a><\/li><\/ul><\/div><\/div>\n<div  style='height:50px' class='hr hr-invisible   avia-builder-el-8  el_after_av_social_share  el_before_av_comments_list '><span class='hr-inner ' ><span class='hr-inner-style'><\/span><\/span><\/div>\n<div  class='av-buildercomment  av-blog-meta-html-info-disabled av-blog-meta-tag-disabled  '><\/div>\n","protected":false},"excerpt":{"rendered":"","protected":false},"author":1,"featured_media":29034,"comment_status":"open","ping_status":"open","sticky":false,"template":"","format":"standard","meta":{"footnotes":""},"categories":[49],"tags":[],"class_list":["post-29033","post","type-post","status-publish","format-standard","has-post-thumbnail","hentry","category-educacion"],"jetpack_featured_media_url":"https:\/\/radiorevelacionfm.cl\/wp-content\/uploads\/2023\/03\/IMG_6605-min-1-1.jpg","_links":{"self":[{"href":"https:\/\/radiorevelacionfm.cl\/index.php?rest_route=\/wp\/v2\/posts\/29033","targetHints":{"allow":["GET"]}}],"collection":[{"href":"https:\/\/radiorevelacionfm.cl\/index.php?rest_route=\/wp\/v2\/posts"}],"about":[{"href":"https:\/\/radiorevelacionfm.cl\/index.php?rest_route=\/wp\/v2\/types\/post"}],"author":[{"embeddable":true,"href":"https:\/\/radiorevelacionfm.cl\/index.php?rest_route=\/wp\/v2\/users\/1"}],"replies":[{"embeddable":true,"href":"https:\/\/radiorevelacionfm.cl\/index.php?rest_route=%2Fwp%2Fv2%2Fcomments&post=29033"}],"version-history":[{"count":2,"href":"https:\/\/radiorevelacionfm.cl\/index.php?rest_route=\/wp\/v2\/posts\/29033\/revisions"}],"predecessor-version":[{"id":29039,"href":"https:\/\/radiorevelacionfm.cl\/index.php?rest_route=\/wp\/v2\/posts\/29033\/revisions\/29039"}],"wp:featuredmedia":[{"embeddable":true,"href":"https:\/\/radiorevelacionfm.cl\/index.php?rest_route=\/wp\/v2\/media\/29034"}],"wp:attachment":[{"href":"https:\/\/radiorevelacionfm.cl\/index.php?rest_route=%2Fwp%2Fv2%2Fmedia&parent=29033"}],"wp:term":[{"taxonomy":"category","embeddable":true,"href":"https:\/\/radiorevelacionfm.cl\/index.php?rest_route=%2Fwp%2Fv2%2Fcategories&post=29033"},{"taxonomy":"post_tag","embeddable":true,"href":"https:\/\/radiorevelacionfm.cl\/index.php?rest_route=%2Fwp%2Fv2%2Ftags&post=29033"}],"curies":[{"name":"wp","href":"https:\/\/api.w.org\/{rel}","templated":true}]}}