{"id":29009,"date":"2023-03-18T11:26:52","date_gmt":"2023-03-18T14:26:52","guid":{"rendered":"https:\/\/radiorevelacionfm.cl\/?p=29009"},"modified":"2023-03-18T11:26:52","modified_gmt":"2023-03-18T14:26:52","slug":"llaman-a-jovenes-de-aysen-a-inscribirse-para-rendir-la-paes-de-invierno-2023","status":"publish","type":"post","link":"https:\/\/radiorevelacionfm.cl\/?p=29009","title":{"rendered":"Llaman a j\u00f3venes de Ays\u00e9n a inscribirse para rendir la PAES de Invierno 2023"},"content":{"rendered":"<div class=\"flex_column av_one_full  flex_column_div av-zero-column-padding first  avia-builder-el-0  el_before_av_one_full  avia-builder-el-first  \" style='border-radius:0px; '><div  class='avia-image-container  av-styling-    avia-builder-el-1  avia-builder-el-no-sibling  avia-align-center '  itemprop=\"image\" itemscope=\"itemscope\" itemtype=\"https:\/\/schema.org\/ImageObject\"  ><div class='avia-image-container-inner'><div class='avia-image-overlay-wrap'><img decoding=\"async\" class='wp-image-23259 avia-img-lazy-loading-not-23259 avia_image' src=\"https:\/\/radiorevelacionfm.cl\/wp-content\/uploads\/2022\/10\/isabel-garrido_seremi-educacion-02-1_optimized.jpg\" alt='' title='isabel-garrido_seremi-educacion-02-(1)_optimized' height=\"600\" width=\"1067\"  itemprop=\"thumbnailUrl\" srcset=\"https:\/\/radiorevelacionfm.cl\/wp-content\/uploads\/2022\/10\/isabel-garrido_seremi-educacion-02-1_optimized.jpg 1067w, https:\/\/radiorevelacionfm.cl\/wp-content\/uploads\/2022\/10\/isabel-garrido_seremi-educacion-02-1_optimized-300x169.jpg 300w, https:\/\/radiorevelacionfm.cl\/wp-content\/uploads\/2022\/10\/isabel-garrido_seremi-educacion-02-1_optimized-1030x579.jpg 1030w, https:\/\/radiorevelacionfm.cl\/wp-content\/uploads\/2022\/10\/isabel-garrido_seremi-educacion-02-1_optimized-768x432.jpg 768w, https:\/\/radiorevelacionfm.cl\/wp-content\/uploads\/2022\/10\/isabel-garrido_seremi-educacion-02-1_optimized-705x396.jpg 705w, https:\/\/radiorevelacionfm.cl\/wp-content\/uploads\/2022\/10\/isabel-garrido_seremi-educacion-02-1_optimized-600x337.jpg 600w\" sizes=\"(max-width: 1067px) 100vw, 1067px\" \/><\/div><\/div><\/div><\/div><div class=\"flex_column av_one_full  flex_column_div av-zero-column-padding first  avia-builder-el-2  el_after_av_one_full  el_before_av_one_full  column-top-margin\" style='border-radius:0px; '><section class=\"av_textblock_section \"  itemscope=\"itemscope\" itemtype=\"https:\/\/schema.org\/BlogPosting\" itemprop=\"blogPost\" ><div class='avia_textblock  '   itemprop=\"text\" ><p style=\"text-align: center;\"><strong><span style=\"font-size: 18pt;\">Llaman a j\u00f3venes de Ays\u00e9n a inscribirse para rendir la PAES de Invierno 2023<\/span><\/strong><\/p>\n<div id=\"gtx-trans\" style=\"position: absolute; left: -50px; top: 4.31534px;\">\n<div class=\"gtx-trans-icon\"><\/div>\n<\/div>\n<\/div><\/section><\/div><div class=\"flex_column av_one_full  flex_column_div av-zero-column-padding first  avia-builder-el-4  el_after_av_one_full  el_before_av_hr  column-top-margin\" style='border-radius:0px; '><section class=\"av_textblock_section \"  itemscope=\"itemscope\" itemtype=\"https:\/\/schema.org\/BlogPosting\" itemprop=\"blogPost\" ><div class='avia_textblock  '   itemprop=\"text\" ><p class=\"v1MsoNormal\" style=\"text-align: justify;\">A pocos d\u00edas del cierre del proceso de inscripci\u00f3n a la PAES de invierno 2023, la seremi de Educaci\u00f3n de Ays\u00e9n Isabel Garrido Casassa\u00a0 llam\u00f3 a las\u00a0 y los estudiantes egresados de ense\u00f1anza media para que se inscriban a la PAES de Invierno, que tiene como objetivo entregar mayores oportunidades para ingresar a la educaci\u00f3n superior.<\/p>\n<p class=\"v1MsoNormal\" style=\"text-align: justify;\">La inscripci\u00f3n a la PAES de Invierno para el proceso de admisi\u00f3n 2024 estar\u00e1 habilitada hasta el martes 21 de marzo a las 13:00 horas o hasta que se acaben los 50 mil cupos disponibles.<\/p>\n<p class=\"v1MsoNormal\" style=\"text-align: justify;\">Isabel Garrido destac\u00f3 la importancia de inscribirse en este proceso, ya que \u201cesperamos el entusiasmo de las y los estudiantes para incorporarse a la educaci\u00f3n superior, ya que la PAES representa un avance en las pol\u00edticas de admisi\u00f3n y en la democratizaci\u00f3n del acceso\u201d<\/p>\n<p class=\"v1MsoNormal\" style=\"text-align: justify;\">La PAES de Invierno 2023 es una oportunidad para subir los puntajes y postular en el Proceso de Admisi\u00f3n 2024. Esto porque, al igual que en los procesos anteriores, se considerar\u00e1 la combinaci\u00f3n m\u00e1s alta para ingresar a la universidad, es decir, los puntajes m\u00e1s altos obtenidos en la PDT Invierno 2022, PAES regular 2022, PAES Invierno 2023 y PAES regular 2023 podr\u00e1n ser considerados para postular a la educaci\u00f3n superior en el Proceso de admisi\u00f3n 2024.<\/p>\n<p class=\"v1MsoNormal\" style=\"text-align: justify;\">Por otro lado, la prueba Competencia Matem\u00e1tica 2 (M2) no tendr\u00e1 costo para aquellas personas que tambi\u00e9n inscriban la prueba de Competencia Matem\u00e1tica 1 (M1) y viceversa.<\/p>\n<p class=\"v1MsoNormal\" style=\"text-align: justify;\">Por \u00faltimo, la inscripci\u00f3n a la PAES de Invierno 2023 se puede realizar de forma online, desde cualquier computador o dispositivo m\u00f3vil, ingresando a la plataforma de inscripci\u00f3n disponible en\u00a0<a href=\"https:\/\/acceso.mineduc.cl\/\" target=\"_blank\" rel=\"noopener noreferrer\">acceso.mineduc.cl<\/a>\u00a0y en\u00a0<a href=\"https:\/\/demre.cl\/\" target=\"_blank\" rel=\"noopener noreferrer\">demre.cl<\/a>.<\/p>\n<\/div><\/section><\/div><div  style='height:50px' class='hr hr-invisible   avia-builder-el-6  el_after_av_one_full  el_before_av_social_share '><span class='hr-inner ' ><span class='hr-inner-style'><\/span><\/span><\/div><\/p>\n<div  class='av-social-sharing-box  avia-builder-el-7  el_after_av_hr  el_before_av_hr  '><div class='av-share-box'><h5 class='av-share-link-description av-no-toc '>Compartir esta noticia<\/h5><ul class='av-share-box-list noLightbox'><li class='av-share-link av-social-link-facebook' ><a target=\"_blank\" aria-label=\"Compartir en Facebook\" href='https:\/\/www.facebook.com\/sharer.php?u=https:\/\/radiorevelacionfm.cl\/?p=29009&#038;t=Llaman%20a%20j%C3%B3venes%20de%20Ays%C3%A9n%20a%20inscribirse%20para%20rendir%20la%20PAES%20de%20Invierno%202023' aria-hidden='false' data-av_icon='\ue8f3' data-av_iconfont='entypo-fontello' title='' data-avia-related-tooltip='Compartir en Facebook' rel=\"noopener\"><span class='avia_hidden_link_text'>Compartir en Facebook<\/span><\/a><\/li><li class='av-share-link av-social-link-twitter' ><a target=\"_blank\" aria-label=\"Compartir en Twitter\" href='https:\/\/twitter.com\/share?text=Llaman%20a%20j%C3%B3venes%20de%20Ays%C3%A9n%20a%20inscribirse%20para%20rendir%20la%20PAES%20de%20Invierno%202023&#038;url=https:\/\/radiorevelacionfm.cl\/?p=29009' aria-hidden='false' data-av_icon='\ue8f1' data-av_iconfont='entypo-fontello' title='' data-avia-related-tooltip='Compartir en Twitter' rel=\"noopener\"><span class='avia_hidden_link_text'>Compartir en Twitter<\/span><\/a><\/li><li class='av-share-link av-social-link-whatsapp' ><a target=\"_blank\" aria-label=\"Compartir en Whatsapp\" href='https:\/\/api.whatsapp.com\/send?text=https:\/\/radiorevelacionfm.cl\/?p=29009' aria-hidden='false' data-av_icon='\uf232' data-av_iconfont='entypo-fontello' title='' data-avia-related-tooltip='Compartir en Whatsapp' rel=\"noopener\"><span class='avia_hidden_link_text'>Compartir en Whatsapp<\/span><\/a><\/li><li class='av-share-link av-social-link-linkedin' ><a target=\"_blank\" aria-label=\"Compartir en LinkedIn\" href='https:\/\/linkedin.com\/shareArticle?mini=true&#038;title=Llaman%20a%20j%C3%B3venes%20de%20Ays%C3%A9n%20a%20inscribirse%20para%20rendir%20la%20PAES%20de%20Invierno%202023&#038;url=https:\/\/radiorevelacionfm.cl\/?p=29009' aria-hidden='false' data-av_icon='\ue8fc' data-av_iconfont='entypo-fontello' title='' data-avia-related-tooltip='Compartir en LinkedIn' rel=\"noopener\"><span class='avia_hidden_link_text'>Compartir en LinkedIn<\/span><\/a><\/li><li class='av-share-link av-social-link-mail' ><a  aria-label=\"Compartir por correo\" href='mailto:?subject=Llaman%20a%20j%C3%B3venes%20de%20Ays%C3%A9n%20a%20inscribirse%20para%20rendir%20la%20PAES%20de%20Invierno%202023&#038;body=https:\/\/radiorevelacionfm.cl\/?p=29009' aria-hidden='false' data-av_icon='\ue805' data-av_iconfont='entypo-fontello' title='' data-avia-related-tooltip='Compartir por correo'><span class='avia_hidden_link_text'>Compartir por correo<\/span><\/a><\/li><\/ul><\/div><\/div>\n<div  style='height:50px' class='hr hr-invisible   avia-builder-el-8  el_after_av_social_share  el_before_av_comments_list '><span class='hr-inner ' ><span class='hr-inner-style'><\/span><\/span><\/div>\n<div  class='av-buildercomment  av-blog-meta-html-info-disabled av-blog-meta-tag-disabled  '><\/div>\n","protected":false},"excerpt":{"rendered":"","protected":false},"author":1,"featured_media":23259,"comment_status":"open","ping_status":"open","sticky":false,"template":"","format":"standard","meta":{"footnotes":""},"categories":[49],"tags":[],"class_list":["post-29009","post","type-post","status-publish","format-standard","has-post-thumbnail","hentry","category-educacion"],"jetpack_featured_media_url":"https:\/\/radiorevelacionfm.cl\/wp-content\/uploads\/2022\/10\/isabel-garrido_seremi-educacion-02-1_optimized.jpg","_links":{"self":[{"href":"https:\/\/radiorevelacionfm.cl\/index.php?rest_route=\/wp\/v2\/posts\/29009","targetHints":{"allow":["GET"]}}],"collection":[{"href":"https:\/\/radiorevelacionfm.cl\/index.php?rest_route=\/wp\/v2\/posts"}],"about":[{"href":"https:\/\/radiorevelacionfm.cl\/index.php?rest_route=\/wp\/v2\/types\/post"}],"author":[{"embeddable":true,"href":"https:\/\/radiorevelacionfm.cl\/index.php?rest_route=\/wp\/v2\/users\/1"}],"replies":[{"embeddable":true,"href":"https:\/\/radiorevelacionfm.cl\/index.php?rest_route=%2Fwp%2Fv2%2Fcomments&post=29009"}],"version-history":[{"count":2,"href":"https:\/\/radiorevelacionfm.cl\/index.php?rest_route=\/wp\/v2\/posts\/29009\/revisions"}],"predecessor-version":[{"id":29024,"href":"https:\/\/radiorevelacionfm.cl\/index.php?rest_route=\/wp\/v2\/posts\/29009\/revisions\/29024"}],"wp:featuredmedia":[{"embeddable":true,"href":"https:\/\/radiorevelacionfm.cl\/index.php?rest_route=\/wp\/v2\/media\/23259"}],"wp:attachment":[{"href":"https:\/\/radiorevelacionfm.cl\/index.php?rest_route=%2Fwp%2Fv2%2Fmedia&parent=29009"}],"wp:term":[{"taxonomy":"category","embeddable":true,"href":"https:\/\/radiorevelacionfm.cl\/index.php?rest_route=%2Fwp%2Fv2%2Fcategories&post=29009"},{"taxonomy":"post_tag","embeddable":true,"href":"https:\/\/radiorevelacionfm.cl\/index.php?rest_route=%2Fwp%2Fv2%2Ftags&post=29009"}],"curies":[{"name":"wp","href":"https:\/\/api.w.org\/{rel}","templated":true}]}}