{"id":29004,"date":"2023-03-17T18:47:23","date_gmt":"2023-03-17T21:47:23","guid":{"rendered":"https:\/\/radiorevelacionfm.cl\/?p=29004"},"modified":"2023-03-17T18:47:23","modified_gmt":"2023-03-17T21:47:23","slug":"con-prioridad-en-seguridad-publica-y-reforzar-proceso-de-descentralizacion-la-moneda-convoca-a-delegados-y-delegadas-presidenciales","status":"publish","type":"post","link":"https:\/\/radiorevelacionfm.cl\/?p=29004","title":{"rendered":"Con prioridad en seguridad p\u00fablica y reforzar proceso de descentralizaci\u00f3n La Moneda convoca a delegados y delegadas presidenciales"},"content":{"rendered":"<div class=\"flex_column av_one_full  flex_column_div av-zero-column-padding first  avia-builder-el-0  el_before_av_one_full  avia-builder-el-first  \" style='border-radius:0px; '><div  class='avia-image-container  av-styling-    avia-builder-el-1  avia-builder-el-no-sibling  avia-align-center '  itemprop=\"image\" itemscope=\"itemscope\" itemtype=\"https:\/\/schema.org\/ImageObject\"  ><div class='avia-image-container-inner'><div class='avia-image-overlay-wrap'><img decoding=\"async\" class='wp-image-29005 avia-img-lazy-loading-not-29005 avia_image' src=\"https:\/\/radiorevelacionfm.cl\/wp-content\/uploads\/2023\/03\/img_9866-1_optimized.jpg\" alt='' title='img_9866-(1)_optimized' height=\"600\" width=\"877\"  itemprop=\"thumbnailUrl\" srcset=\"https:\/\/radiorevelacionfm.cl\/wp-content\/uploads\/2023\/03\/img_9866-1_optimized.jpg 877w, https:\/\/radiorevelacionfm.cl\/wp-content\/uploads\/2023\/03\/img_9866-1_optimized-300x205.jpg 300w, https:\/\/radiorevelacionfm.cl\/wp-content\/uploads\/2023\/03\/img_9866-1_optimized-768x525.jpg 768w, https:\/\/radiorevelacionfm.cl\/wp-content\/uploads\/2023\/03\/img_9866-1_optimized-705x482.jpg 705w, https:\/\/radiorevelacionfm.cl\/wp-content\/uploads\/2023\/03\/img_9866-1_optimized-600x410.jpg 600w\" sizes=\"(max-width: 877px) 100vw, 877px\" \/><\/div><\/div><\/div><\/div><div class=\"flex_column av_one_full  flex_column_div av-zero-column-padding first  avia-builder-el-2  el_after_av_one_full  el_before_av_one_full  column-top-margin\" style='border-radius:0px; '><section class=\"av_textblock_section \"  itemscope=\"itemscope\" itemtype=\"https:\/\/schema.org\/BlogPosting\" itemprop=\"blogPost\" ><div class='avia_textblock  '   itemprop=\"text\" ><p style=\"text-align: center;\"><strong><span style=\"font-size: 18pt;\">Con prioridad en seguridad p\u00fablica y reforzar proceso de descentralizaci\u00f3n La Moneda convoca a delegados y delegadas presidenciales<\/span><\/strong><\/p>\n<div id=\"gtx-trans\" style=\"position: absolute; left: -50px; top: 4.31534px;\">\n<div class=\"gtx-trans-icon\"><\/div>\n<\/div>\n<\/div><\/section><\/div><div class=\"flex_column av_one_full  flex_column_div av-zero-column-padding first  avia-builder-el-4  el_after_av_one_full  el_before_av_hr  column-top-margin\" style='border-radius:0px; '><section class=\"av_textblock_section \"  itemscope=\"itemscope\" itemtype=\"https:\/\/schema.org\/BlogPosting\" itemprop=\"blogPost\" ><div class='avia_textblock  '   itemprop=\"text\" ><p style=\"font-weight: 400; text-align: justify;\">Hasta el Palacio de la Moneda llegaron los 16 delegados y delegadas presidenciales regionales para participar de una jornada de trabajo para abordar lineamientos pol\u00edtico-program\u00e1ticos para el dise\u00f1o e implementaci\u00f3n de la pol\u00edtica de descentralizaci\u00f3n y nueva institucionalidad regional, adem\u00e1s de actualizar las prioridades en seguridad p\u00fablica.<\/p>\n<p style=\"font-weight: 400; text-align: justify;\">La reuni\u00f3n conducida por la Ministra del Interior y Seguridad P\u00fablica, Carolina Toh\u00e1, fue inaugurada por el Presidente de la Rep\u00fablica, Gabriel Boric, y cuenta con la presencia de los Subsecretarios de Interior, Manuel Monsalve; de Prevenci\u00f3n del Delito, Eduardo Vergara y de Desarrollo Regional, Nicol\u00e1s Cataldo.<\/p>\n<p style=\"font-weight: 400; text-align: justify;\">Durante la jornada se releva la importancia de establecer la seguridad p\u00fablica como primera prioridad para este a\u00f1o, a trav\u00e9s del fortalecimiento de las polic\u00edas y la implementaci\u00f3n de las pol\u00edticas de gobierno y la nueva legislaci\u00f3n que avanza en el Parlamento.<\/p>\n<p style=\"font-weight: 400; text-align: justify;\">La ministra del Interior sostuvo que \u201cen materia de descentralizaci\u00f3n vamos a dar pasos muy importantes para profundizarla, para aclarar los roles de cada uno de los actores, para darle solidez; vamos a trabajar en generar una descentralizaci\u00f3n consistente, a trav\u00e9s de pol\u00edticas e instrumentos para que todos los territorios del pa\u00eds se puedan desarrollar y participar de la vida nacional en igualdad de condiciones\u201d. A\u00f1adi\u00f3 adem\u00e1s que \u201clos delegados y delegadas son la voz del gobierno en las regiones y su rol es encabezar este proceso a nombre del gobierno a lo largo del pa\u00eds; asimismo son responsables de llevar adelante el programa, ejecutar soluciones que beneficien a la ciudadan\u00eda y canalizar las demandas de los habitantes de sus regiones\u201d.<\/p>\n<p style=\"font-weight: 400; text-align: justify;\">Para el Delegado Presidencial Regional de Ays\u00e9n, Rodrigo Araya, destac\u00f3 la importancia del trabajo descentralizado conjunto, indicando que \u201chemos tenido conciencia de los problemas en nuestros territorios y hemos trabajado con ah\u00ednco en definir y buscar los recursos para ir en la soluci\u00f3n de las dificultades, y tenemos tremendos desaf\u00edos\u201d.<\/p>\n<p style=\"font-weight: 400; text-align: justify;\">Durante la jornada, dividida en tres instancias de trabajo, se abordar\u00e1n los ejes centrales de la pol\u00edtica nacional de descentralizaci\u00f3n y de la nueva institucionalidad que deriva de la creaci\u00f3n del Ministerio de Seguridad P\u00fablica, as\u00ed como los principales desaf\u00edos y prioridades en esta materia para el a\u00f1o 2023.<\/p>\n<p style=\"font-weight: 400; text-align: justify;\">La jefa de gabinete sostuvo finalmente que \u201ccreemos que una pol\u00edtica de descentralizaci\u00f3n en serio requiere de rigurosidad y de la incorporaci\u00f3n de las diversas miradas, experiencias y realidades regionales, por ello nos parece fundamental escuchar lo que tienen que decir nuestros delegadas y delegados, pero tambi\u00e9n los alcaldes y los gobernadores regionales\u201d.<\/p>\n<\/div><\/section><\/div><div  style='height:50px' class='hr hr-invisible   avia-builder-el-6  el_after_av_one_full  el_before_av_social_share '><span class='hr-inner ' ><span class='hr-inner-style'><\/span><\/span><\/div><\/p>\n<div  class='av-social-sharing-box  avia-builder-el-7  el_after_av_hr  el_before_av_hr  '><div class='av-share-box'><h5 class='av-share-link-description av-no-toc '>Compartir esta noticia<\/h5><ul class='av-share-box-list noLightbox'><li class='av-share-link av-social-link-facebook' ><a target=\"_blank\" aria-label=\"Compartir en Facebook\" href='https:\/\/www.facebook.com\/sharer.php?u=https:\/\/radiorevelacionfm.cl\/?p=29004&#038;t=Con%20prioridad%20en%20seguridad%20p%C3%BAblica%20y%20reforzar%20proceso%20de%20descentralizaci%C3%B3n%20La%20Moneda%20convoca%20a%20delegados%20y%20delegadas%20presidenciales' aria-hidden='false' data-av_icon='\ue8f3' data-av_iconfont='entypo-fontello' title='' data-avia-related-tooltip='Compartir en Facebook' rel=\"noopener\"><span class='avia_hidden_link_text'>Compartir en Facebook<\/span><\/a><\/li><li class='av-share-link av-social-link-twitter' ><a target=\"_blank\" aria-label=\"Compartir en Twitter\" href='https:\/\/twitter.com\/share?text=Con%20prioridad%20en%20seguridad%20p%C3%BAblica%20y%20reforzar%20proceso%20de%20descentralizaci%C3%B3n%20La%20Moneda%20convoca%20a%20delegados%20y%20delegadas%20presidenciales&#038;url=https:\/\/radiorevelacionfm.cl\/?p=29004' aria-hidden='false' data-av_icon='\ue8f1' data-av_iconfont='entypo-fontello' title='' data-avia-related-tooltip='Compartir en Twitter' rel=\"noopener\"><span class='avia_hidden_link_text'>Compartir en Twitter<\/span><\/a><\/li><li class='av-share-link av-social-link-whatsapp' ><a target=\"_blank\" aria-label=\"Compartir en Whatsapp\" href='https:\/\/api.whatsapp.com\/send?text=https:\/\/radiorevelacionfm.cl\/?p=29004' aria-hidden='false' data-av_icon='\uf232' data-av_iconfont='entypo-fontello' title='' data-avia-related-tooltip='Compartir en Whatsapp' rel=\"noopener\"><span class='avia_hidden_link_text'>Compartir en Whatsapp<\/span><\/a><\/li><li class='av-share-link av-social-link-linkedin' ><a target=\"_blank\" aria-label=\"Compartir en LinkedIn\" href='https:\/\/linkedin.com\/shareArticle?mini=true&#038;title=Con%20prioridad%20en%20seguridad%20p%C3%BAblica%20y%20reforzar%20proceso%20de%20descentralizaci%C3%B3n%20La%20Moneda%20convoca%20a%20delegados%20y%20delegadas%20presidenciales&#038;url=https:\/\/radiorevelacionfm.cl\/?p=29004' aria-hidden='false' data-av_icon='\ue8fc' data-av_iconfont='entypo-fontello' title='' data-avia-related-tooltip='Compartir en LinkedIn' rel=\"noopener\"><span class='avia_hidden_link_text'>Compartir en LinkedIn<\/span><\/a><\/li><li class='av-share-link av-social-link-mail' ><a  aria-label=\"Compartir por correo\" href='mailto:?subject=Con%20prioridad%20en%20seguridad%20p%C3%BAblica%20y%20reforzar%20proceso%20de%20descentralizaci%C3%B3n%20La%20Moneda%20convoca%20a%20delegados%20y%20delegadas%20presidenciales&#038;body=https:\/\/radiorevelacionfm.cl\/?p=29004' aria-hidden='false' data-av_icon='\ue805' data-av_iconfont='entypo-fontello' title='' data-avia-related-tooltip='Compartir por correo'><span class='avia_hidden_link_text'>Compartir por correo<\/span><\/a><\/li><\/ul><\/div><\/div>\n<div  style='height:50px' class='hr hr-invisible   avia-builder-el-8  el_after_av_social_share  el_before_av_comments_list '><span class='hr-inner ' ><span class='hr-inner-style'><\/span><\/span><\/div>\n<div  class='av-buildercomment  av-blog-meta-html-info-disabled av-blog-meta-tag-disabled  '><\/div>\n","protected":false},"excerpt":{"rendered":"","protected":false},"author":1,"featured_media":29005,"comment_status":"open","ping_status":"open","sticky":false,"template":"","format":"standard","meta":{"footnotes":""},"categories":[61],"tags":[],"class_list":["post-29004","post","type-post","status-publish","format-standard","has-post-thumbnail","hentry","category-nacional"],"jetpack_featured_media_url":"https:\/\/radiorevelacionfm.cl\/wp-content\/uploads\/2023\/03\/img_9866-1_optimized.jpg","_links":{"self":[{"href":"https:\/\/radiorevelacionfm.cl\/index.php?rest_route=\/wp\/v2\/posts\/29004","targetHints":{"allow":["GET"]}}],"collection":[{"href":"https:\/\/radiorevelacionfm.cl\/index.php?rest_route=\/wp\/v2\/posts"}],"about":[{"href":"https:\/\/radiorevelacionfm.cl\/index.php?rest_route=\/wp\/v2\/types\/post"}],"author":[{"embeddable":true,"href":"https:\/\/radiorevelacionfm.cl\/index.php?rest_route=\/wp\/v2\/users\/1"}],"replies":[{"embeddable":true,"href":"https:\/\/radiorevelacionfm.cl\/index.php?rest_route=%2Fwp%2Fv2%2Fcomments&post=29004"}],"version-history":[{"count":2,"href":"https:\/\/radiorevelacionfm.cl\/index.php?rest_route=\/wp\/v2\/posts\/29004\/revisions"}],"predecessor-version":[{"id":29022,"href":"https:\/\/radiorevelacionfm.cl\/index.php?rest_route=\/wp\/v2\/posts\/29004\/revisions\/29022"}],"wp:featuredmedia":[{"embeddable":true,"href":"https:\/\/radiorevelacionfm.cl\/index.php?rest_route=\/wp\/v2\/media\/29005"}],"wp:attachment":[{"href":"https:\/\/radiorevelacionfm.cl\/index.php?rest_route=%2Fwp%2Fv2%2Fmedia&parent=29004"}],"wp:term":[{"taxonomy":"category","embeddable":true,"href":"https:\/\/radiorevelacionfm.cl\/index.php?rest_route=%2Fwp%2Fv2%2Fcategories&post=29004"},{"taxonomy":"post_tag","embeddable":true,"href":"https:\/\/radiorevelacionfm.cl\/index.php?rest_route=%2Fwp%2Fv2%2Ftags&post=29004"}],"curies":[{"name":"wp","href":"https:\/\/api.w.org\/{rel}","templated":true}]}}