{"id":29001,"date":"2023-03-17T17:20:27","date_gmt":"2023-03-17T20:20:27","guid":{"rendered":"https:\/\/radiorevelacionfm.cl\/?p=29001"},"modified":"2023-03-17T17:23:44","modified_gmt":"2023-03-17T20:23:44","slug":"consejo-regional-aprueba-nominacion-de-representantes-ante-el-servicio-local-de-educacion-publica","status":"publish","type":"post","link":"https:\/\/radiorevelacionfm.cl\/?p=29001","title":{"rendered":"Consejo Regional aprueba nominaci\u00f3n de representantes ante el Servicio Local de Educaci\u00f3n P\u00fablica"},"content":{"rendered":"<div class=\"flex_column av_one_full  flex_column_div av-zero-column-padding first  avia-builder-el-0  el_before_av_one_full  avia-builder-el-first  \" style='border-radius:0px; '><div  class='avia-image-container  av-styling-    avia-builder-el-1  avia-builder-el-no-sibling  avia-align-center '  itemprop=\"image\" itemscope=\"itemscope\" itemtype=\"https:\/\/schema.org\/ImageObject\"  ><div class='avia-image-container-inner'><div class='avia-image-overlay-wrap'><img decoding=\"async\" class='wp-image-29002 avia-img-lazy-loading-not-29002 avia_image' src=\"https:\/\/radiorevelacionfm.cl\/wp-content\/uploads\/2023\/03\/1-11-2-1.jpeg\" alt='' title='1 (11) (2) (1)' height=\"600\" width=\"901\"  itemprop=\"thumbnailUrl\" srcset=\"https:\/\/radiorevelacionfm.cl\/wp-content\/uploads\/2023\/03\/1-11-2-1.jpeg 901w, https:\/\/radiorevelacionfm.cl\/wp-content\/uploads\/2023\/03\/1-11-2-1-300x200.jpeg 300w, https:\/\/radiorevelacionfm.cl\/wp-content\/uploads\/2023\/03\/1-11-2-1-768x511.jpeg 768w, https:\/\/radiorevelacionfm.cl\/wp-content\/uploads\/2023\/03\/1-11-2-1-705x469.jpeg 705w, https:\/\/radiorevelacionfm.cl\/wp-content\/uploads\/2023\/03\/1-11-2-1-600x400.jpeg 600w\" sizes=\"(max-width: 901px) 100vw, 901px\" \/><\/div><\/div><\/div><\/div><div class=\"flex_column av_one_full  flex_column_div av-zero-column-padding first  avia-builder-el-2  el_after_av_one_full  el_before_av_one_full  column-top-margin\" style='border-radius:0px; '><section class=\"av_textblock_section \"  itemscope=\"itemscope\" itemtype=\"https:\/\/schema.org\/BlogPosting\" itemprop=\"blogPost\" ><div class='avia_textblock  '   itemprop=\"text\" ><p style=\"text-align: center;\"><strong><span style=\"font-size: 18pt;\">Consejo Regional aprueba nominaci\u00f3n de representantes ante el Servicio Local de Educaci\u00f3n P\u00fablica<\/span><\/strong><\/p>\n<div id=\"gtx-trans\" style=\"position: absolute; left: -50px; top: 4.31534px;\">\n<div class=\"gtx-trans-icon\"><\/div>\n<\/div>\n<\/div><\/section><\/div><div class=\"flex_column av_one_full  flex_column_div av-zero-column-padding first  avia-builder-el-4  el_after_av_one_full  el_before_av_hr  column-top-margin\" style='border-radius:0px; '><section class=\"av_textblock_section \"  itemscope=\"itemscope\" itemtype=\"https:\/\/schema.org\/BlogPosting\" itemprop=\"blogPost\" ><div class='avia_textblock  '   itemprop=\"text\" ><p dir=\"ltr\" style=\"text-align: justify;\">En la sesi\u00f3n de este jueves del Pleno del Consejo Regional de Ays\u00e9n, se ratific\u00f3 la aprobaci\u00f3n que ya hab\u00eda hecho la Comisi\u00f3n de Desarrollo Social, Cultural y Deportivo, sobre el nombramiento de los representantes del Gobierno Regional ante el Servicio Local de Educaci\u00f3n P\u00fablica (SLEP).<\/p>\n<p dir=\"ltr\" style=\"text-align: justify;\">\u00abTenemos dos grandes representantes con mucha experiencia. Tambi\u00e9n resaltar que es un trabajo que no es remunerado, as\u00ed que, esto los enaltece como personas y como profesionales. Nosotros como Consejo Regional estamos tremendamente orgullosos de su representaci\u00f3n\u00bb, coment\u00f3 el Consejero Regional de la Provincia de Ays\u00e9n y vicepresidente de la Comisi\u00f3n de Desarrollo Social, Cultural y Deportivo, Marco Gillibrand.<\/p>\n<p dir=\"ltr\" style=\"text-align: justify;\">Se trata de la profesora Dominga Aurora Alfaro Miranda, docente normalista con una amplia trayectoria educacional y que se desempe\u00f1\u00f3 durante su carrera en diferentes establecimientos de la regi\u00f3n; y del profesor Luis Nolberto Co\u00f1uecar Lagos, quien posee diversos grados acad\u00e9micos, tanto de docente como administrador educacional, pero que centr\u00f3 su labor en ense\u00f1ando las materias de Qu\u00edmica y Ciencias Naturales, por ejemplo, en liceos y preuniversitarios.<\/p>\n<p dir=\"ltr\" style=\"text-align: justify;\">La docente Dominga Alfaro manifest\u00f3 estar \u00abcontenta\u00bb y \u00aborgullosa\u00bb de poder representar al Gobierno Regional y a su Consejo en el SLEP. \u00abEsta invitaci\u00f3n en realidad fue bien sorpresiva para m\u00ed, porque yo hace muchos a\u00f1os ya que dej\u00e9 la labor educativa y estoy fuera, sin embargo, estoy siempre pendiente de lo que sucede en educaci\u00f3n (&#8230;) mientras estuve en\u00a0 ejercicio con diferentes directores de la comunidad de Coyhaique, y como Consejo Regional de Profesores tambi\u00e9n, siempre quisimos que la educaci\u00f3n municipalizada ya pasara y volviera al Ministerio de Educaci\u00f3n\u00bb, se\u00f1al\u00f3.<\/p>\n<p dir=\"ltr\" style=\"text-align: justify;\">Con la puesta en marcha de la Nueva Educaci\u00f3n P\u00fablica (NEP) se crean los Servicios Locales de Educaci\u00f3n P\u00fablica, nueva instituci\u00f3n que reemplaza a las municipalidades como organismos responsables de entregar educaci\u00f3n a m\u00e1s de un mill\u00f3n de ni\u00f1os, ni\u00f1as, adolescentes y adultos del pa\u00eds. Su objetivo es poner en manos de especialistas, de manera gradual, un sistema educativo descentralizado, que por d\u00e9cadas estuvo a cargo de las municipalidades y sus corporaciones.<\/p>\n<p dir=\"ltr\" style=\"text-align: justify;\">\u00abLa Regi\u00f3n de Ays\u00e9n es amplia, desde Melinka hasta Villa O&#8217;Higgins, donde la mayor cantidad de establecimientos son rurales. Entonces, ah\u00ed tambi\u00e9n hay que poner una mirada hacia la ruralidad de nuestra regi\u00f3n. El Sistema Local de Educaci\u00f3n, tenemos solamente una oficina aqu\u00ed en la regi\u00f3n. Con el tiempo va a requerir de que pueda disgregarse en dos, norte y sur, y que pueda ser m\u00e1s din\u00e1mica y m\u00e1s operativa para los establecimientos\u00bb, concluy\u00f3 el profesor Luis Co\u00f1uecar, agradeciendo tambi\u00e9n su nombramiento en el cargo.<\/p>\n<\/div><\/section><\/div><div  style='height:50px' class='hr hr-invisible   avia-builder-el-6  el_after_av_one_full  el_before_av_social_share '><span class='hr-inner ' ><span class='hr-inner-style'><\/span><\/span><\/div><\/p>\n<div  class='av-social-sharing-box  avia-builder-el-7  el_after_av_hr  el_before_av_hr  '><div class='av-share-box'><h5 class='av-share-link-description av-no-toc '>Compartir esta noticia<\/h5><ul class='av-share-box-list noLightbox'><li class='av-share-link av-social-link-facebook' ><a target=\"_blank\" aria-label=\"Compartir en Facebook\" href='https:\/\/www.facebook.com\/sharer.php?u=https:\/\/radiorevelacionfm.cl\/?p=29001&#038;t=Consejo%20Regional%20aprueba%20nominaci%C3%B3n%20de%20representantes%20ante%20el%20Servicio%20Local%20de%20Educaci%C3%B3n%20P%C3%BAblica' aria-hidden='false' data-av_icon='\ue8f3' data-av_iconfont='entypo-fontello' title='' data-avia-related-tooltip='Compartir en Facebook' rel=\"noopener\"><span class='avia_hidden_link_text'>Compartir en Facebook<\/span><\/a><\/li><li class='av-share-link av-social-link-twitter' ><a target=\"_blank\" aria-label=\"Compartir en Twitter\" href='https:\/\/twitter.com\/share?text=Consejo%20Regional%20aprueba%20nominaci%C3%B3n%20de%20representantes%20ante%20el%20Servicio%20Local%20de%20Educaci%C3%B3n%20P%C3%BAblica&#038;url=https:\/\/radiorevelacionfm.cl\/?p=29001' aria-hidden='false' data-av_icon='\ue8f1' data-av_iconfont='entypo-fontello' title='' data-avia-related-tooltip='Compartir en Twitter' rel=\"noopener\"><span class='avia_hidden_link_text'>Compartir en Twitter<\/span><\/a><\/li><li class='av-share-link av-social-link-whatsapp' ><a target=\"_blank\" aria-label=\"Compartir en Whatsapp\" href='https:\/\/api.whatsapp.com\/send?text=https:\/\/radiorevelacionfm.cl\/?p=29001' aria-hidden='false' data-av_icon='\uf232' data-av_iconfont='entypo-fontello' title='' data-avia-related-tooltip='Compartir en Whatsapp' rel=\"noopener\"><span class='avia_hidden_link_text'>Compartir en Whatsapp<\/span><\/a><\/li><li class='av-share-link av-social-link-linkedin' ><a target=\"_blank\" aria-label=\"Compartir en LinkedIn\" href='https:\/\/linkedin.com\/shareArticle?mini=true&#038;title=Consejo%20Regional%20aprueba%20nominaci%C3%B3n%20de%20representantes%20ante%20el%20Servicio%20Local%20de%20Educaci%C3%B3n%20P%C3%BAblica&#038;url=https:\/\/radiorevelacionfm.cl\/?p=29001' aria-hidden='false' data-av_icon='\ue8fc' data-av_iconfont='entypo-fontello' title='' data-avia-related-tooltip='Compartir en LinkedIn' rel=\"noopener\"><span class='avia_hidden_link_text'>Compartir en LinkedIn<\/span><\/a><\/li><li class='av-share-link av-social-link-mail' ><a  aria-label=\"Compartir por correo\" href='mailto:?subject=Consejo%20Regional%20aprueba%20nominaci%C3%B3n%20de%20representantes%20ante%20el%20Servicio%20Local%20de%20Educaci%C3%B3n%20P%C3%BAblica&#038;body=https:\/\/radiorevelacionfm.cl\/?p=29001' aria-hidden='false' data-av_icon='\ue805' data-av_iconfont='entypo-fontello' title='' data-avia-related-tooltip='Compartir por correo'><span class='avia_hidden_link_text'>Compartir por correo<\/span><\/a><\/li><\/ul><\/div><\/div>\n<div  style='height:50px' class='hr hr-invisible   avia-builder-el-8  el_after_av_social_share  el_before_av_comments_list '><span class='hr-inner ' ><span class='hr-inner-style'><\/span><\/span><\/div>\n<div  class='av-buildercomment  av-blog-meta-html-info-disabled av-blog-meta-tag-disabled  '><\/div>\n","protected":false},"excerpt":{"rendered":"","protected":false},"author":1,"featured_media":29002,"comment_status":"open","ping_status":"open","sticky":false,"template":"","format":"standard","meta":{"footnotes":""},"categories":[38],"tags":[],"class_list":["post-29001","post","type-post","status-publish","format-standard","has-post-thumbnail","hentry","category-regional"],"jetpack_featured_media_url":"https:\/\/radiorevelacionfm.cl\/wp-content\/uploads\/2023\/03\/1-11-2-1.jpeg","_links":{"self":[{"href":"https:\/\/radiorevelacionfm.cl\/index.php?rest_route=\/wp\/v2\/posts\/29001","targetHints":{"allow":["GET"]}}],"collection":[{"href":"https:\/\/radiorevelacionfm.cl\/index.php?rest_route=\/wp\/v2\/posts"}],"about":[{"href":"https:\/\/radiorevelacionfm.cl\/index.php?rest_route=\/wp\/v2\/types\/post"}],"author":[{"embeddable":true,"href":"https:\/\/radiorevelacionfm.cl\/index.php?rest_route=\/wp\/v2\/users\/1"}],"replies":[{"embeddable":true,"href":"https:\/\/radiorevelacionfm.cl\/index.php?rest_route=%2Fwp%2Fv2%2Fcomments&post=29001"}],"version-history":[{"count":2,"href":"https:\/\/radiorevelacionfm.cl\/index.php?rest_route=\/wp\/v2\/posts\/29001\/revisions"}],"predecessor-version":[{"id":29011,"href":"https:\/\/radiorevelacionfm.cl\/index.php?rest_route=\/wp\/v2\/posts\/29001\/revisions\/29011"}],"wp:featuredmedia":[{"embeddable":true,"href":"https:\/\/radiorevelacionfm.cl\/index.php?rest_route=\/wp\/v2\/media\/29002"}],"wp:attachment":[{"href":"https:\/\/radiorevelacionfm.cl\/index.php?rest_route=%2Fwp%2Fv2%2Fmedia&parent=29001"}],"wp:term":[{"taxonomy":"category","embeddable":true,"href":"https:\/\/radiorevelacionfm.cl\/index.php?rest_route=%2Fwp%2Fv2%2Fcategories&post=29001"},{"taxonomy":"post_tag","embeddable":true,"href":"https:\/\/radiorevelacionfm.cl\/index.php?rest_route=%2Fwp%2Fv2%2Ftags&post=29001"}],"curies":[{"name":"wp","href":"https:\/\/api.w.org\/{rel}","templated":true}]}}