{"id":28993,"date":"2023-03-17T15:08:14","date_gmt":"2023-03-17T18:08:14","guid":{"rendered":"https:\/\/radiorevelacionfm.cl\/?p=28993"},"modified":"2023-03-17T15:08:14","modified_gmt":"2023-03-17T18:08:14","slug":"gobernadora-tras-rechazo-a-corporacion-de-desarrollo-regional-aqui-es-aysen-quien-pierde","status":"publish","type":"post","link":"https:\/\/radiorevelacionfm.cl\/?p=28993","title":{"rendered":"Gobernadora tras rechazo a Corporaci\u00f3n de Desarrollo Regional: \u00abAqu\u00ed es Ays\u00e9n quien pierde\u00bb"},"content":{"rendered":"<div class=\"flex_column av_one_full  flex_column_div av-zero-column-padding first  avia-builder-el-0  el_before_av_one_full  avia-builder-el-first  \" style='border-radius:0px; '><div  class='avia-image-container  av-styling-    avia-builder-el-1  avia-builder-el-no-sibling  avia-align-center '  itemprop=\"image\" itemscope=\"itemscope\" itemtype=\"https:\/\/schema.org\/ImageObject\"  ><div class='avia-image-container-inner'><div class='avia-image-overlay-wrap'><img decoding=\"async\" class='wp-image-28994 avia-img-lazy-loading-not-28994 avia_image' src=\"https:\/\/radiorevelacionfm.cl\/wp-content\/uploads\/2023\/03\/1-13-1-1.jpg\" alt='' title='1 (13) (1) (1)' height=\"600\" width=\"900\"  itemprop=\"thumbnailUrl\" srcset=\"https:\/\/radiorevelacionfm.cl\/wp-content\/uploads\/2023\/03\/1-13-1-1.jpg 900w, https:\/\/radiorevelacionfm.cl\/wp-content\/uploads\/2023\/03\/1-13-1-1-300x200.jpg 300w, https:\/\/radiorevelacionfm.cl\/wp-content\/uploads\/2023\/03\/1-13-1-1-768x512.jpg 768w, https:\/\/radiorevelacionfm.cl\/wp-content\/uploads\/2023\/03\/1-13-1-1-705x470.jpg 705w, https:\/\/radiorevelacionfm.cl\/wp-content\/uploads\/2023\/03\/1-13-1-1-600x400.jpg 600w\" sizes=\"(max-width: 900px) 100vw, 900px\" \/><\/div><\/div><\/div><\/div><div class=\"flex_column av_one_full  flex_column_div av-zero-column-padding first  avia-builder-el-2  el_after_av_one_full  el_before_av_one_full  column-top-margin\" style='border-radius:0px; '><section class=\"av_textblock_section \"  itemscope=\"itemscope\" itemtype=\"https:\/\/schema.org\/BlogPosting\" itemprop=\"blogPost\" ><div class='avia_textblock  '   itemprop=\"text\" ><p style=\"text-align: center;\"><strong><span style=\"font-size: 18pt;\">Gobernadora tras rechazo a Corporaci\u00f3n de Desarrollo Regional: \u00abAqu\u00ed es Ays\u00e9n quien pierde\u00bb<\/span><\/strong><\/p>\n<div id=\"gtx-trans\" style=\"position: absolute; left: -50px; top: 4.31534px;\">\n<div class=\"gtx-trans-icon\"><\/div>\n<\/div>\n<\/div><\/section><\/div><div class=\"flex_column av_one_full  flex_column_div av-zero-column-padding first  avia-builder-el-4  el_after_av_one_full  el_before_av_hr  column-top-margin\" style='border-radius:0px; '><section class=\"av_textblock_section \"  itemscope=\"itemscope\" itemtype=\"https:\/\/schema.org\/BlogPosting\" itemprop=\"blogPost\" ><div class='avia_textblock  '   itemprop=\"text\" ><p dir=\"ltr\" style=\"text-align: justify;\">Este jueves en la sesi\u00f3n del Pleno del Consejo Regional de Ays\u00e9n se rechaz\u00f3 la formaci\u00f3n de una Corporaci\u00f3n de Desarrollo Regional, iniciativa presentada por la Gobernadora Andrea Mac\u00edas Palma, con el objetivo de fomentar la inversi\u00f3n p\u00fablico-privada para un desarrollo estrat\u00e9gico y planificado de la regi\u00f3n.<\/p>\n<p dir=\"ltr\" style=\"text-align: justify;\">No obstante, la idea de crear esta entidad no logr\u00f3 el qu\u00f3rum necesario de 2\/3 que requer\u00eda para ser aprobada. Sobre esto, la Gobernadora Regional manifest\u00f3 que \u00abesta es una votaci\u00f3n que reviste un car\u00e1cter netamente pol\u00edtico (&#8230;) en ese sentido, yo lamento que hoy se niegue la oportunidad de que la regi\u00f3n pueda fortalecerse a partir de instrumentos regionales, y que se sigan estableciendo dependencias de organismos centralizados, que no permiten muchas veces la ejecuci\u00f3n acorde a iniciativas que queremos como regi\u00f3n, sino que, se nos obliga a tener que llevar adelante instrumentos pensados en otros lugares y que no responden a las necesidades de nuestra regi\u00f3n\u00bb.<\/p>\n<p dir=\"ltr\" style=\"text-align: justify;\">Durante la sesi\u00f3n plenaria, la m\u00e1xima autoridad de la regi\u00f3n tambi\u00e9n hizo saber su parecer tras el rechazo, indicando que \u00abaqu\u00ed, m\u00e1s all\u00e1 de los discursos, porque hay posiciones que son pol\u00edticas, es Ays\u00e9n quien pierde\u00bb.<\/p>\n<p dir=\"ltr\" style=\"text-align: justify;\">La idea de formaci\u00f3n de la Corporaci\u00f3n tuvo siete votos a favor, correspondientes a la presidenta del Pleno, la Gobernadora Andrea Mac\u00edas Palma (PS), y a los Consejeros y Consejeras: Paula Acu\u00f1a (CS), Marisol Mart\u00ednez (PS), Paulina Hern\u00e1ndez (DC), Sergio Gonz\u00e1lez (DC), Felipe Klein (DC) y Rocco Martiniello (DC). Las siete posturas en contra provinieron de los Consejeros y Consejeras: Lilian Inostroza (UDI), V\u00edctor Escobar (UDI), Mar\u00eda Loreta Villegas (Ev\u00f3poli), Omar Mu\u00f1oz (UDI), Ra\u00fal Rudolphi (RN), Paola Rodr\u00edguez (RN) y Marco Gillibrand (Ev\u00f3poli). La \u00fanica abstenci\u00f3n en la votaci\u00f3n fue por parte del Consejero Jorge Abello (DC).<\/p>\n<p dir=\"ltr\" style=\"text-align: justify;\">\u00abVenimos trabajando en esta idea de crear una Corporaci\u00f3n de Desarrollo Regional desde el segundo semestre del a\u00f1o 2022. Se nos plantea que es principalmente esta comisi\u00f3n (Regionalizaci\u00f3n, Integraci\u00f3n Territorial y Medioambiente) la que tiene que liderar este trabajo, principalmente por la relevancia que cobra la naturaleza de la misma comisi\u00f3n (&#8230;) se desarrollaron distintas instancias de participaci\u00f3n ciudadana en donde muchas organizaciones de la sociedad civil, privadas y p\u00fablicas, y distintos gremios inclusive, dieron una visi\u00f3n positiva a esta creaci\u00f3n. Sin embargo, tambi\u00e9n hab\u00edan algunas observaciones que se hicieron y que, por supuesto, se consideraron tambi\u00e9n dentro de la idea de la creaci\u00f3n de la Corporaci\u00f3n\u00bb, explic\u00f3 la Consejera Paulina Hern\u00e1ndez, presidenta de la comisi\u00f3n en la que se discuti\u00f3 la iniciativa.<\/p>\n<p dir=\"ltr\" style=\"text-align: justify;\">Dentro de las intervenciones que hicieron los Consejeros y Consejeras durante la sesi\u00f3n, Paula Acu\u00f1a y Marisol Mart\u00ednez defendieron la idea de lo importante que hubiera sido instalar una Corporaci\u00f3n de Desarrollo Regional. \u00abLa invitaci\u00f3n est\u00e1 abierta a construir una historia donde la Regi\u00f3n de Ays\u00e9n no quede atr\u00e1s\u00bb, remarc\u00f3 la Consejera Acu\u00f1a, mientras que su par del PS pregunt\u00f3 al Pleno \u00ab\u00bfPor qu\u00e9 no nos unimos con objetivos comunes?\u00bb. Por su parte, el Consejero Sergio Gonz\u00e1lez reiter\u00f3 que el rechazo era una decisi\u00f3n por inter\u00e9s pol\u00edtico, agregando que Ays\u00e9n es \u00abuna de las \u00fanicas regiones que no cuenta con una Corporaci\u00f3n de Desarrollo Regional\u00bb.<\/p>\n<p dir=\"ltr\" style=\"text-align: justify;\">Entre las posturas en contra, el Consejero Omar Mu\u00f1oz justific\u00f3 su posici\u00f3n se\u00f1alando que su preocupaci\u00f3n es \u00abque hoy existen otras necesidades\u00bb, y que existen hoy otros m\u00e9todos para financiar programas y proyectos sociales como las corporaciones privadas. Mientras, el Consejero Abello, quien se abstuvo, argument\u00f3 que \u00ablas cosas importantes siempre son dif\u00edciles\u00bb de implementar, a\u00f1adiendo que a su parecer lo mejor era postergar nuevamente la votaci\u00f3n para crear una Corporaci\u00f3n de Desarrollo Regional.<\/p>\n<\/div><\/section><\/div><div  style='height:50px' class='hr hr-invisible   avia-builder-el-6  el_after_av_one_full  el_before_av_social_share '><span class='hr-inner ' ><span class='hr-inner-style'><\/span><\/span><\/div><\/p>\n<div  class='av-social-sharing-box  avia-builder-el-7  el_after_av_hr  el_before_av_hr  '><div class='av-share-box'><h5 class='av-share-link-description av-no-toc '>Compartir esta noticia<\/h5><ul class='av-share-box-list noLightbox'><li class='av-share-link av-social-link-facebook' ><a target=\"_blank\" aria-label=\"Compartir en Facebook\" href='https:\/\/www.facebook.com\/sharer.php?u=https:\/\/radiorevelacionfm.cl\/?p=28993&#038;t=Gobernadora%20tras%20rechazo%20a%20Corporaci%C3%B3n%20de%20Desarrollo%20Regional%3A%20%C2%ABAqu%C3%AD%20es%20Ays%C3%A9n%20quien%20pierde%C2%BB' aria-hidden='false' data-av_icon='\ue8f3' data-av_iconfont='entypo-fontello' title='' data-avia-related-tooltip='Compartir en Facebook' rel=\"noopener\"><span class='avia_hidden_link_text'>Compartir en Facebook<\/span><\/a><\/li><li class='av-share-link av-social-link-twitter' ><a target=\"_blank\" aria-label=\"Compartir en Twitter\" href='https:\/\/twitter.com\/share?text=Gobernadora%20tras%20rechazo%20a%20Corporaci%C3%B3n%20de%20Desarrollo%20Regional%3A%20%C2%ABAqu%C3%AD%20es%20Ays%C3%A9n%20quien%20pierde%C2%BB&#038;url=https:\/\/radiorevelacionfm.cl\/?p=28993' aria-hidden='false' data-av_icon='\ue8f1' data-av_iconfont='entypo-fontello' title='' data-avia-related-tooltip='Compartir en Twitter' rel=\"noopener\"><span class='avia_hidden_link_text'>Compartir en Twitter<\/span><\/a><\/li><li class='av-share-link av-social-link-whatsapp' ><a target=\"_blank\" aria-label=\"Compartir en Whatsapp\" href='https:\/\/api.whatsapp.com\/send?text=https:\/\/radiorevelacionfm.cl\/?p=28993' aria-hidden='false' data-av_icon='\uf232' data-av_iconfont='entypo-fontello' title='' data-avia-related-tooltip='Compartir en Whatsapp' rel=\"noopener\"><span class='avia_hidden_link_text'>Compartir en Whatsapp<\/span><\/a><\/li><li class='av-share-link av-social-link-linkedin' ><a target=\"_blank\" aria-label=\"Compartir en LinkedIn\" href='https:\/\/linkedin.com\/shareArticle?mini=true&#038;title=Gobernadora%20tras%20rechazo%20a%20Corporaci%C3%B3n%20de%20Desarrollo%20Regional%3A%20%C2%ABAqu%C3%AD%20es%20Ays%C3%A9n%20quien%20pierde%C2%BB&#038;url=https:\/\/radiorevelacionfm.cl\/?p=28993' aria-hidden='false' data-av_icon='\ue8fc' data-av_iconfont='entypo-fontello' title='' data-avia-related-tooltip='Compartir en LinkedIn' rel=\"noopener\"><span class='avia_hidden_link_text'>Compartir en LinkedIn<\/span><\/a><\/li><li class='av-share-link av-social-link-mail' ><a  aria-label=\"Compartir por correo\" href='mailto:?subject=Gobernadora%20tras%20rechazo%20a%20Corporaci%C3%B3n%20de%20Desarrollo%20Regional%3A%20%C2%ABAqu%C3%AD%20es%20Ays%C3%A9n%20quien%20pierde%C2%BB&#038;body=https:\/\/radiorevelacionfm.cl\/?p=28993' aria-hidden='false' data-av_icon='\ue805' data-av_iconfont='entypo-fontello' title='' data-avia-related-tooltip='Compartir por correo'><span class='avia_hidden_link_text'>Compartir por correo<\/span><\/a><\/li><\/ul><\/div><\/div>\n<div  style='height:50px' class='hr hr-invisible   avia-builder-el-8  el_after_av_social_share  el_before_av_comments_list '><span class='hr-inner ' ><span class='hr-inner-style'><\/span><\/span><\/div>\n<div  class='av-buildercomment  av-blog-meta-html-info-disabled av-blog-meta-tag-disabled  '><\/div>\n","protected":false},"excerpt":{"rendered":"","protected":false},"author":1,"featured_media":28994,"comment_status":"open","ping_status":"open","sticky":false,"template":"","format":"standard","meta":{"footnotes":""},"categories":[38],"tags":[],"class_list":["post-28993","post","type-post","status-publish","format-standard","has-post-thumbnail","hentry","category-regional"],"jetpack_featured_media_url":"https:\/\/radiorevelacionfm.cl\/wp-content\/uploads\/2023\/03\/1-13-1-1.jpg","_links":{"self":[{"href":"https:\/\/radiorevelacionfm.cl\/index.php?rest_route=\/wp\/v2\/posts\/28993","targetHints":{"allow":["GET"]}}],"collection":[{"href":"https:\/\/radiorevelacionfm.cl\/index.php?rest_route=\/wp\/v2\/posts"}],"about":[{"href":"https:\/\/radiorevelacionfm.cl\/index.php?rest_route=\/wp\/v2\/types\/post"}],"author":[{"embeddable":true,"href":"https:\/\/radiorevelacionfm.cl\/index.php?rest_route=\/wp\/v2\/users\/1"}],"replies":[{"embeddable":true,"href":"https:\/\/radiorevelacionfm.cl\/index.php?rest_route=%2Fwp%2Fv2%2Fcomments&post=28993"}],"version-history":[{"count":2,"href":"https:\/\/radiorevelacionfm.cl\/index.php?rest_route=\/wp\/v2\/posts\/28993\/revisions"}],"predecessor-version":[{"id":29007,"href":"https:\/\/radiorevelacionfm.cl\/index.php?rest_route=\/wp\/v2\/posts\/28993\/revisions\/29007"}],"wp:featuredmedia":[{"embeddable":true,"href":"https:\/\/radiorevelacionfm.cl\/index.php?rest_route=\/wp\/v2\/media\/28994"}],"wp:attachment":[{"href":"https:\/\/radiorevelacionfm.cl\/index.php?rest_route=%2Fwp%2Fv2%2Fmedia&parent=28993"}],"wp:term":[{"taxonomy":"category","embeddable":true,"href":"https:\/\/radiorevelacionfm.cl\/index.php?rest_route=%2Fwp%2Fv2%2Fcategories&post=28993"},{"taxonomy":"post_tag","embeddable":true,"href":"https:\/\/radiorevelacionfm.cl\/index.php?rest_route=%2Fwp%2Fv2%2Ftags&post=28993"}],"curies":[{"name":"wp","href":"https:\/\/api.w.org\/{rel}","templated":true}]}}