{"id":28988,"date":"2023-03-17T09:44:54","date_gmt":"2023-03-17T12:44:54","guid":{"rendered":"https:\/\/radiorevelacionfm.cl\/?p=28988"},"modified":"2023-03-17T09:44:54","modified_gmt":"2023-03-17T12:44:54","slug":"campus-patagonia-realizo-presentacion-del-libro-para-que-educar-en-el-siglo-xxi","status":"publish","type":"post","link":"https:\/\/radiorevelacionfm.cl\/?p=28988","title":{"rendered":"Campus Patagonia realiz\u00f3 presentaci\u00f3n del libro \u00bfPara qu\u00e9 educar en el siglo XXI?"},"content":{"rendered":"<div class=\"flex_column av_one_full  flex_column_div av-zero-column-padding first  avia-builder-el-0  el_before_av_one_full  avia-builder-el-first  \" style='border-radius:0px; '><div  class='avia-image-container  av-styling-    avia-builder-el-1  avia-builder-el-no-sibling  avia-align-center '  itemprop=\"image\" itemscope=\"itemscope\" itemtype=\"https:\/\/schema.org\/ImageObject\"  ><div class='avia-image-container-inner'><div class='avia-image-overlay-wrap'><img decoding=\"async\" class='wp-image-28989 avia-img-lazy-loading-not-28989 avia_image' src=\"https:\/\/radiorevelacionfm.cl\/wp-content\/uploads\/2023\/03\/estudiantes-libro-1_optimized-1.jpg\" alt='' title='estudiantes-libro-(1)_optimized (1)' height=\"600\" width=\"1257\"  itemprop=\"thumbnailUrl\" srcset=\"https:\/\/radiorevelacionfm.cl\/wp-content\/uploads\/2023\/03\/estudiantes-libro-1_optimized-1.jpg 1257w, https:\/\/radiorevelacionfm.cl\/wp-content\/uploads\/2023\/03\/estudiantes-libro-1_optimized-1-300x143.jpg 300w, https:\/\/radiorevelacionfm.cl\/wp-content\/uploads\/2023\/03\/estudiantes-libro-1_optimized-1-1030x492.jpg 1030w, https:\/\/radiorevelacionfm.cl\/wp-content\/uploads\/2023\/03\/estudiantes-libro-1_optimized-1-768x367.jpg 768w, https:\/\/radiorevelacionfm.cl\/wp-content\/uploads\/2023\/03\/estudiantes-libro-1_optimized-1-705x337.jpg 705w, https:\/\/radiorevelacionfm.cl\/wp-content\/uploads\/2023\/03\/estudiantes-libro-1_optimized-1-600x286.jpg 600w\" sizes=\"(max-width: 1257px) 100vw, 1257px\" \/><\/div><\/div><\/div><\/div><div class=\"flex_column av_one_full  flex_column_div av-zero-column-padding first  avia-builder-el-2  el_after_av_one_full  el_before_av_one_full  column-top-margin\" style='border-radius:0px; '><section class=\"av_textblock_section \"  itemscope=\"itemscope\" itemtype=\"https:\/\/schema.org\/BlogPosting\" itemprop=\"blogPost\" ><div class='avia_textblock  '   itemprop=\"text\" ><p style=\"text-align: center;\"><span style=\"font-size: 18pt;\"><strong>Campus Patagonia realiz\u00f3 presentaci\u00f3n del libro \u00bfPara qu\u00e9 educar en el siglo XXI?<\/strong><\/span><\/p>\n<div id=\"gtx-trans\" style=\"position: absolute; left: -50px; top: 4.31534px;\">\n<div class=\"gtx-trans-icon\"><\/div>\n<\/div>\n<\/div><\/section><\/div><div class=\"flex_column av_one_full  flex_column_div av-zero-column-padding first  avia-builder-el-4  el_after_av_one_full  el_before_av_hr  column-top-margin\" style='border-radius:0px; '><section class=\"av_textblock_section \"  itemscope=\"itemscope\" itemtype=\"https:\/\/schema.org\/BlogPosting\" itemprop=\"blogPost\" ><div class='avia_textblock  '   itemprop=\"text\" ><p style=\"text-align: justify;\">En el marco de los Proyectos de Innovaci\u00f3n en Docencia Universitaria de la Universidad Austral de Chile (PIDU UACh), del AUS 19103, se realiz\u00f3 la presentaci\u00f3n del libro <em>\u00bfPara qu\u00e9 educar en el siglo XXI? Educaci\u00f3n en la (\u00bfpost?) modernidad<\/em>, en el que participaron estudiantes y docentes de la carrera de Pedagog\u00eda en Educaci\u00f3n B\u00e1sica con menciones del Campus Patagonia.<\/p>\n<p style=\"text-align: justify;\">Durante el segundo semestre de 2022, el profesor Benjam\u00edn Infante lider\u00f3 esta iniciativa, que tuvo como objetivo la realizaci\u00f3n y creaci\u00f3n de art\u00edculos reflexivos en torno a la carga hist\u00f3rica de educar en nuestro presente; convocatoria que fue abierta para los y las estudiantes de Pedagog\u00eda e integrantes de la comunidad universitaria y regional que se desempe\u00f1an en los diversos contextos educativos.<\/p>\n<p style=\"text-align: justify;\">\u201cEste libro recoge reflexiones de los estudiantes, donde ellos se posicionan de acuerdo a una raz\u00f3n para educar en este convulso siglo XXI. Se caracteriza la realidad concreta en la cual vivimos y a partir de ese diagn\u00f3stico, proponer una raz\u00f3n para educar en este siglo, aquello que debe ser transformado del mundo en la sala de clases. En ese sentido, este trabajo intenta redimir el viejo sue\u00f1o de cambiar el mundo y su distribuci\u00f3n va a estar dirigida a la comunidad educativa y ser\u00e1 de manera gratuita\u201d, destac\u00f3 Benjam\u00edn Infante, docente a cargo del proyecto.<\/p>\n<p style=\"text-align: justify;\">Las estudiantes Bernardita Villegas, Denice Appel, Carolina Morales y el estudiante Diego Moreno, participaron en este ejercicio reflexivo que tuvo como resultado la creaci\u00f3n del ejemplar que ser\u00e1 distribuido por las escuelas rurales de la Regi\u00f3n de Ays\u00e9n con el fin de aportar a los an\u00e1lisis cr\u00edticos sobre la ense\u00f1anza actual en el tejido social.<\/p>\n<p style=\"text-align: justify;\">La importante de que tanto estudiantes como docentes trabajen cooperativamente en este tipo de proyectos implica validar los saberes de los y las estudiantes, relevando su capacidad organizativa, sus conocimientos te\u00f3ricos y pr\u00e1cticos que han sido construidos en conjunto en los a\u00f1os de formaci\u00f3n inicial docente\u201d, precis\u00f3 Bernardita Villegas, estudiante de Pedagog\u00eda y editora del libro.<\/p>\n<p style=\"text-align: justify;\">Cristina G\u00f3mez, estudiante de 5to a\u00f1o de Pedagog\u00eda en Educaci\u00f3n B\u00e1sica con menciones, fue la encargada de realizar las ilustraciones presentes en el ejemplar, las que podr\u00e1n ser vistas en los cuatro cap\u00edtulos trabajados por sus pares. La estudiante coment\u00f3 que fue un gran desaf\u00edo poder hacerse cargo de esta \u00e1rea, pues tuvo que leer cada uno de los textos y ponerse en el lugar de sus compa\u00f1eras y compa\u00f1ero para as\u00ed, representar de la forma m\u00e1s adecuada cada escrito.<\/p>\n<p style=\"text-align: justify;\">Cabe destacar que este libro ser\u00e1 repartido de manera gratuita en las bibliotecas de la regi\u00f3n en coordinaci\u00f3n con la Biblioteca Regional de Ays\u00e9n, asimismo se puede encontrar en la biblioteca del Campus Patagonia de la UACh, camino a Coyhaique Alto Km.4.<\/p>\n<\/div><\/section><\/div><div  style='height:50px' class='hr hr-invisible   avia-builder-el-6  el_after_av_one_full  el_before_av_social_share '><span class='hr-inner ' ><span class='hr-inner-style'><\/span><\/span><\/div><\/p>\n<div  class='av-social-sharing-box  avia-builder-el-7  el_after_av_hr  el_before_av_hr  '><div class='av-share-box'><h5 class='av-share-link-description av-no-toc '>Compartir esta noticia<\/h5><ul class='av-share-box-list noLightbox'><li class='av-share-link av-social-link-facebook' ><a target=\"_blank\" aria-label=\"Compartir en Facebook\" href='https:\/\/www.facebook.com\/sharer.php?u=https:\/\/radiorevelacionfm.cl\/?p=28988&#038;t=Campus%20Patagonia%20realiz%C3%B3%20presentaci%C3%B3n%20del%20libro%20%C2%BFPara%20qu%C3%A9%20educar%20en%20el%20siglo%20XXI%3F' aria-hidden='false' data-av_icon='\ue8f3' data-av_iconfont='entypo-fontello' title='' data-avia-related-tooltip='Compartir en Facebook' rel=\"noopener\"><span class='avia_hidden_link_text'>Compartir en Facebook<\/span><\/a><\/li><li class='av-share-link av-social-link-twitter' ><a target=\"_blank\" aria-label=\"Compartir en Twitter\" href='https:\/\/twitter.com\/share?text=Campus%20Patagonia%20realiz%C3%B3%20presentaci%C3%B3n%20del%20libro%20%C2%BFPara%20qu%C3%A9%20educar%20en%20el%20siglo%20XXI%3F&#038;url=https:\/\/radiorevelacionfm.cl\/?p=28988' aria-hidden='false' data-av_icon='\ue8f1' data-av_iconfont='entypo-fontello' title='' data-avia-related-tooltip='Compartir en Twitter' rel=\"noopener\"><span class='avia_hidden_link_text'>Compartir en Twitter<\/span><\/a><\/li><li class='av-share-link av-social-link-whatsapp' ><a target=\"_blank\" aria-label=\"Compartir en Whatsapp\" href='https:\/\/api.whatsapp.com\/send?text=https:\/\/radiorevelacionfm.cl\/?p=28988' aria-hidden='false' data-av_icon='\uf232' data-av_iconfont='entypo-fontello' title='' data-avia-related-tooltip='Compartir en Whatsapp' rel=\"noopener\"><span class='avia_hidden_link_text'>Compartir en Whatsapp<\/span><\/a><\/li><li class='av-share-link av-social-link-linkedin' ><a target=\"_blank\" aria-label=\"Compartir en LinkedIn\" href='https:\/\/linkedin.com\/shareArticle?mini=true&#038;title=Campus%20Patagonia%20realiz%C3%B3%20presentaci%C3%B3n%20del%20libro%20%C2%BFPara%20qu%C3%A9%20educar%20en%20el%20siglo%20XXI%3F&#038;url=https:\/\/radiorevelacionfm.cl\/?p=28988' aria-hidden='false' data-av_icon='\ue8fc' data-av_iconfont='entypo-fontello' title='' data-avia-related-tooltip='Compartir en LinkedIn' rel=\"noopener\"><span class='avia_hidden_link_text'>Compartir en LinkedIn<\/span><\/a><\/li><li class='av-share-link av-social-link-mail' ><a  aria-label=\"Compartir por correo\" href='mailto:?subject=Campus%20Patagonia%20realiz%C3%B3%20presentaci%C3%B3n%20del%20libro%20%C2%BFPara%20qu%C3%A9%20educar%20en%20el%20siglo%20XXI%3F&#038;body=https:\/\/radiorevelacionfm.cl\/?p=28988' aria-hidden='false' data-av_icon='\ue805' data-av_iconfont='entypo-fontello' title='' data-avia-related-tooltip='Compartir por correo'><span class='avia_hidden_link_text'>Compartir por correo<\/span><\/a><\/li><\/ul><\/div><\/div>\n<div  style='height:50px' class='hr hr-invisible   avia-builder-el-8  el_after_av_social_share  el_before_av_comments_list '><span class='hr-inner ' ><span class='hr-inner-style'><\/span><\/span><\/div>\n<div  class='av-buildercomment  av-blog-meta-html-info-disabled av-blog-meta-tag-disabled  '><\/div>\n","protected":false},"excerpt":{"rendered":"","protected":false},"author":1,"featured_media":28989,"comment_status":"open","ping_status":"open","sticky":false,"template":"","format":"standard","meta":{"footnotes":""},"categories":[49],"tags":[],"class_list":["post-28988","post","type-post","status-publish","format-standard","has-post-thumbnail","hentry","category-educacion"],"jetpack_featured_media_url":"https:\/\/radiorevelacionfm.cl\/wp-content\/uploads\/2023\/03\/estudiantes-libro-1_optimized-1.jpg","_links":{"self":[{"href":"https:\/\/radiorevelacionfm.cl\/index.php?rest_route=\/wp\/v2\/posts\/28988","targetHints":{"allow":["GET"]}}],"collection":[{"href":"https:\/\/radiorevelacionfm.cl\/index.php?rest_route=\/wp\/v2\/posts"}],"about":[{"href":"https:\/\/radiorevelacionfm.cl\/index.php?rest_route=\/wp\/v2\/types\/post"}],"author":[{"embeddable":true,"href":"https:\/\/radiorevelacionfm.cl\/index.php?rest_route=\/wp\/v2\/users\/1"}],"replies":[{"embeddable":true,"href":"https:\/\/radiorevelacionfm.cl\/index.php?rest_route=%2Fwp%2Fv2%2Fcomments&post=28988"}],"version-history":[{"count":2,"href":"https:\/\/radiorevelacionfm.cl\/index.php?rest_route=\/wp\/v2\/posts\/28988\/revisions"}],"predecessor-version":[{"id":28998,"href":"https:\/\/radiorevelacionfm.cl\/index.php?rest_route=\/wp\/v2\/posts\/28988\/revisions\/28998"}],"wp:featuredmedia":[{"embeddable":true,"href":"https:\/\/radiorevelacionfm.cl\/index.php?rest_route=\/wp\/v2\/media\/28989"}],"wp:attachment":[{"href":"https:\/\/radiorevelacionfm.cl\/index.php?rest_route=%2Fwp%2Fv2%2Fmedia&parent=28988"}],"wp:term":[{"taxonomy":"category","embeddable":true,"href":"https:\/\/radiorevelacionfm.cl\/index.php?rest_route=%2Fwp%2Fv2%2Fcategories&post=28988"},{"taxonomy":"post_tag","embeddable":true,"href":"https:\/\/radiorevelacionfm.cl\/index.php?rest_route=%2Fwp%2Fv2%2Ftags&post=28988"}],"curies":[{"name":"wp","href":"https:\/\/api.w.org\/{rel}","templated":true}]}}