{"id":2898,"date":"2021-02-23T17:43:20","date_gmt":"2021-02-23T20:43:20","guid":{"rendered":"https:\/\/radiorevelacionfm.cl\/?p=2898"},"modified":"2021-02-23T17:43:20","modified_gmt":"2021-02-23T20:43:20","slug":"intendenta-margarita-ossa-inspecciono-el-colegio-alborada-ad-portas-del-regreso-voluntario-a-clases","status":"publish","type":"post","link":"https:\/\/radiorevelacionfm.cl\/?p=2898","title":{"rendered":"Intendenta Margarita Ossa inspeccion\u00f3 el Colegio Alborada ad portas del regreso voluntario a clases"},"content":{"rendered":"<div class=\"flex_column av_one_full  flex_column_div av-zero-column-padding first  avia-builder-el-0  el_before_av_one_full  avia-builder-el-first  \" style='border-radius:0px; '><div  class='avia-image-container  av-styling-    avia-builder-el-1  avia-builder-el-no-sibling  avia-align-center '  itemprop=\"image\" itemscope=\"itemscope\" itemtype=\"https:\/\/schema.org\/ImageObject\"  ><div class='avia-image-container-inner'><div class='avia-image-overlay-wrap'><img decoding=\"async\" class='wp-image-0 avia-img-lazy-loading-not-0 avia_image' src=\"https:\/\/radiorevelacionfm.cl\/wp-content\/uploads\/2021\/02\/WhatsApp-Image-2021-02-23-at-15.44.19-1.jpeg\" alt='' title=''   itemprop=\"thumbnailUrl\"  \/><\/div><\/div><\/div><\/div><div class=\"flex_column av_one_full  flex_column_div av-zero-column-padding first  avia-builder-el-2  el_after_av_one_full  el_before_av_one_full  column-top-margin\" style='border-radius:0px; '><section class=\"av_textblock_section \"  itemscope=\"itemscope\" itemtype=\"https:\/\/schema.org\/BlogPosting\" itemprop=\"blogPost\" ><div class='avia_textblock  '   itemprop=\"text\" ><p style=\"text-align: center;\"><strong><span style=\"font-size: 18pt;\">Intendenta Margarita Ossa inspeccion\u00f3 el Colegio Alborada ad portas del regreso voluntario a clases<\/span><\/strong><\/p>\n<div id=\"gtx-trans\" style=\"position: absolute; left: -50px; top: 4.31534px;\">\n<div class=\"gtx-trans-icon\"><\/div>\n<\/div>\n<\/div><\/section><\/div><div class=\"flex_column av_one_full  flex_column_div av-zero-column-padding first  avia-builder-el-4  el_after_av_one_full  el_before_av_hr  column-top-margin\" style='border-radius:0px; '><section class=\"av_textblock_section \"  itemscope=\"itemscope\" itemtype=\"https:\/\/schema.org\/BlogPosting\" itemprop=\"blogPost\" ><div class='avia_textblock  '   itemprop=\"text\" ><p style=\"text-align: justify;\">De acuerdo al Mineduc, el 100% de los establecimientos de la regi\u00f3n presentaron sus protocolos para asegurar un retorno seguro, gradual y voluntario por parte de los m\u00e1s de 23 mil alumnos en Ays\u00e9n<\/p>\n<p style=\"text-align: justify;\">Hasta el Colegio Alborada de Coyhaique se trasladaron la Intendenta Regional Margarita Ossa y el seremi de Educaci\u00f3n Sergio Becerra, a fin de inspeccionar las medidas y protocolos adoptados por los establecimientos educacionales ad portas del regreso voluntario a clases en la regi\u00f3n de Ays\u00e9n, el cual abarcar\u00eda a m\u00e1s de 23 mil alumnos, pactado para el pr\u00f3ximo 1 de marzo.<\/p>\n<p style=\"text-align: justify;\">Tras la inspecci\u00f3n por el recinto, la Intendenta de Ays\u00e9n Margarita Ossa dijo sentirse contenta y orgullosa por constatar que \u201cse han anticipado y organizado para prepararse para este retorno seguro, gradual e h\u00edbrido; donde los alumnos van a ir ingresando al colegio de forma gradual y obviamente considerando la opini\u00f3n de los padres y apoderados en la medida que se sientan confiados donde nos damos cuenta que est\u00e1n todas las medidas de protecci\u00f3n\u201d, dijo.<\/p>\n<p style=\"text-align: justify;\">En esa misma l\u00ednea, la primera autoridad regional \u201cesta misma situaci\u00f3n se ha ido replicando en el 100% de los establecimientos de la regi\u00f3n, donde el 100% de ellos han enviado sus protocolos dando la seguridad de c\u00f3mo va ser el retorno de sus hijos que a todos nosotros nos importa much\u00edsimo por lo tanto, sabemos que van a contar con el apoyo irrestricto de sus colegios y con la seguridad necesaria para que sea un muy buen a\u00f1o escolar\u201d, agreg\u00f3.<\/p>\n<p style=\"text-align: justify;\">Desde el establecimiento Alborada, su directora Mariela Rojas, explic\u00f3 que las medidas se empezaron a tomar desde el a\u00f1o 2020, se\u00f1alando que \u201cel foco principal est\u00e1 la seguridad de los estudiantes, del personal docente y asistentes de la educaci\u00f3n, los aforos m\u00e1ximos y en adquirir materiales de implementaci\u00f3n que permita la desinfecci\u00f3n correcta de nuestras instalaciones, siempre pensando en la prevenci\u00f3n del virus y siempre el foco centrado en brindarle el mejor aprendizaje a nuestros estudiantes\u201d.<\/p>\n<p style=\"text-align: justify;\">Consultada sobre las opiniones de los alumnos y padres frente al retorno, Rojas explic\u00f3 que \u201chay expectativa. Lo importante es acompa\u00f1arlos en este proceso y respetar las preocupaciones que se puedan presentar mientras dure esta transici\u00f3n, aunque la idea es que todos puedan recibir la educaci\u00f3n de la mejor manera posible\u00bb agregando que \u201cnosotros estimamos que por cada sala alrededor de 12 a 15 ni\u00f1os por turno, har\u00edamos grupos para que a todos los toque entre 1 o 2 veces a la semana venir a clases\u201d.<\/p>\n<p style=\"text-align: justify;\">Por su parte el seremi de educaci\u00f3n de Ays\u00e9n, Sergio Becerra, explic\u00f3 que \u201cdesde el a\u00f1o pasado que se ha venido trabajando con los establecimientos de la regi\u00f3n para este retorno seguro, gradual y voluntario, para lo cual el ministerio de Educaci\u00f3n habilit\u00f3 p\u00e1ginas y asesor\u00edas directas para que cada establecimiento contara con un protocolo sanitario y acad\u00e9mico para que se inicien el 1 de marzo\u201d, explic\u00f3.<\/p>\n<p style=\"text-align: justify;\">Entendiendo que en la regi\u00f3n hay comunas en distintas fases del Plan Paso a Paso, Becerra explic\u00f3 que en el caso de la capital regional \u201cel inicio podr\u00eda ser remoto, tal como se estaba haciendo el a\u00f1o pasado\u201d agregando que en el caso del resto de las comunas \u201ccomienzan con esta modalidad h\u00edbrida, es decir, tanto presencial como a distancia\u201d, explic\u00f3.<\/p>\n<p style=\"text-align: justify;\">Por \u00faltimo, desde el Gobierno recalcaron que valoran el valioso e insustituible rol que cumplen los profesores en la formaci\u00f3n y la educaci\u00f3n de nuestros ni\u00f1os y j\u00f3venes, insistiendo adem\u00e1s que la decisi\u00f3n final de enviar a sus hijos al colegio la tomar\u00e1n los padres y apoderados porque son los que mejor conocen la situaci\u00f3n de sus hijos.<\/p>\n<\/div><\/section><\/div><div  style='height:50px' class='hr hr-invisible   avia-builder-el-6  el_after_av_one_full  el_before_av_social_share '><span class='hr-inner ' ><span class='hr-inner-style'><\/span><\/span><\/div><\/p>\n<div  class='av-social-sharing-box  avia-builder-el-7  el_after_av_hr  el_before_av_hr  '><div class='av-share-box'><h5 class='av-share-link-description av-no-toc '>Compartir esta noticia<\/h5><ul class='av-share-box-list noLightbox'><li class='av-share-link av-social-link-facebook' ><a target=\"_blank\" aria-label=\"Compartir en Facebook\" href='https:\/\/www.facebook.com\/sharer.php?u=https:\/\/radiorevelacionfm.cl\/?p=2898&#038;t=Intendenta%20Margarita%20Ossa%20inspeccion%C3%B3%20el%20Colegio%20Alborada%20ad%20portas%20del%20regreso%20voluntario%20a%20clases' aria-hidden='false' data-av_icon='\ue8f3' data-av_iconfont='entypo-fontello' title='' data-avia-related-tooltip='Compartir en Facebook' rel=\"noopener\"><span class='avia_hidden_link_text'>Compartir en Facebook<\/span><\/a><\/li><li class='av-share-link av-social-link-twitter' ><a target=\"_blank\" aria-label=\"Compartir en Twitter\" href='https:\/\/twitter.com\/share?text=Intendenta%20Margarita%20Ossa%20inspeccion%C3%B3%20el%20Colegio%20Alborada%20ad%20portas%20del%20regreso%20voluntario%20a%20clases&#038;url=https:\/\/radiorevelacionfm.cl\/?p=2898' aria-hidden='false' data-av_icon='\ue8f1' data-av_iconfont='entypo-fontello' title='' data-avia-related-tooltip='Compartir en Twitter' rel=\"noopener\"><span class='avia_hidden_link_text'>Compartir en Twitter<\/span><\/a><\/li><li class='av-share-link av-social-link-whatsapp' ><a target=\"_blank\" aria-label=\"Compartir en Whatsapp\" href='https:\/\/api.whatsapp.com\/send?text=https:\/\/radiorevelacionfm.cl\/?p=2898' aria-hidden='false' data-av_icon='\uf232' data-av_iconfont='entypo-fontello' title='' data-avia-related-tooltip='Compartir en Whatsapp' rel=\"noopener\"><span class='avia_hidden_link_text'>Compartir en Whatsapp<\/span><\/a><\/li><li class='av-share-link av-social-link-linkedin' ><a target=\"_blank\" aria-label=\"Compartir en LinkedIn\" href='https:\/\/linkedin.com\/shareArticle?mini=true&#038;title=Intendenta%20Margarita%20Ossa%20inspeccion%C3%B3%20el%20Colegio%20Alborada%20ad%20portas%20del%20regreso%20voluntario%20a%20clases&#038;url=https:\/\/radiorevelacionfm.cl\/?p=2898' aria-hidden='false' data-av_icon='\ue8fc' data-av_iconfont='entypo-fontello' title='' data-avia-related-tooltip='Compartir en LinkedIn' rel=\"noopener\"><span class='avia_hidden_link_text'>Compartir en LinkedIn<\/span><\/a><\/li><li class='av-share-link av-social-link-mail' ><a  aria-label=\"Compartir por correo\" href='mailto:?subject=Intendenta%20Margarita%20Ossa%20inspeccion%C3%B3%20el%20Colegio%20Alborada%20ad%20portas%20del%20regreso%20voluntario%20a%20clases&#038;body=https:\/\/radiorevelacionfm.cl\/?p=2898' aria-hidden='false' data-av_icon='\ue805' data-av_iconfont='entypo-fontello' title='' data-avia-related-tooltip='Compartir por correo'><span class='avia_hidden_link_text'>Compartir por correo<\/span><\/a><\/li><\/ul><\/div><\/div>\n<div  style='height:50px' class='hr hr-invisible   avia-builder-el-8  el_after_av_social_share  el_before_av_comments_list '><span class='hr-inner ' ><span class='hr-inner-style'><\/span><\/span><\/div>\n<div  class='av-buildercomment  av-blog-meta-html-info-disabled av-blog-meta-tag-disabled  '><\/div>\n","protected":false},"excerpt":{"rendered":"","protected":false},"author":1,"featured_media":0,"comment_status":"open","ping_status":"open","sticky":false,"template":"","format":"standard","meta":{"footnotes":""},"categories":[49],"tags":[],"class_list":["post-2898","post","type-post","status-publish","format-standard","hentry","category-educacion"],"jetpack_featured_media_url":"","_links":{"self":[{"href":"https:\/\/radiorevelacionfm.cl\/index.php?rest_route=\/wp\/v2\/posts\/2898","targetHints":{"allow":["GET"]}}],"collection":[{"href":"https:\/\/radiorevelacionfm.cl\/index.php?rest_route=\/wp\/v2\/posts"}],"about":[{"href":"https:\/\/radiorevelacionfm.cl\/index.php?rest_route=\/wp\/v2\/types\/post"}],"author":[{"embeddable":true,"href":"https:\/\/radiorevelacionfm.cl\/index.php?rest_route=\/wp\/v2\/users\/1"}],"replies":[{"embeddable":true,"href":"https:\/\/radiorevelacionfm.cl\/index.php?rest_route=%2Fwp%2Fv2%2Fcomments&post=2898"}],"version-history":[{"count":1,"href":"https:\/\/radiorevelacionfm.cl\/index.php?rest_route=\/wp\/v2\/posts\/2898\/revisions"}],"predecessor-version":[{"id":2900,"href":"https:\/\/radiorevelacionfm.cl\/index.php?rest_route=\/wp\/v2\/posts\/2898\/revisions\/2900"}],"wp:attachment":[{"href":"https:\/\/radiorevelacionfm.cl\/index.php?rest_route=%2Fwp%2Fv2%2Fmedia&parent=2898"}],"wp:term":[{"taxonomy":"category","embeddable":true,"href":"https:\/\/radiorevelacionfm.cl\/index.php?rest_route=%2Fwp%2Fv2%2Fcategories&post=2898"},{"taxonomy":"post_tag","embeddable":true,"href":"https:\/\/radiorevelacionfm.cl\/index.php?rest_route=%2Fwp%2Fv2%2Ftags&post=2898"}],"curies":[{"name":"wp","href":"https:\/\/api.w.org\/{rel}","templated":true}]}}