{"id":28976,"date":"2023-03-17T15:28:25","date_gmt":"2023-03-17T18:28:25","guid":{"rendered":"https:\/\/radiorevelacionfm.cl\/?p=28976"},"modified":"2023-03-17T15:28:25","modified_gmt":"2023-03-17T18:28:25","slug":"ministerio-de-las-culturas-las-artes-y-el-patrimonio-abre-convocatoria-al-premio-margot-loyola-palacios-2023","status":"publish","type":"post","link":"https:\/\/radiorevelacionfm.cl\/?p=28976","title":{"rendered":"Ministerio de las Culturas las Artes y el Patrimonio abre convocatoria al Premio Margot Loyola Palacios 2023"},"content":{"rendered":"<div class=\"flex_column av_one_full  flex_column_div av-zero-column-padding first  avia-builder-el-0  el_before_av_one_full  avia-builder-el-first  \" style='border-radius:0px; '><div  class='avia-image-container  av-styling-    avia-builder-el-1  avia-builder-el-no-sibling  avia-align-center '  itemprop=\"image\" itemscope=\"itemscope\" itemtype=\"https:\/\/schema.org\/ImageObject\"  ><div class='avia-image-container-inner'><div class='avia-image-overlay-wrap'><img decoding=\"async\" class='wp-image-28977 avia-img-lazy-loading-not-28977 avia_image' src=\"https:\/\/radiorevelacionfm.cl\/wp-content\/uploads\/2023\/03\/MLP-2023_Imagen-portal-3840x2160-1-1-1.jpg\" alt='' title='MLP 2023_Imagen portal 3840x2160 (1) (1) (1)' height=\"600\" width=\"1067\"  itemprop=\"thumbnailUrl\" srcset=\"https:\/\/radiorevelacionfm.cl\/wp-content\/uploads\/2023\/03\/MLP-2023_Imagen-portal-3840x2160-1-1-1.jpg 1067w, https:\/\/radiorevelacionfm.cl\/wp-content\/uploads\/2023\/03\/MLP-2023_Imagen-portal-3840x2160-1-1-1-300x169.jpg 300w, https:\/\/radiorevelacionfm.cl\/wp-content\/uploads\/2023\/03\/MLP-2023_Imagen-portal-3840x2160-1-1-1-1030x579.jpg 1030w, https:\/\/radiorevelacionfm.cl\/wp-content\/uploads\/2023\/03\/MLP-2023_Imagen-portal-3840x2160-1-1-1-768x432.jpg 768w, https:\/\/radiorevelacionfm.cl\/wp-content\/uploads\/2023\/03\/MLP-2023_Imagen-portal-3840x2160-1-1-1-705x396.jpg 705w, https:\/\/radiorevelacionfm.cl\/wp-content\/uploads\/2023\/03\/MLP-2023_Imagen-portal-3840x2160-1-1-1-600x337.jpg 600w\" sizes=\"(max-width: 1067px) 100vw, 1067px\" \/><\/div><\/div><\/div><\/div><div class=\"flex_column av_one_full  flex_column_div av-zero-column-padding first  avia-builder-el-2  el_after_av_one_full  el_before_av_one_full  column-top-margin\" style='border-radius:0px; '><section class=\"av_textblock_section \"  itemscope=\"itemscope\" itemtype=\"https:\/\/schema.org\/BlogPosting\" itemprop=\"blogPost\" ><div class='avia_textblock  '   itemprop=\"text\" ><p style=\"text-align: center;\"><span style=\"font-size: 18pt;\"><strong>Ministerio de las Culturas las Artes y el Patrimonio abre convocatoria al Premio Margot Loyola Palacios 2023<\/strong><\/span><\/p>\n<div id=\"gtx-trans\" style=\"position: absolute; left: -50px; top: 4.31534px;\">\n<div class=\"gtx-trans-icon\"><\/div>\n<\/div>\n<\/div><\/section><\/div><div class=\"flex_column av_one_full  flex_column_div av-zero-column-padding first  avia-builder-el-4  el_after_av_one_full  el_before_av_hr  column-top-margin\" style='border-radius:0px; '><section class=\"av_textblock_section \"  itemscope=\"itemscope\" itemtype=\"https:\/\/schema.org\/BlogPosting\" itemprop=\"blogPost\" ><div class='avia_textblock  '   itemprop=\"text\" ><p style=\"text-align: justify;\">El Ministerio de las Culturas, las Artes y el Patrimonio, a trav\u00e9s del Servicio Nacional del Patrimonio, abri\u00f3 la convocatoria para el Premio a la Trayectoria en Cultura Tradicional Margot Loyola Palacios 2023, dirigida a personas o agrupaciones de las disciplinas de la cultura tradicional (artesan\u00eda, m\u00fasica, danza, folklore, circo tradicional, literatura y cocina tradicional), y\/o del patrimonio cultural inmaterial que con sus quehaceres y saberes contribuyan a promover el respeto por la diversidad cultural y la creatividad humana.<\/p>\n<p style=\"text-align: justify;\">El ministro de las Culturas, las Artes y el Patrimonio, Jaime de Aguirre, afirm\u00f3 \u201cEsta octava versi\u00f3n, a diferencia de las anteriores, otorgar\u00e1 cuatro reconocimientos a personas, representantes de colectivos o agrupaciones que han destacado por su trabajo en las l\u00edneas de creaci\u00f3n, formaci\u00f3n e investigaci\u00f3n. De este modo, se contribuye a mantener vigente la figura y el legado de la maestra y folklorista Margot Loyola y con ello a resguardar el patrimonio cultural inmaterial de Chile\u201d.<\/p>\n<p style=\"text-align: justify;\"><strong>Sobre el concurso<\/strong><\/p>\n<p style=\"text-align: justify;\">El Premio a la Trayectoria en Cultura Tradicional Margot Loyola Palacios entrega un est\u00edmulo econ\u00f3mico, concedido por una sola vez, de $3.000.000 (tres millones de pesos) para cada una de las personas galardonadas.<\/p>\n<p style=\"text-align: justify;\">Esta octava versi\u00f3n, otorgar\u00e1 cuatro reconocimientos, a personas, representantes de colectivos o agrupaciones, con una trayectoria destacada en las siguientes categor\u00edas:<\/p>\n<p style=\"text-align: justify;\"><strong>Cultura Tradicional: <\/strong>reconocimiento a dos personas, representantes de colectivos o agrupaciones.<\/p>\n<p style=\"text-align: justify;\"><strong>Patrimonio Cultural Inmaterial:<\/strong> reconocimiento a dos personas, representantes de colectivos o agrupaciones.<\/p>\n<p style=\"text-align: justify;\">Asimismo, el Premio deber\u00e1 otorgarse con un <strong>criterio de paridad de g\u00e9nero<\/strong> entre los cuatro reconocimientos entregados.<\/p>\n<p style=\"text-align: justify;\">Para los cuatro premios que se entregar\u00e1n, podr\u00e1n postular personas y agrupaciones de diversas disciplinas como: artesan\u00eda, m\u00fasica, danza, folklore, literatura, circo tradicional y cocina chilena, en cualquiera de las siguientes l\u00edneas de trabajo: investigaci\u00f3n, creaci\u00f3n y\/o formaci\u00f3n. Los candidatos y candidatas deben tener una trayectoria comprobada de m\u00e1s de 20 a\u00f1os en los \u00e1mbitos de la cultura tradicional y\/o el patrimonio cultural inmaterial.<\/p>\n<p style=\"text-align: justify;\">La convocatoria estar\u00e1 abierta hasta el\u00a028 de mayo\u00a0del 2023 (hasta las 23:59 horas) y se recibir\u00e1n postulaciones \u00fanicamente de manera virtual, a trav\u00e9s del correo electr\u00f3nico\u00a0<a href=\"mailto:premiomargotloyola@patrimoniocultural.gob.cl\">premiomargotloyola@patrimoniocultural.gob.cl<\/a>, indicando en el asunto: \u201cPremio a la Trayectoria en Cultura Tradicional Margot Loyola Palacios\u201d.<\/p>\n<p style=\"text-align: justify;\"><a href=\"20230213_REX%20N\u00b00198_Aprueba%20Bases%20Propuesta%20bases%20premio%20MLP.PDF\">Bases<\/a><\/p>\n<p style=\"text-align: justify;\"><a href=\"Ficha%20postulacion%20premio%20Margot%20Loyola%20Palacios-2023.docx\">Ficha de postulaci\u00f3n <\/a><\/p>\n<\/div><\/section><\/div><div  style='height:50px' class='hr hr-invisible   avia-builder-el-6  el_after_av_one_full  el_before_av_social_share '><span class='hr-inner ' ><span class='hr-inner-style'><\/span><\/span><\/div><\/p>\n<div  class='av-social-sharing-box  avia-builder-el-7  el_after_av_hr  el_before_av_hr  '><div class='av-share-box'><h5 class='av-share-link-description av-no-toc '>Compartir esta noticia<\/h5><ul class='av-share-box-list noLightbox'><li class='av-share-link av-social-link-facebook' ><a target=\"_blank\" aria-label=\"Compartir en Facebook\" href='https:\/\/www.facebook.com\/sharer.php?u=https:\/\/radiorevelacionfm.cl\/?p=28976&#038;t=Ministerio%20de%20las%20Culturas%20las%20Artes%20y%20el%20Patrimonio%20abre%20convocatoria%20al%20Premio%20Margot%20Loyola%20Palacios%202023' aria-hidden='false' data-av_icon='\ue8f3' data-av_iconfont='entypo-fontello' title='' data-avia-related-tooltip='Compartir en Facebook' rel=\"noopener\"><span class='avia_hidden_link_text'>Compartir en Facebook<\/span><\/a><\/li><li class='av-share-link av-social-link-twitter' ><a target=\"_blank\" aria-label=\"Compartir en Twitter\" href='https:\/\/twitter.com\/share?text=Ministerio%20de%20las%20Culturas%20las%20Artes%20y%20el%20Patrimonio%20abre%20convocatoria%20al%20Premio%20Margot%20Loyola%20Palacios%202023&#038;url=https:\/\/radiorevelacionfm.cl\/?p=28976' aria-hidden='false' data-av_icon='\ue8f1' data-av_iconfont='entypo-fontello' title='' data-avia-related-tooltip='Compartir en Twitter' rel=\"noopener\"><span class='avia_hidden_link_text'>Compartir en Twitter<\/span><\/a><\/li><li class='av-share-link av-social-link-whatsapp' ><a target=\"_blank\" aria-label=\"Compartir en Whatsapp\" href='https:\/\/api.whatsapp.com\/send?text=https:\/\/radiorevelacionfm.cl\/?p=28976' aria-hidden='false' data-av_icon='\uf232' data-av_iconfont='entypo-fontello' title='' data-avia-related-tooltip='Compartir en Whatsapp' rel=\"noopener\"><span class='avia_hidden_link_text'>Compartir en Whatsapp<\/span><\/a><\/li><li class='av-share-link av-social-link-linkedin' ><a target=\"_blank\" aria-label=\"Compartir en LinkedIn\" href='https:\/\/linkedin.com\/shareArticle?mini=true&#038;title=Ministerio%20de%20las%20Culturas%20las%20Artes%20y%20el%20Patrimonio%20abre%20convocatoria%20al%20Premio%20Margot%20Loyola%20Palacios%202023&#038;url=https:\/\/radiorevelacionfm.cl\/?p=28976' aria-hidden='false' data-av_icon='\ue8fc' data-av_iconfont='entypo-fontello' title='' data-avia-related-tooltip='Compartir en LinkedIn' rel=\"noopener\"><span class='avia_hidden_link_text'>Compartir en LinkedIn<\/span><\/a><\/li><li class='av-share-link av-social-link-mail' ><a  aria-label=\"Compartir por correo\" href='mailto:?subject=Ministerio%20de%20las%20Culturas%20las%20Artes%20y%20el%20Patrimonio%20abre%20convocatoria%20al%20Premio%20Margot%20Loyola%20Palacios%202023&#038;body=https:\/\/radiorevelacionfm.cl\/?p=28976' aria-hidden='false' data-av_icon='\ue805' data-av_iconfont='entypo-fontello' title='' data-avia-related-tooltip='Compartir por correo'><span class='avia_hidden_link_text'>Compartir por correo<\/span><\/a><\/li><\/ul><\/div><\/div>\n<div  style='height:50px' class='hr hr-invisible   avia-builder-el-8  el_after_av_social_share  el_before_av_comments_list '><span class='hr-inner ' ><span class='hr-inner-style'><\/span><\/span><\/div>\n<div  class='av-buildercomment  av-blog-meta-html-info-disabled av-blog-meta-tag-disabled  '><\/div>\n","protected":false},"excerpt":{"rendered":"","protected":false},"author":1,"featured_media":28977,"comment_status":"open","ping_status":"open","sticky":false,"template":"","format":"standard","meta":{"footnotes":""},"categories":[52],"tags":[],"class_list":["post-28976","post","type-post","status-publish","format-standard","has-post-thumbnail","hentry","category-cultura"],"jetpack_featured_media_url":"https:\/\/radiorevelacionfm.cl\/wp-content\/uploads\/2023\/03\/MLP-2023_Imagen-portal-3840x2160-1-1-1.jpg","_links":{"self":[{"href":"https:\/\/radiorevelacionfm.cl\/index.php?rest_route=\/wp\/v2\/posts\/28976","targetHints":{"allow":["GET"]}}],"collection":[{"href":"https:\/\/radiorevelacionfm.cl\/index.php?rest_route=\/wp\/v2\/posts"}],"about":[{"href":"https:\/\/radiorevelacionfm.cl\/index.php?rest_route=\/wp\/v2\/types\/post"}],"author":[{"embeddable":true,"href":"https:\/\/radiorevelacionfm.cl\/index.php?rest_route=\/wp\/v2\/users\/1"}],"replies":[{"embeddable":true,"href":"https:\/\/radiorevelacionfm.cl\/index.php?rest_route=%2Fwp%2Fv2%2Fcomments&post=28976"}],"version-history":[{"count":2,"href":"https:\/\/radiorevelacionfm.cl\/index.php?rest_route=\/wp\/v2\/posts\/28976\/revisions"}],"predecessor-version":[{"id":29008,"href":"https:\/\/radiorevelacionfm.cl\/index.php?rest_route=\/wp\/v2\/posts\/28976\/revisions\/29008"}],"wp:featuredmedia":[{"embeddable":true,"href":"https:\/\/radiorevelacionfm.cl\/index.php?rest_route=\/wp\/v2\/media\/28977"}],"wp:attachment":[{"href":"https:\/\/radiorevelacionfm.cl\/index.php?rest_route=%2Fwp%2Fv2%2Fmedia&parent=28976"}],"wp:term":[{"taxonomy":"category","embeddable":true,"href":"https:\/\/radiorevelacionfm.cl\/index.php?rest_route=%2Fwp%2Fv2%2Fcategories&post=28976"},{"taxonomy":"post_tag","embeddable":true,"href":"https:\/\/radiorevelacionfm.cl\/index.php?rest_route=%2Fwp%2Fv2%2Ftags&post=28976"}],"curies":[{"name":"wp","href":"https:\/\/api.w.org\/{rel}","templated":true}]}}