{"id":28972,"date":"2023-03-17T09:31:24","date_gmt":"2023-03-17T12:31:24","guid":{"rendered":"https:\/\/radiorevelacionfm.cl\/?p=28972"},"modified":"2023-03-17T09:31:24","modified_gmt":"2023-03-17T12:31:24","slug":"sandoval-y-problemas-en-conectividad-regional-esperamos-mayor-responsabilidad-proactividad-y-ejecutividad-de-actuales-autoridades","status":"publish","type":"post","link":"https:\/\/radiorevelacionfm.cl\/?p=28972","title":{"rendered":"Sandoval y problemas en conectividad regional: \u201cEsperamos mayor responsabilidad, proactividad y ejecutividad de actuales autoridades\u201d"},"content":{"rendered":"<div class=\"flex_column av_one_full  flex_column_div av-zero-column-padding first  avia-builder-el-0  el_before_av_one_full  avia-builder-el-first  \" style='border-radius:0px; '><div  class='avia-image-container  av-styling-    avia-builder-el-1  avia-builder-el-no-sibling  avia-align-center '  itemprop=\"image\" itemscope=\"itemscope\" itemtype=\"https:\/\/schema.org\/ImageObject\"  ><div class='avia-image-container-inner'><div class='avia-image-overlay-wrap'><img decoding=\"async\" class='wp-image-28974 avia-img-lazy-loading-not-28974 avia_image' src=\"https:\/\/radiorevelacionfm.cl\/wp-content\/uploads\/2023\/03\/ruta-7-sur-1-1-1_optimized-1.jpg\" alt='' title='ruta-7-sur-(1)-(1)-(1)_optimized (1)' height=\"600\" width=\"904\"  itemprop=\"thumbnailUrl\" srcset=\"https:\/\/radiorevelacionfm.cl\/wp-content\/uploads\/2023\/03\/ruta-7-sur-1-1-1_optimized-1.jpg 904w, https:\/\/radiorevelacionfm.cl\/wp-content\/uploads\/2023\/03\/ruta-7-sur-1-1-1_optimized-1-300x199.jpg 300w, https:\/\/radiorevelacionfm.cl\/wp-content\/uploads\/2023\/03\/ruta-7-sur-1-1-1_optimized-1-768x510.jpg 768w, https:\/\/radiorevelacionfm.cl\/wp-content\/uploads\/2023\/03\/ruta-7-sur-1-1-1_optimized-1-705x468.jpg 705w, https:\/\/radiorevelacionfm.cl\/wp-content\/uploads\/2023\/03\/ruta-7-sur-1-1-1_optimized-1-600x398.jpg 600w\" sizes=\"(max-width: 904px) 100vw, 904px\" \/><\/div><\/div><\/div><\/div><div class=\"flex_column av_one_full  flex_column_div av-zero-column-padding first  avia-builder-el-2  el_after_av_one_full  el_before_av_one_full  column-top-margin\" style='border-radius:0px; '><section class=\"av_textblock_section \"  itemscope=\"itemscope\" itemtype=\"https:\/\/schema.org\/BlogPosting\" itemprop=\"blogPost\" ><div class='avia_textblock  '   itemprop=\"text\" ><p style=\"text-align: center;\"><span style=\"font-size: 18pt;\"><strong>Sandoval y problemas en conectividad regional: <\/strong><strong>\u201cEsperamos mayor responsabilidad, proactividad y ejecutividad de actuales autoridades\u201d<\/strong><\/span><\/p>\n<div id=\"gtx-trans\" style=\"position: absolute; left: -50px; top: 4.31534px;\">\n<div class=\"gtx-trans-icon\"><\/div>\n<\/div>\n<\/div><\/section><\/div><div class=\"flex_column av_one_full  flex_column_div av-zero-column-padding first  avia-builder-el-4  el_after_av_one_full  el_before_av_hr  column-top-margin\" style='border-radius:0px; '><section class=\"av_textblock_section \"  itemscope=\"itemscope\" itemtype=\"https:\/\/schema.org\/BlogPosting\" itemprop=\"blogPost\" ><div class='avia_textblock  '   itemprop=\"text\" ><p style=\"text-align: justify;\"><em>Sobre el decreto de emergencia anunciado por el MOP, para implementar un plan de conservaci\u00f3n de caminos, el parlamentario fue enf\u00e1tico en se\u00f1alar que esto es solo \u201cuna actitud de reacci\u00f3n a un tema que ya lo tenemos frente a nuestros ojos todos los d\u00edas\u201d.<\/em><\/p>\n<p style=\"text-align: justify;\">\u201cNos pondremos al lado de las comunidades. Entendemos que esto es algo que no se va a resolver de la noche a la ma\u00f1ana, pero s\u00ed esperamos mayor responsabilidad, proactividad y ejecutividad de las actuales autoridades que est\u00e1n a cargo del problema\u201d. As\u00ed lo se\u00f1al\u00f3 el senador David Sandoval, al referirse a los serios problemas de conectividad que existen en distintos puntos de la regi\u00f3n, entre ellos la ruta 7 sur, lo que afecta directamente a las comunidades.<\/p>\n<p style=\"text-align: justify;\">\u201cLa conectividad para la regi\u00f3n es un tema esencial. Cuando uno ve publicaciones antiguas, ve las demandas de aquellos a\u00f1os por caminos, caminos y m\u00e1s caminos\u201d, se\u00f1al\u00f3 el parlamentario, quien asegur\u00f3 que la necesidad que existe se ve reflejada en que Ays\u00e9n es una de las zonas del pa\u00eds que peor conectividad tiene, al igual que en materia de caminos pavimentados.<\/p>\n<p style=\"text-align: justify;\">En ese sentido, dijo compartir las quejas que permanentemente manifiestan gremios, organizaciones y la comunidad en general, ya sea porque \u201chay caminos absolutamente intransitables y, en otros casos, porque lisa y llanamente no hay caminos\u201d.<\/p>\n<p style=\"text-align: justify;\">Sandoval recalc\u00f3 que \u201cel desaf\u00edo que se enfrenta en conectividad es ineludible\u201d, pues argument\u00f3 que \u201cla regi\u00f3n no podr\u00e1 alcanzar el verdadero desarrollo sino tiene una conectividad con el resto del pa\u00eds y una red regional acorde a los niveles que tiene el pa\u00eds hoy d\u00eda\u201d.<\/p>\n<p style=\"text-align: justify;\">Por lo mismo, fue enf\u00e1tico en se\u00f1alar que el reciente decreto de emergencia anunciado por el MOP, para implementar un plan de conservaci\u00f3n de caminos, es nada m\u00e1s que \u201cuna actitud de reacci\u00f3n ante a un tema que ya lo tenemos frente a nuestros ojos todos los d\u00edas, meses y todos los a\u00f1os\u201d.<\/p>\n<p style=\"text-align: justify;\">El parlamentario record\u00f3 que este tema fue planteado al presidente Gabriel Boric en su \u00faltima visita a la regi\u00f3n, esperando ahora se cumpla el compromiso de implementar y poner en marcha un Plan de Conectividad que contempla 140 kil\u00f3metros, lo que ahora pasar\u00e1 a ser un compromiso de Estado. \u201cEsperamos se cumplan, porque detr\u00e1s de ello est\u00e1 el progreso, el bienestar y la calidad de vida de toda la gente de la regi\u00f3n\u201d, subray\u00f3.<\/p>\n<p style=\"text-align: justify;\">En esa l\u00ednea, y respecto de la llegada de la nueva ministra de Obras P\u00fablicas, Jessica L\u00f3pez &#8211; lamentando de paso la salida del anterior jefe de cartera-, espera que la nueva autoridad asuma con cabal responsabilidad lo que significan estos desaf\u00edos. \u201cLa regi\u00f3n, con estos decretos de emergencia, est\u00e1 reaccionando frente a un hecho que es evidente y que ha sido puesto por la comunidad y para qu\u00e9 decir que hay lugares que m\u00e1s que caminos lo \u00fanico que tenemos son sectores absolutamente intransitables\u201d, sentenci\u00f3.<\/p>\n<p style=\"text-align: justify;\">Finalmente, el legislador reiter\u00f3 su compromiso con la comunidad regional con este tema, recordando que hace pocos d\u00edas se reuni\u00f3 con representantes de los gremios del Turismo, Comercio y del rubro de transporte camionero de la regi\u00f3n de Ays\u00e9n.<\/p>\n<\/div><\/section><\/div><div  style='height:50px' class='hr hr-invisible   avia-builder-el-6  el_after_av_one_full  el_before_av_social_share '><span class='hr-inner ' ><span class='hr-inner-style'><\/span><\/span><\/div><\/p>\n<div  class='av-social-sharing-box  avia-builder-el-7  el_after_av_hr  el_before_av_hr  '><div class='av-share-box'><h5 class='av-share-link-description av-no-toc '>Compartir esta noticia<\/h5><ul class='av-share-box-list noLightbox'><li class='av-share-link av-social-link-facebook' ><a target=\"_blank\" aria-label=\"Compartir en Facebook\" href='https:\/\/www.facebook.com\/sharer.php?u=https:\/\/radiorevelacionfm.cl\/?p=28972&#038;t=Sandoval%20y%20problemas%20en%20conectividad%20regional%3A%20%E2%80%9CEsperamos%20mayor%20responsabilidad%2C%20proactividad%20y%20ejecutividad%20de%20actuales%20autoridades%E2%80%9D' aria-hidden='false' data-av_icon='\ue8f3' data-av_iconfont='entypo-fontello' title='' data-avia-related-tooltip='Compartir en Facebook' rel=\"noopener\"><span class='avia_hidden_link_text'>Compartir en Facebook<\/span><\/a><\/li><li class='av-share-link av-social-link-twitter' ><a target=\"_blank\" aria-label=\"Compartir en Twitter\" href='https:\/\/twitter.com\/share?text=Sandoval%20y%20problemas%20en%20conectividad%20regional%3A%20%E2%80%9CEsperamos%20mayor%20responsabilidad%2C%20proactividad%20y%20ejecutividad%20de%20actuales%20autoridades%E2%80%9D&#038;url=https:\/\/radiorevelacionfm.cl\/?p=28972' aria-hidden='false' data-av_icon='\ue8f1' data-av_iconfont='entypo-fontello' title='' data-avia-related-tooltip='Compartir en Twitter' rel=\"noopener\"><span class='avia_hidden_link_text'>Compartir en Twitter<\/span><\/a><\/li><li class='av-share-link av-social-link-whatsapp' ><a target=\"_blank\" aria-label=\"Compartir en Whatsapp\" href='https:\/\/api.whatsapp.com\/send?text=https:\/\/radiorevelacionfm.cl\/?p=28972' aria-hidden='false' data-av_icon='\uf232' data-av_iconfont='entypo-fontello' title='' data-avia-related-tooltip='Compartir en Whatsapp' rel=\"noopener\"><span class='avia_hidden_link_text'>Compartir en Whatsapp<\/span><\/a><\/li><li class='av-share-link av-social-link-linkedin' ><a target=\"_blank\" aria-label=\"Compartir en LinkedIn\" href='https:\/\/linkedin.com\/shareArticle?mini=true&#038;title=Sandoval%20y%20problemas%20en%20conectividad%20regional%3A%20%E2%80%9CEsperamos%20mayor%20responsabilidad%2C%20proactividad%20y%20ejecutividad%20de%20actuales%20autoridades%E2%80%9D&#038;url=https:\/\/radiorevelacionfm.cl\/?p=28972' aria-hidden='false' data-av_icon='\ue8fc' data-av_iconfont='entypo-fontello' title='' data-avia-related-tooltip='Compartir en LinkedIn' rel=\"noopener\"><span class='avia_hidden_link_text'>Compartir en LinkedIn<\/span><\/a><\/li><li class='av-share-link av-social-link-mail' ><a  aria-label=\"Compartir por correo\" href='mailto:?subject=Sandoval%20y%20problemas%20en%20conectividad%20regional%3A%20%E2%80%9CEsperamos%20mayor%20responsabilidad%2C%20proactividad%20y%20ejecutividad%20de%20actuales%20autoridades%E2%80%9D&#038;body=https:\/\/radiorevelacionfm.cl\/?p=28972' aria-hidden='false' data-av_icon='\ue805' data-av_iconfont='entypo-fontello' title='' data-avia-related-tooltip='Compartir por correo'><span class='avia_hidden_link_text'>Compartir por correo<\/span><\/a><\/li><\/ul><\/div><\/div>\n<div  style='height:50px' class='hr hr-invisible   avia-builder-el-8  el_after_av_social_share  el_before_av_comments_list '><span class='hr-inner ' ><span class='hr-inner-style'><\/span><\/span><\/div>\n<div  class='av-buildercomment  av-blog-meta-html-info-disabled av-blog-meta-tag-disabled  '><\/div>\n","protected":false},"excerpt":{"rendered":"","protected":false},"author":1,"featured_media":28974,"comment_status":"open","ping_status":"open","sticky":false,"template":"","format":"standard","meta":{"footnotes":""},"categories":[35],"tags":[],"class_list":["post-28972","post","type-post","status-publish","format-standard","has-post-thumbnail","hentry","category-politica"],"jetpack_featured_media_url":"https:\/\/radiorevelacionfm.cl\/wp-content\/uploads\/2023\/03\/ruta-7-sur-1-1-1_optimized-1.jpg","_links":{"self":[{"href":"https:\/\/radiorevelacionfm.cl\/index.php?rest_route=\/wp\/v2\/posts\/28972","targetHints":{"allow":["GET"]}}],"collection":[{"href":"https:\/\/radiorevelacionfm.cl\/index.php?rest_route=\/wp\/v2\/posts"}],"about":[{"href":"https:\/\/radiorevelacionfm.cl\/index.php?rest_route=\/wp\/v2\/types\/post"}],"author":[{"embeddable":true,"href":"https:\/\/radiorevelacionfm.cl\/index.php?rest_route=\/wp\/v2\/users\/1"}],"replies":[{"embeddable":true,"href":"https:\/\/radiorevelacionfm.cl\/index.php?rest_route=%2Fwp%2Fv2%2Fcomments&post=28972"}],"version-history":[{"count":2,"href":"https:\/\/radiorevelacionfm.cl\/index.php?rest_route=\/wp\/v2\/posts\/28972\/revisions"}],"predecessor-version":[{"id":28997,"href":"https:\/\/radiorevelacionfm.cl\/index.php?rest_route=\/wp\/v2\/posts\/28972\/revisions\/28997"}],"wp:featuredmedia":[{"embeddable":true,"href":"https:\/\/radiorevelacionfm.cl\/index.php?rest_route=\/wp\/v2\/media\/28974"}],"wp:attachment":[{"href":"https:\/\/radiorevelacionfm.cl\/index.php?rest_route=%2Fwp%2Fv2%2Fmedia&parent=28972"}],"wp:term":[{"taxonomy":"category","embeddable":true,"href":"https:\/\/radiorevelacionfm.cl\/index.php?rest_route=%2Fwp%2Fv2%2Fcategories&post=28972"},{"taxonomy":"post_tag","embeddable":true,"href":"https:\/\/radiorevelacionfm.cl\/index.php?rest_route=%2Fwp%2Fv2%2Ftags&post=28972"}],"curies":[{"name":"wp","href":"https:\/\/api.w.org\/{rel}","templated":true}]}}