{"id":28969,"date":"2023-03-16T17:11:12","date_gmt":"2023-03-16T20:11:12","guid":{"rendered":"https:\/\/radiorevelacionfm.cl\/?p=28969"},"modified":"2023-03-16T17:11:12","modified_gmt":"2023-03-16T20:11:12","slug":"vecinos-del-sector-norte-de-la-comuna-de-cisnes-contaran-con-electrificacion-rural","status":"publish","type":"post","link":"https:\/\/radiorevelacionfm.cl\/?p=28969","title":{"rendered":"Vecinos del sector norte de la comuna de Cisnes contar\u00e1n con electrificaci\u00f3n rural"},"content":{"rendered":"<div class=\"flex_column av_one_full  flex_column_div av-zero-column-padding first  avia-builder-el-0  el_before_av_one_full  avia-builder-el-first  \" style='border-radius:0px; '><div  class='avia-image-container  av-styling-    avia-builder-el-1  avia-builder-el-no-sibling  avia-align-center '  itemprop=\"image\" itemscope=\"itemscope\" itemtype=\"https:\/\/schema.org\/ImageObject\"  ><div class='avia-image-container-inner'><div class='avia-image-overlay-wrap'><img decoding=\"async\" class='wp-image-28970 avia-img-lazy-loading-not-28970 avia_image' src=\"https:\/\/radiorevelacionfm.cl\/wp-content\/uploads\/2023\/03\/IMG-20230314-WA0039-1-1.jpg\" alt='' title='IMG-20230314-WA0039 (1) (1)' height=\"600\" width=\"1017\"  itemprop=\"thumbnailUrl\" srcset=\"https:\/\/radiorevelacionfm.cl\/wp-content\/uploads\/2023\/03\/IMG-20230314-WA0039-1-1.jpg 1017w, https:\/\/radiorevelacionfm.cl\/wp-content\/uploads\/2023\/03\/IMG-20230314-WA0039-1-1-300x177.jpg 300w, https:\/\/radiorevelacionfm.cl\/wp-content\/uploads\/2023\/03\/IMG-20230314-WA0039-1-1-768x453.jpg 768w, https:\/\/radiorevelacionfm.cl\/wp-content\/uploads\/2023\/03\/IMG-20230314-WA0039-1-1-705x416.jpg 705w, https:\/\/radiorevelacionfm.cl\/wp-content\/uploads\/2023\/03\/IMG-20230314-WA0039-1-1-600x354.jpg 600w\" sizes=\"(max-width: 1017px) 100vw, 1017px\" \/><\/div><\/div><\/div><\/div><div class=\"flex_column av_one_full  flex_column_div av-zero-column-padding first  avia-builder-el-2  el_after_av_one_full  el_before_av_one_full  column-top-margin\" style='border-radius:0px; '><section class=\"av_textblock_section \"  itemscope=\"itemscope\" itemtype=\"https:\/\/schema.org\/BlogPosting\" itemprop=\"blogPost\" ><div class='avia_textblock  '   itemprop=\"text\" ><p style=\"text-align: center;\"><strong><span style=\"font-size: 18pt;\">Vecinos del sector norte de la comuna de Cisnes contar\u00e1n con electrificaci\u00f3n rural<\/span><\/strong><\/p>\n<div id=\"gtx-trans\" style=\"position: absolute; left: -50px; top: 4.31534px;\">\n<div class=\"gtx-trans-icon\"><\/div>\n<\/div>\n<\/div><\/section><\/div><div class=\"flex_column av_one_full  flex_column_div av-zero-column-padding first  avia-builder-el-4  el_after_av_one_full  el_before_av_hr  column-top-margin\" style='border-radius:0px; '><section class=\"av_textblock_section \"  itemscope=\"itemscope\" itemtype=\"https:\/\/schema.org\/BlogPosting\" itemprop=\"blogPost\" ><div class='avia_textblock  '   itemprop=\"text\" ><p style=\"text-align: justify;\">En La Junta se llev\u00f3 a cabo la ceremonia de entrega de terreno a la empresa Sociedad Dual Service SPA, la que estar\u00e1 a cargo de realizar las obras del proyecto \u201cConstrucci\u00f3n Electrificaci\u00f3n Rural sector Palena Norte \u2013 Comuna de Cisnes\u201d.<\/p>\n<p style=\"text-align: justify;\">La actividad cont\u00f3 con la presencia del Alcalde, Francisco Roncagliolo Lepio y los beneficiarios de esta iniciativa. La autoridad comunal, se\u00f1al\u00f3 que este es un proyecto que lleva muchos a\u00f1os, adem\u00e1s, la pandemia tambi\u00e9n trajo algunos inconvenientes, pero finalmente se llego a esta importante etapa.<\/p>\n<p style=\"text-align: justify;\">\u201cEstamos muy contentos de poder entregar terreno, son m\u00e1s de 400 d\u00edas que tiene la empresa para poder terminar el proyecto y esperamos que los plazos se puedan acortar, vamos a apoyar en todo lo que sea posible. En esta actividad hicimos varias preguntas a la empresa y una de las preguntas importantes era, si estaban los materiales en el mercado para poder comprarlos, ya que, esa es una de las situaciones que vivimos tiempo atr\u00e1s en que no estaban los materiales, la empresa dice que si est\u00e1n los materiales, est\u00e1n los recursos. Esperamos no tener inconvenientes y as\u00ed poder ejecutar y finiquitar un proyecto que estaba pendiente hace bastante rato y que es una necesidad, no de ahora, porque viene del a\u00f1o 2012 e incluso antes, por lo tanto, es algo que hemos podido trabajar en el \u00faltimo tiempo de forma seria, responsable y hemos podido sacar adelante la iniciativa\u201d, enfatiz\u00f3 el Alcalde Roncagliolo.<\/p>\n<p style=\"text-align: justify;\">Una de las beneficiarias con este proyecto es, Paulina Zapata, quien\u00a0 junto con recalcar que ha sido una instancia\u00a0 que ha demorado en concretarse, puso en valor el significado de que puedan contar en los pr\u00f3ximos meses con energ\u00eda el\u00e9ctrica. \u201cEl lograr tener nuestras casas con luz, con el empalme correspondiente, es un gran avance para nosotros como familias o como futuros emprendedores, para el caso de los beneficiarios que quieran hacer alg\u00fan emprendimiento en sus casas, en las parcelas donde vivimos\u201d.<\/p>\n<p style=\"text-align: justify;\">El proyecto es financiado a trav\u00e9s del Programa Mejoramiento de Barrios (PMB) de la Subdere, por un monto de $224.812.470 millones, teniendo la empresa un plazo de 480 d\u00edas de corridos para ejecutar la iniciativa.<\/p>\n<\/div><\/section><\/div><div  style='height:50px' class='hr hr-invisible   avia-builder-el-6  el_after_av_one_full  el_before_av_social_share '><span class='hr-inner ' ><span class='hr-inner-style'><\/span><\/span><\/div><\/p>\n<div  class='av-social-sharing-box  avia-builder-el-7  el_after_av_hr  el_before_av_hr  '><div class='av-share-box'><h5 class='av-share-link-description av-no-toc '>Compartir esta noticia<\/h5><ul class='av-share-box-list noLightbox'><li class='av-share-link av-social-link-facebook' ><a target=\"_blank\" aria-label=\"Compartir en Facebook\" href='https:\/\/www.facebook.com\/sharer.php?u=https:\/\/radiorevelacionfm.cl\/?p=28969&#038;t=Vecinos%20del%20sector%20norte%20de%20la%20comuna%20de%20Cisnes%20contar%C3%A1n%20con%20electrificaci%C3%B3n%20rural' aria-hidden='false' data-av_icon='\ue8f3' data-av_iconfont='entypo-fontello' title='' data-avia-related-tooltip='Compartir en Facebook' rel=\"noopener\"><span class='avia_hidden_link_text'>Compartir en Facebook<\/span><\/a><\/li><li class='av-share-link av-social-link-twitter' ><a target=\"_blank\" aria-label=\"Compartir en Twitter\" href='https:\/\/twitter.com\/share?text=Vecinos%20del%20sector%20norte%20de%20la%20comuna%20de%20Cisnes%20contar%C3%A1n%20con%20electrificaci%C3%B3n%20rural&#038;url=https:\/\/radiorevelacionfm.cl\/?p=28969' aria-hidden='false' data-av_icon='\ue8f1' data-av_iconfont='entypo-fontello' title='' data-avia-related-tooltip='Compartir en Twitter' rel=\"noopener\"><span class='avia_hidden_link_text'>Compartir en Twitter<\/span><\/a><\/li><li class='av-share-link av-social-link-whatsapp' ><a target=\"_blank\" aria-label=\"Compartir en Whatsapp\" href='https:\/\/api.whatsapp.com\/send?text=https:\/\/radiorevelacionfm.cl\/?p=28969' aria-hidden='false' data-av_icon='\uf232' data-av_iconfont='entypo-fontello' title='' data-avia-related-tooltip='Compartir en Whatsapp' rel=\"noopener\"><span class='avia_hidden_link_text'>Compartir en Whatsapp<\/span><\/a><\/li><li class='av-share-link av-social-link-linkedin' ><a target=\"_blank\" aria-label=\"Compartir en LinkedIn\" href='https:\/\/linkedin.com\/shareArticle?mini=true&#038;title=Vecinos%20del%20sector%20norte%20de%20la%20comuna%20de%20Cisnes%20contar%C3%A1n%20con%20electrificaci%C3%B3n%20rural&#038;url=https:\/\/radiorevelacionfm.cl\/?p=28969' aria-hidden='false' data-av_icon='\ue8fc' data-av_iconfont='entypo-fontello' title='' data-avia-related-tooltip='Compartir en LinkedIn' rel=\"noopener\"><span class='avia_hidden_link_text'>Compartir en LinkedIn<\/span><\/a><\/li><li class='av-share-link av-social-link-mail' ><a  aria-label=\"Compartir por correo\" href='mailto:?subject=Vecinos%20del%20sector%20norte%20de%20la%20comuna%20de%20Cisnes%20contar%C3%A1n%20con%20electrificaci%C3%B3n%20rural&#038;body=https:\/\/radiorevelacionfm.cl\/?p=28969' aria-hidden='false' data-av_icon='\ue805' data-av_iconfont='entypo-fontello' title='' data-avia-related-tooltip='Compartir por correo'><span class='avia_hidden_link_text'>Compartir por correo<\/span><\/a><\/li><\/ul><\/div><\/div>\n<div  style='height:50px' class='hr hr-invisible   avia-builder-el-8  el_after_av_social_share  el_before_av_comments_list '><span class='hr-inner ' ><span class='hr-inner-style'><\/span><\/span><\/div>\n<div  class='av-buildercomment  av-blog-meta-html-info-disabled av-blog-meta-tag-disabled  '><\/div>\n","protected":false},"excerpt":{"rendered":"","protected":false},"author":1,"featured_media":28970,"comment_status":"open","ping_status":"open","sticky":false,"template":"","format":"standard","meta":{"footnotes":""},"categories":[38],"tags":[],"class_list":["post-28969","post","type-post","status-publish","format-standard","has-post-thumbnail","hentry","category-regional"],"jetpack_featured_media_url":"https:\/\/radiorevelacionfm.cl\/wp-content\/uploads\/2023\/03\/IMG-20230314-WA0039-1-1.jpg","_links":{"self":[{"href":"https:\/\/radiorevelacionfm.cl\/index.php?rest_route=\/wp\/v2\/posts\/28969","targetHints":{"allow":["GET"]}}],"collection":[{"href":"https:\/\/radiorevelacionfm.cl\/index.php?rest_route=\/wp\/v2\/posts"}],"about":[{"href":"https:\/\/radiorevelacionfm.cl\/index.php?rest_route=\/wp\/v2\/types\/post"}],"author":[{"embeddable":true,"href":"https:\/\/radiorevelacionfm.cl\/index.php?rest_route=\/wp\/v2\/users\/1"}],"replies":[{"embeddable":true,"href":"https:\/\/radiorevelacionfm.cl\/index.php?rest_route=%2Fwp%2Fv2%2Fcomments&post=28969"}],"version-history":[{"count":2,"href":"https:\/\/radiorevelacionfm.cl\/index.php?rest_route=\/wp\/v2\/posts\/28969\/revisions"}],"predecessor-version":[{"id":28987,"href":"https:\/\/radiorevelacionfm.cl\/index.php?rest_route=\/wp\/v2\/posts\/28969\/revisions\/28987"}],"wp:featuredmedia":[{"embeddable":true,"href":"https:\/\/radiorevelacionfm.cl\/index.php?rest_route=\/wp\/v2\/media\/28970"}],"wp:attachment":[{"href":"https:\/\/radiorevelacionfm.cl\/index.php?rest_route=%2Fwp%2Fv2%2Fmedia&parent=28969"}],"wp:term":[{"taxonomy":"category","embeddable":true,"href":"https:\/\/radiorevelacionfm.cl\/index.php?rest_route=%2Fwp%2Fv2%2Fcategories&post=28969"},{"taxonomy":"post_tag","embeddable":true,"href":"https:\/\/radiorevelacionfm.cl\/index.php?rest_route=%2Fwp%2Fv2%2Ftags&post=28969"}],"curies":[{"name":"wp","href":"https:\/\/api.w.org\/{rel}","templated":true}]}}