{"id":28966,"date":"2023-03-17T11:23:12","date_gmt":"2023-03-17T14:23:12","guid":{"rendered":"https:\/\/radiorevelacionfm.cl\/?p=28966"},"modified":"2023-03-17T11:23:12","modified_gmt":"2023-03-17T14:23:12","slug":"fundacion-integra-comienza-ejecucion-de-dos-proyectos-en-la-region-de-aysen","status":"publish","type":"post","link":"https:\/\/radiorevelacionfm.cl\/?p=28966","title":{"rendered":"Fundaci\u00f3n Integra comienza ejecuci\u00f3n de dos proyectos en la regi\u00f3n de Ays\u00e9n"},"content":{"rendered":"<div class=\"flex_column av_one_full  flex_column_div av-zero-column-padding first  avia-builder-el-0  el_before_av_one_full  avia-builder-el-first  \" style='border-radius:0px; '><div  class='avia-image-container  av-styling-    avia-builder-el-1  avia-builder-el-no-sibling  avia-align-center '  itemprop=\"image\" itemscope=\"itemscope\" itemtype=\"https:\/\/schema.org\/ImageObject\"  ><div class='avia-image-container-inner'><div class='avia-image-overlay-wrap'><img decoding=\"async\" class='wp-image-28967 avia-img-lazy-loading-not-28967 avia_image' src=\"https:\/\/radiorevelacionfm.cl\/wp-content\/uploads\/2023\/03\/IMG_6986-min-1-1.jpg\" alt='' title='IMG_6986-min (1) (1)' height=\"600\" width=\"902\"  itemprop=\"thumbnailUrl\" srcset=\"https:\/\/radiorevelacionfm.cl\/wp-content\/uploads\/2023\/03\/IMG_6986-min-1-1.jpg 902w, https:\/\/radiorevelacionfm.cl\/wp-content\/uploads\/2023\/03\/IMG_6986-min-1-1-300x200.jpg 300w, https:\/\/radiorevelacionfm.cl\/wp-content\/uploads\/2023\/03\/IMG_6986-min-1-1-768x511.jpg 768w, https:\/\/radiorevelacionfm.cl\/wp-content\/uploads\/2023\/03\/IMG_6986-min-1-1-705x469.jpg 705w, https:\/\/radiorevelacionfm.cl\/wp-content\/uploads\/2023\/03\/IMG_6986-min-1-1-600x399.jpg 600w\" sizes=\"(max-width: 902px) 100vw, 902px\" \/><\/div><\/div><\/div><\/div><div class=\"flex_column av_one_full  flex_column_div av-zero-column-padding first  avia-builder-el-2  el_after_av_one_full  el_before_av_one_full  column-top-margin\" style='border-radius:0px; '><section class=\"av_textblock_section \"  itemscope=\"itemscope\" itemtype=\"https:\/\/schema.org\/BlogPosting\" itemprop=\"blogPost\" ><div class='avia_textblock  '   itemprop=\"text\" ><p style=\"text-align: center;\"><strong><span style=\"font-size: 18pt;\">Fundaci\u00f3n Integra comienza ejecuci\u00f3n de dos proyectos en la regi\u00f3n de Ays\u00e9n<\/span><\/strong><\/p>\n<div id=\"gtx-trans\" style=\"position: absolute; left: -50px; top: 4.31534px;\">\n<div class=\"gtx-trans-icon\"><\/div>\n<\/div>\n<\/div><\/section><\/div><div class=\"flex_column av_one_full  flex_column_div av-zero-column-padding first  avia-builder-el-4  el_after_av_one_full  el_before_av_hr  column-top-margin\" style='border-radius:0px; '><section class=\"av_textblock_section \"  itemscope=\"itemscope\" itemtype=\"https:\/\/schema.org\/BlogPosting\" itemprop=\"blogPost\" ><div class='avia_textblock  '   itemprop=\"text\" ><p style=\"font-weight: 400; text-align: justify;\">\u201cJugando con mis sentidos\u201d y \u201cEncuentro entre padres: Fortaleciendo lazos familiares, criando con amor y respeto\u201d son los proyectos adjudicados por Fundaci\u00f3n Integra durante el 2022 en la regi\u00f3n de Ays\u00e9n y que buscan disminuir brechas importantes en materia de inclusi\u00f3n y educaci\u00f3n con las comunidades con las que actualmente trabaja Fundaci\u00f3n Integra en la regi\u00f3n.<\/p>\n<p style=\"font-weight: 400; text-align: justify;\">Leticia Araya Norambuena destac\u00f3 que \u201cel poder contar con estos fondos es importante para nosotros. Agradecemos que hayan apoyado estos proyectos porque son muy sentidos por nuestra instituci\u00f3n\u201d. A la vez refuerza la importancia de estos proyectos en donde \u201cel gobierno regional que tiene una visi\u00f3n con respecto de lo que se espera que pase en educaci\u00f3n parvularia es muy importante, porque de alguna manera apuesta a que los ni\u00f1os y las ni\u00f1as tengan la posibilidad de aprender y contar con todas las herramientas\u00a0\u00a0para que esto sea posible\u201d.<\/p>\n<p style=\"font-weight: 400; text-align: justify;\">Cabe recordar que el 7% del Fondo Nacional de Desarrollo Regional es el \u00fanico recurso que baja directamente desde el Gobierno Regional a las organizaciones sociales permitiendo con esto poder apoyar el trabajo que estos organismos desarrollan en pos de las distintas comunidades.<\/p>\n<p style=\"font-weight: 400; text-align: justify;\">Cristian Almonacid Levi\u00f1anco, profesional de Planificaci\u00f3n y Seguimiento de Fundaci\u00f3n Integra destac\u00f3 que \u201cel poder acceder a este fondo nos permite reforzar el trabajo que desarrollamos como instituci\u00f3n. Si bien tenemos un marco nacional y regional los recursos nunca son suficientes, sobre todo en las localidades m\u00e1s aisladas. Desde ah\u00ed que vemos una oportunidad de trabajar en conjunto con el Gobierno Regional, postulando proyectos que tengan sentido en las comunidades y con pertinencia local\u201d.<\/p>\n<p style=\"font-weight: 400; text-align: justify;\">Desde la instituci\u00f3n informan que el proyecto denominado \u201cEncuentro entre padres: Fortaleciendo lazos familiares, criando con amor y respeto\u201d reunir\u00e1 familias de los 19 jardines infantiles que Fundaci\u00f3n Integra tiene en la regi\u00f3n -desde Melinka a Villa O\u2019Higgins- para conversar, conocer y reflexionar sobre lo que ellos esperan de sus hijos y de ellos en este periodo.<\/p>\n<p style=\"font-weight: 400; text-align: justify;\">Por otra parte, el proyecto \u201cJugando con mis sentidos\u201d que se desarrollar\u00e1 en el jard\u00edn infantil y sala cuna \u201cCaminito Austral\u201d de la localidad de Puerto Tranquilo permitir\u00e1 la incorporaci\u00f3n de una Terapeuta Ocupacional quien estar\u00e1 a cargo de implementar una serie de actividades que potencien el desarrollo de habilidades de integraci\u00f3n sensorial de los p\u00e1rvulos del establecimiento y donde el juego ser\u00e1 el eje principal de estos aprendizajes, tomando en cuenta sus caracter\u00edsticas, intereses y entorno familiar y con materiales adecuados para estos fines.<\/p>\n<p style=\"font-weight: 400; text-align: justify;\">Cristian Almonacid, recalc\u00f3 lo importante de \u201cgenerar alianzas estrat\u00e9gicas con distintas redes de apoyo en donde nos podamos sumar todos a una causa com\u00fan que son las infancias. Tenemos un desaf\u00edo a nivel pa\u00eds y es que los ni\u00f1os vuelvan a los establecimientos educacionales. Queremos retomar la atenci\u00f3n y darle confianza a las familias de que los jardines infantiles son espacios seguros y donde los ni\u00f1os van a aprender, como ellos saben hacerlo, a trav\u00e9s del juego\u201d.<\/p>\n<p style=\"font-weight: 400; text-align: justify;\">Finalmente, cabe destacar que este 15 de marzo Fundaci\u00f3n Integra present\u00f3 dos nuevos proyectos al FNDR 8% Social Gobierno Regional, que van en la misma l\u00ednea y que son el Proyecto de Integraci\u00f3n Sensorial \u201cJugando con mis sentidos\u201d, esta vez apuntado a las comunidades de Puerto Aguirre, comuna de Puerto Ays\u00e9n y otra denominada\u00a0\u201cJornadas de Formaci\u00f3n Una Mirada de G\u00e9nero en las Infancias del Siglo XXI\u201d a nivel regional.<\/p>\n<\/div><\/section><\/div><div  style='height:50px' class='hr hr-invisible   avia-builder-el-6  el_after_av_one_full  el_before_av_social_share '><span class='hr-inner ' ><span class='hr-inner-style'><\/span><\/span><\/div><\/p>\n<div  class='av-social-sharing-box  avia-builder-el-7  el_after_av_hr  el_before_av_hr  '><div class='av-share-box'><h5 class='av-share-link-description av-no-toc '>Compartir esta noticia<\/h5><ul class='av-share-box-list noLightbox'><li class='av-share-link av-social-link-facebook' ><a target=\"_blank\" aria-label=\"Compartir en Facebook\" href='https:\/\/www.facebook.com\/sharer.php?u=https:\/\/radiorevelacionfm.cl\/?p=28966&#038;t=Fundaci%C3%B3n%20Integra%20comienza%20ejecuci%C3%B3n%20de%20dos%20proyectos%20en%20la%20regi%C3%B3n%20de%20Ays%C3%A9n' aria-hidden='false' data-av_icon='\ue8f3' data-av_iconfont='entypo-fontello' title='' data-avia-related-tooltip='Compartir en Facebook' rel=\"noopener\"><span class='avia_hidden_link_text'>Compartir en Facebook<\/span><\/a><\/li><li class='av-share-link av-social-link-twitter' ><a target=\"_blank\" aria-label=\"Compartir en Twitter\" href='https:\/\/twitter.com\/share?text=Fundaci%C3%B3n%20Integra%20comienza%20ejecuci%C3%B3n%20de%20dos%20proyectos%20en%20la%20regi%C3%B3n%20de%20Ays%C3%A9n&#038;url=https:\/\/radiorevelacionfm.cl\/?p=28966' aria-hidden='false' data-av_icon='\ue8f1' data-av_iconfont='entypo-fontello' title='' data-avia-related-tooltip='Compartir en Twitter' rel=\"noopener\"><span class='avia_hidden_link_text'>Compartir en Twitter<\/span><\/a><\/li><li class='av-share-link av-social-link-whatsapp' ><a target=\"_blank\" aria-label=\"Compartir en Whatsapp\" href='https:\/\/api.whatsapp.com\/send?text=https:\/\/radiorevelacionfm.cl\/?p=28966' aria-hidden='false' data-av_icon='\uf232' data-av_iconfont='entypo-fontello' title='' data-avia-related-tooltip='Compartir en Whatsapp' rel=\"noopener\"><span class='avia_hidden_link_text'>Compartir en Whatsapp<\/span><\/a><\/li><li class='av-share-link av-social-link-linkedin' ><a target=\"_blank\" aria-label=\"Compartir en LinkedIn\" href='https:\/\/linkedin.com\/shareArticle?mini=true&#038;title=Fundaci%C3%B3n%20Integra%20comienza%20ejecuci%C3%B3n%20de%20dos%20proyectos%20en%20la%20regi%C3%B3n%20de%20Ays%C3%A9n&#038;url=https:\/\/radiorevelacionfm.cl\/?p=28966' aria-hidden='false' data-av_icon='\ue8fc' data-av_iconfont='entypo-fontello' title='' data-avia-related-tooltip='Compartir en LinkedIn' rel=\"noopener\"><span class='avia_hidden_link_text'>Compartir en LinkedIn<\/span><\/a><\/li><li class='av-share-link av-social-link-mail' ><a  aria-label=\"Compartir por correo\" href='mailto:?subject=Fundaci%C3%B3n%20Integra%20comienza%20ejecuci%C3%B3n%20de%20dos%20proyectos%20en%20la%20regi%C3%B3n%20de%20Ays%C3%A9n&#038;body=https:\/\/radiorevelacionfm.cl\/?p=28966' aria-hidden='false' data-av_icon='\ue805' data-av_iconfont='entypo-fontello' title='' data-avia-related-tooltip='Compartir por correo'><span class='avia_hidden_link_text'>Compartir por correo<\/span><\/a><\/li><\/ul><\/div><\/div>\n<div  style='height:50px' class='hr hr-invisible   avia-builder-el-8  el_after_av_social_share  el_before_av_comments_list '><span class='hr-inner ' ><span class='hr-inner-style'><\/span><\/span><\/div>\n<div  class='av-buildercomment  av-blog-meta-html-info-disabled av-blog-meta-tag-disabled  '><\/div>\n","protected":false},"excerpt":{"rendered":"","protected":false},"author":1,"featured_media":28967,"comment_status":"open","ping_status":"open","sticky":false,"template":"","format":"standard","meta":{"footnotes":""},"categories":[49],"tags":[],"class_list":["post-28966","post","type-post","status-publish","format-standard","has-post-thumbnail","hentry","category-educacion"],"jetpack_featured_media_url":"https:\/\/radiorevelacionfm.cl\/wp-content\/uploads\/2023\/03\/IMG_6986-min-1-1.jpg","_links":{"self":[{"href":"https:\/\/radiorevelacionfm.cl\/index.php?rest_route=\/wp\/v2\/posts\/28966","targetHints":{"allow":["GET"]}}],"collection":[{"href":"https:\/\/radiorevelacionfm.cl\/index.php?rest_route=\/wp\/v2\/posts"}],"about":[{"href":"https:\/\/radiorevelacionfm.cl\/index.php?rest_route=\/wp\/v2\/types\/post"}],"author":[{"embeddable":true,"href":"https:\/\/radiorevelacionfm.cl\/index.php?rest_route=\/wp\/v2\/users\/1"}],"replies":[{"embeddable":true,"href":"https:\/\/radiorevelacionfm.cl\/index.php?rest_route=%2Fwp%2Fv2%2Fcomments&post=28966"}],"version-history":[{"count":2,"href":"https:\/\/radiorevelacionfm.cl\/index.php?rest_route=\/wp\/v2\/posts\/28966\/revisions"}],"predecessor-version":[{"id":29000,"href":"https:\/\/radiorevelacionfm.cl\/index.php?rest_route=\/wp\/v2\/posts\/28966\/revisions\/29000"}],"wp:featuredmedia":[{"embeddable":true,"href":"https:\/\/radiorevelacionfm.cl\/index.php?rest_route=\/wp\/v2\/media\/28967"}],"wp:attachment":[{"href":"https:\/\/radiorevelacionfm.cl\/index.php?rest_route=%2Fwp%2Fv2%2Fmedia&parent=28966"}],"wp:term":[{"taxonomy":"category","embeddable":true,"href":"https:\/\/radiorevelacionfm.cl\/index.php?rest_route=%2Fwp%2Fv2%2Fcategories&post=28966"},{"taxonomy":"post_tag","embeddable":true,"href":"https:\/\/radiorevelacionfm.cl\/index.php?rest_route=%2Fwp%2Fv2%2Ftags&post=28966"}],"curies":[{"name":"wp","href":"https:\/\/api.w.org\/{rel}","templated":true}]}}