{"id":28962,"date":"2023-03-16T15:55:28","date_gmt":"2023-03-16T18:55:28","guid":{"rendered":"https:\/\/radiorevelacionfm.cl\/?p=28962"},"modified":"2023-03-16T15:55:28","modified_gmt":"2023-03-16T18:55:28","slug":"con-la-emocion-del-sueno-cumplido-adulta-mayor-de-puerto-aysen-recibio-las-llaves-de-su-casa-propia","status":"publish","type":"post","link":"https:\/\/radiorevelacionfm.cl\/?p=28962","title":{"rendered":"Con la emoci\u00f3n del sue\u00f1o cumplido adulta mayor de Puerto Ays\u00e9n recibi\u00f3 las llaves de su casa propia"},"content":{"rendered":"<div class=\"flex_column av_one_full  flex_column_div av-zero-column-padding first  avia-builder-el-0  el_before_av_one_full  avia-builder-el-first  \" style='border-radius:0px; '><div  class='avia-image-container  av-styling-    avia-builder-el-1  avia-builder-el-no-sibling  avia-align-center '  itemprop=\"image\" itemscope=\"itemscope\" itemtype=\"https:\/\/schema.org\/ImageObject\"  ><div class='avia-image-container-inner'><div class='avia-image-overlay-wrap'><img decoding=\"async\" class='wp-image-28963 avia-img-lazy-loading-not-28963 avia_image' src=\"https:\/\/radiorevelacionfm.cl\/wp-content\/uploads\/2023\/03\/sonia-rain-recibiendo-llaves-de-su-casa-propia-1_optimized.jpg\" alt='' title='sonia-ra\u00edn-recibiendo-llaves-de-su-casa-propia-(1)_optimized' height=\"600\" width=\"900\"  itemprop=\"thumbnailUrl\" srcset=\"https:\/\/radiorevelacionfm.cl\/wp-content\/uploads\/2023\/03\/sonia-rain-recibiendo-llaves-de-su-casa-propia-1_optimized.jpg 900w, https:\/\/radiorevelacionfm.cl\/wp-content\/uploads\/2023\/03\/sonia-rain-recibiendo-llaves-de-su-casa-propia-1_optimized-300x200.jpg 300w, https:\/\/radiorevelacionfm.cl\/wp-content\/uploads\/2023\/03\/sonia-rain-recibiendo-llaves-de-su-casa-propia-1_optimized-768x512.jpg 768w, https:\/\/radiorevelacionfm.cl\/wp-content\/uploads\/2023\/03\/sonia-rain-recibiendo-llaves-de-su-casa-propia-1_optimized-705x470.jpg 705w, https:\/\/radiorevelacionfm.cl\/wp-content\/uploads\/2023\/03\/sonia-rain-recibiendo-llaves-de-su-casa-propia-1_optimized-600x400.jpg 600w\" sizes=\"(max-width: 900px) 100vw, 900px\" \/><\/div><\/div><\/div><\/div><div class=\"flex_column av_one_full  flex_column_div av-zero-column-padding first  avia-builder-el-2  el_after_av_one_full  el_before_av_one_full  column-top-margin\" style='border-radius:0px; '><section class=\"av_textblock_section \"  itemscope=\"itemscope\" itemtype=\"https:\/\/schema.org\/BlogPosting\" itemprop=\"blogPost\" ><div class='avia_textblock  '   itemprop=\"text\" ><p style=\"text-align: center;\"><span style=\"font-size: 18pt;\"><strong>Con la emoci\u00f3n del sue\u00f1o cumplido adulta mayor de Puerto Ays\u00e9n recibi\u00f3 las llaves de su casa propia<\/strong><\/span><\/p>\n<div id=\"gtx-trans\" style=\"position: absolute; left: -50px; top: 4.31534px;\">\n<div class=\"gtx-trans-icon\"><\/div>\n<\/div>\n<\/div><\/section><\/div><div class=\"flex_column av_one_full  flex_column_div av-zero-column-padding first  avia-builder-el-4  el_after_av_one_full  el_before_av_hr  column-top-margin\" style='border-radius:0px; '><section class=\"av_textblock_section \"  itemscope=\"itemscope\" itemtype=\"https:\/\/schema.org\/BlogPosting\" itemprop=\"blogPost\" ><div class='avia_textblock  '   itemprop=\"text\" ><p style=\"text-align: justify;\">Una nueva etapa en su vida, en una casa moderna, segura y confortable, empez\u00f3 hace algunos d\u00edas la esforzada vecina de Puerto Ays\u00e9n, Sonia Ra\u00edn Alvarez, quien recibi\u00f3 de manos de la Seremi de Vivienda, Paulina Ruz, las esperadas llaves de su casa propia, un sue\u00f1o que en el transcurso de siete meses se hizo felizmente realidad.<\/p>\n<p style=\"text-align: justify;\">Fue en agosto del a\u00f1o pasado cuando la Seremi Paulina Ruz supo de su caso y se dirigi\u00f3 hasta la direcci\u00f3n de la adulta mayor, que hab\u00eda perdido su casa en un incendio en el a\u00f1o 2003, comprobando las p\u00e9simas condiciones en que estaba viviendo, ocupando un inmueble en gran parte inhabitable, situaci\u00f3n que ameritaba una soluci\u00f3n definitiva en el menor tiempo posible.<\/p>\n<p style=\"text-align: justify;\">Fue as\u00ed como la autoridad sectorial hizo las gestiones y consigui\u00f3 un subsidio en la modalidad de Asignaci\u00f3n Directa, donde por tratarse de casos muy especiales se exime del proceso de postulaci\u00f3n, para que la Se\u00f1ora Sonia pudiera as\u00ed acceder a la construcci\u00f3n de una nueva vivienda, en el mismo lugar en que estaba su antigua casa, al final del pasaje Palena, en la Poblaci\u00f3n Pedro Aguirre Cerda.<\/p>\n<p style=\"text-align: justify;\">Para facilitar a\u00fan m\u00e1s el proceso, desde el Ministerio de Vivienda se entreg\u00f3 a la adulta mayor un subsidio de arriendo, el cual sirvi\u00f3 como apoyo para hacer m\u00e1s confortable el periodo de espera, mientras se constru\u00eda su vivienda definitiva.<\/p>\n<p style=\"text-align: justify;\">As\u00ed pasaron los meses, hasta que en los \u00faltimos d\u00edas lleg\u00f3 la entrega de llaves, emotivo momento que fue destacado por la Seremi de Vivienda Paulina Ruz, quien se mostr\u00f3 muy feliz de ver que el Gobierno sigua llegando con soluciones concretas a las familias que m\u00e1s lo necesitan. \u201cEs un final feliz, a la Se\u00f1ora Sonia la conocimos en agosto del a\u00f1o pasado. Ella ten\u00eda grandes problemas con su vivienda, la vine a visitar un d\u00eda s\u00e1bado, donde pudimos apreciar una realidad bastante fuerte, ya que ten\u00eda problemas con los cables, se llov\u00eda, hab\u00eda peligro en el segundo piso que ya estaba inhabilitado, estaba pasando fr\u00edo, pasaba el aire. Entonces nos comprometimos a ayudarla y hoy est\u00e1 el resultado. Le entregamos su casa totalmente nueva, con revestimiento, con termopanel, acondicionada para que ella pueda tener una buena calidad de vida. Este es un nuevo comienzo y tambi\u00e9n atesoramos esa sensaci\u00f3n de que con los recursos del Estado realmente estamos mejorando la vida de muchas vecinas y vecinos\u201d, manifest\u00f3.<\/p>\n<p style=\"text-align: justify;\">Sin duda la m\u00e1s feliz era la Se\u00f1ora Sonia Ra\u00edn, quien con emocionadas palabras record\u00f3 las condiciones en que estuvo por varios a\u00f1os y el gran cambio que significa tener una casa nueva para vivir con sus hijos y con uno de sus hermanos. \u201cEstoy muy contenta porque la Seremi me ayud\u00f3 mucho. Como ella me vino a ver y la casa estaba muy mala entonces ella dijo que me iba a ayudar para que saliera pronto una soluci\u00f3n, para que tenga mi casita y pueda postular a los subsidios de arriendo. Yo le dije que ojal\u00e1 porque estaba sufriendo mucho, de repente hab\u00eda tremendos vientos al punto que nos daba miedo que la casa se pudiera caer. Felicito tambi\u00e9n a los maestros, a todos los que se preocuparon por m\u00ed para que me hicieran mi casa pronto, antes de este invierno\u201d, afirm\u00f3.<\/p>\n<p style=\"text-align: justify;\">De igual forma la Se\u00f1ora Sonia agradeci\u00f3 el apoyo recibido y la oportunidad de tener una casa como la que siempre so\u00f1\u00f3. \u201cQuiero agradecer a la Seremi porque ella apur\u00f3 mucho las cosas y ya estoy aqu\u00ed recibiendo las llaves de mi casa y darle las gracias a Dios por todo. Esta casa es muy preciosa, muy abrigada, no como la otra que no ten\u00eda nada, que entraba el fr\u00edo por todos lados, estaba toda ca\u00edda porque cuando hubo un temblor grande se fueron todos los palos para abajo, as\u00ed que la casa estaba afirmada en la tierra, o m\u00e1s bien la estaba sosteniendo el ba\u00f1o. Entonces ese era el miedo que ten\u00eda, cuando hab\u00eda viento que se caiga la casa y yo me quede abajo y por eso ahora estoy tan emocionada\u201d, asegur\u00f3.<\/p>\n<p style=\"text-align: justify;\">Tras hacer un recorrido por el inmueble, que cuenta con aislaci\u00f3n t\u00e9rmica de primer nivel, adem\u00e1s de piso flotante en las piezas y cer\u00e1micas en cocina y ba\u00f1o, la Se\u00f1ora Sonia se comprometi\u00f3 a cuidar su nuevo hogar, para lo cual esperaba trasladar su cocina y su cama esa misma tarde, para empezar desde ya a disfrutar la nueva vida que se merece y que so\u00f1aba por tantos a\u00f1os.<\/p>\n<\/div><\/section><\/div><div  style='height:50px' class='hr hr-invisible   avia-builder-el-6  el_after_av_one_full  el_before_av_social_share '><span class='hr-inner ' ><span class='hr-inner-style'><\/span><\/span><\/div><\/p>\n<div  class='av-social-sharing-box  avia-builder-el-7  el_after_av_hr  el_before_av_hr  '><div class='av-share-box'><h5 class='av-share-link-description av-no-toc '>Compartir esta noticia<\/h5><ul class='av-share-box-list noLightbox'><li class='av-share-link av-social-link-facebook' ><a target=\"_blank\" aria-label=\"Compartir en Facebook\" href='https:\/\/www.facebook.com\/sharer.php?u=https:\/\/radiorevelacionfm.cl\/?p=28962&#038;t=Con%20la%20emoci%C3%B3n%20del%20sue%C3%B1o%20cumplido%20adulta%20mayor%20de%20Puerto%20Ays%C3%A9n%20recibi%C3%B3%20las%20llaves%20de%20su%20casa%20propia' aria-hidden='false' data-av_icon='\ue8f3' data-av_iconfont='entypo-fontello' title='' data-avia-related-tooltip='Compartir en Facebook' rel=\"noopener\"><span class='avia_hidden_link_text'>Compartir en Facebook<\/span><\/a><\/li><li class='av-share-link av-social-link-twitter' ><a target=\"_blank\" aria-label=\"Compartir en Twitter\" href='https:\/\/twitter.com\/share?text=Con%20la%20emoci%C3%B3n%20del%20sue%C3%B1o%20cumplido%20adulta%20mayor%20de%20Puerto%20Ays%C3%A9n%20recibi%C3%B3%20las%20llaves%20de%20su%20casa%20propia&#038;url=https:\/\/radiorevelacionfm.cl\/?p=28962' aria-hidden='false' data-av_icon='\ue8f1' data-av_iconfont='entypo-fontello' title='' data-avia-related-tooltip='Compartir en Twitter' rel=\"noopener\"><span class='avia_hidden_link_text'>Compartir en Twitter<\/span><\/a><\/li><li class='av-share-link av-social-link-whatsapp' ><a target=\"_blank\" aria-label=\"Compartir en Whatsapp\" href='https:\/\/api.whatsapp.com\/send?text=https:\/\/radiorevelacionfm.cl\/?p=28962' aria-hidden='false' data-av_icon='\uf232' data-av_iconfont='entypo-fontello' title='' data-avia-related-tooltip='Compartir en Whatsapp' rel=\"noopener\"><span class='avia_hidden_link_text'>Compartir en Whatsapp<\/span><\/a><\/li><li class='av-share-link av-social-link-linkedin' ><a target=\"_blank\" aria-label=\"Compartir en LinkedIn\" href='https:\/\/linkedin.com\/shareArticle?mini=true&#038;title=Con%20la%20emoci%C3%B3n%20del%20sue%C3%B1o%20cumplido%20adulta%20mayor%20de%20Puerto%20Ays%C3%A9n%20recibi%C3%B3%20las%20llaves%20de%20su%20casa%20propia&#038;url=https:\/\/radiorevelacionfm.cl\/?p=28962' aria-hidden='false' data-av_icon='\ue8fc' data-av_iconfont='entypo-fontello' title='' data-avia-related-tooltip='Compartir en LinkedIn' rel=\"noopener\"><span class='avia_hidden_link_text'>Compartir en LinkedIn<\/span><\/a><\/li><li class='av-share-link av-social-link-mail' ><a  aria-label=\"Compartir por correo\" href='mailto:?subject=Con%20la%20emoci%C3%B3n%20del%20sue%C3%B1o%20cumplido%20adulta%20mayor%20de%20Puerto%20Ays%C3%A9n%20recibi%C3%B3%20las%20llaves%20de%20su%20casa%20propia&#038;body=https:\/\/radiorevelacionfm.cl\/?p=28962' aria-hidden='false' data-av_icon='\ue805' data-av_iconfont='entypo-fontello' title='' data-avia-related-tooltip='Compartir por correo'><span class='avia_hidden_link_text'>Compartir por correo<\/span><\/a><\/li><\/ul><\/div><\/div>\n<div  style='height:50px' class='hr hr-invisible   avia-builder-el-8  el_after_av_social_share  el_before_av_comments_list '><span class='hr-inner ' ><span class='hr-inner-style'><\/span><\/span><\/div>\n<div  class='av-buildercomment  av-blog-meta-html-info-disabled av-blog-meta-tag-disabled  '><\/div>\n","protected":false},"excerpt":{"rendered":"","protected":false},"author":1,"featured_media":28963,"comment_status":"open","ping_status":"open","sticky":false,"template":"","format":"standard","meta":{"footnotes":""},"categories":[57],"tags":[],"class_list":["post-28962","post","type-post","status-publish","format-standard","has-post-thumbnail","hentry","category-vivienda"],"jetpack_featured_media_url":"https:\/\/radiorevelacionfm.cl\/wp-content\/uploads\/2023\/03\/sonia-rain-recibiendo-llaves-de-su-casa-propia-1_optimized.jpg","_links":{"self":[{"href":"https:\/\/radiorevelacionfm.cl\/index.php?rest_route=\/wp\/v2\/posts\/28962","targetHints":{"allow":["GET"]}}],"collection":[{"href":"https:\/\/radiorevelacionfm.cl\/index.php?rest_route=\/wp\/v2\/posts"}],"about":[{"href":"https:\/\/radiorevelacionfm.cl\/index.php?rest_route=\/wp\/v2\/types\/post"}],"author":[{"embeddable":true,"href":"https:\/\/radiorevelacionfm.cl\/index.php?rest_route=\/wp\/v2\/users\/1"}],"replies":[{"embeddable":true,"href":"https:\/\/radiorevelacionfm.cl\/index.php?rest_route=%2Fwp%2Fv2%2Fcomments&post=28962"}],"version-history":[{"count":2,"href":"https:\/\/radiorevelacionfm.cl\/index.php?rest_route=\/wp\/v2\/posts\/28962\/revisions"}],"predecessor-version":[{"id":28965,"href":"https:\/\/radiorevelacionfm.cl\/index.php?rest_route=\/wp\/v2\/posts\/28962\/revisions\/28965"}],"wp:featuredmedia":[{"embeddable":true,"href":"https:\/\/radiorevelacionfm.cl\/index.php?rest_route=\/wp\/v2\/media\/28963"}],"wp:attachment":[{"href":"https:\/\/radiorevelacionfm.cl\/index.php?rest_route=%2Fwp%2Fv2%2Fmedia&parent=28962"}],"wp:term":[{"taxonomy":"category","embeddable":true,"href":"https:\/\/radiorevelacionfm.cl\/index.php?rest_route=%2Fwp%2Fv2%2Fcategories&post=28962"},{"taxonomy":"post_tag","embeddable":true,"href":"https:\/\/radiorevelacionfm.cl\/index.php?rest_route=%2Fwp%2Fv2%2Ftags&post=28962"}],"curies":[{"name":"wp","href":"https:\/\/api.w.org\/{rel}","templated":true}]}}