{"id":28959,"date":"2023-03-16T19:32:23","date_gmt":"2023-03-16T22:32:23","guid":{"rendered":"https:\/\/radiorevelacionfm.cl\/?p=28959"},"modified":"2023-03-16T19:32:23","modified_gmt":"2023-03-16T22:32:23","slug":"comienza-distribucion-de-guias-pedagogicas-de-educacion-ambiental-en-raul-marin-balmaceda","status":"publish","type":"post","link":"https:\/\/radiorevelacionfm.cl\/?p=28959","title":{"rendered":"Comienza distribuci\u00f3n de gu\u00edas pedag\u00f3gicas de educaci\u00f3n ambiental en Ra\u00fal Mar\u00edn Balmaceda"},"content":{"rendered":"<div class=\"flex_column av_one_full  flex_column_div av-zero-column-padding first  avia-builder-el-0  el_before_av_one_full  avia-builder-el-first  \" style='border-radius:0px; '><div  class='avia-image-container  av-styling-    avia-builder-el-1  avia-builder-el-no-sibling  avia-align-center '  itemprop=\"image\" itemscope=\"itemscope\" itemtype=\"https:\/\/schema.org\/ImageObject\"  ><div class='avia-image-container-inner'><div class='avia-image-overlay-wrap'><img decoding=\"async\" class='wp-image-28960 avia-img-lazy-loading-not-28960 avia_image' src=\"https:\/\/radiorevelacionfm.cl\/wp-content\/uploads\/2023\/03\/DSC_8949-1-1.jpg\" alt='' title='DSC_8949 (1) (1)' height=\"600\" width=\"906\"  itemprop=\"thumbnailUrl\" srcset=\"https:\/\/radiorevelacionfm.cl\/wp-content\/uploads\/2023\/03\/DSC_8949-1-1.jpg 906w, https:\/\/radiorevelacionfm.cl\/wp-content\/uploads\/2023\/03\/DSC_8949-1-1-300x199.jpg 300w, https:\/\/radiorevelacionfm.cl\/wp-content\/uploads\/2023\/03\/DSC_8949-1-1-768x509.jpg 768w, https:\/\/radiorevelacionfm.cl\/wp-content\/uploads\/2023\/03\/DSC_8949-1-1-705x467.jpg 705w, https:\/\/radiorevelacionfm.cl\/wp-content\/uploads\/2023\/03\/DSC_8949-1-1-600x397.jpg 600w\" sizes=\"(max-width: 906px) 100vw, 906px\" \/><\/div><\/div><\/div><\/div><div class=\"flex_column av_one_full  flex_column_div av-zero-column-padding first  avia-builder-el-2  el_after_av_one_full  el_before_av_one_full  column-top-margin\" style='border-radius:0px; '><section class=\"av_textblock_section \"  itemscope=\"itemscope\" itemtype=\"https:\/\/schema.org\/BlogPosting\" itemprop=\"blogPost\" ><div class='avia_textblock  '   itemprop=\"text\" ><p style=\"text-align: center;\"><strong><span style=\"font-size: 18pt;\">Comienza distribuci\u00f3n de gu\u00edas pedag\u00f3gicas de educaci\u00f3n ambiental en Ra\u00fal Mar\u00edn Balmaceda<\/span><\/strong><\/p>\n<div id=\"gtx-trans\" style=\"position: absolute; left: -50px; top: 4.31534px;\"><\/div>\n<\/div><\/section><\/div><div class=\"flex_column av_one_full  flex_column_div av-zero-column-padding first  avia-builder-el-4  el_after_av_one_full  el_before_av_hr  column-top-margin\" style='border-radius:0px; '><section class=\"av_textblock_section \"  itemscope=\"itemscope\" itemtype=\"https:\/\/schema.org\/BlogPosting\" itemprop=\"blogPost\" ><div class='avia_textblock  '   itemprop=\"text\" ><p style=\"text-align: justify;\">El programa FNDR \u201cDifusi\u00f3n y Educaci\u00f3n Ambiental en Calidad del Aire\u201d ejecutado por la SEREMI del Medio Ambiente de Ays\u00e9n, y financiado por el Gobierno Regional y su Consejo, ha considerado dentro de sus productos de intervenci\u00f3n la creaci\u00f3n de una serie de gu\u00edas de apoyo docente para acompa\u00f1ar el aprendizaje en medio ambiente y calidad del aire en cada ciclo de la vida estudiantil. As\u00ed, el material creado especialmente para fortalecer la educaci\u00f3n ambiental en calidad del aire, comprende una gu\u00eda para educaci\u00f3n parvularia, una para el primer ciclo de ense\u00f1anza b\u00e1sica y otra para el segundo ciclo de ense\u00f1anza b\u00e1sica, y otra m\u00e1s para educaci\u00f3n media; sirviendo como material de apoyo pedag\u00f3gico en aula proponiendo diferentes estrategias did\u00e1cticas y actividades situadas en el contexto regional, que pueden ser incorporadas en el contexto curricular.<\/p>\n<p style=\"text-align: justify;\">El SEREMI del Medio Ambiente, Juli\u00e1n C\u00e1rdenas explic\u00f3 que la educaci\u00f3n ambiental es un proceso permanente e interdisciplinario destinado a formar una ciudadan\u00eda con conceptos claros y que desarrolle valores que aseguren una convivencia arm\u00f3nica entre las personas y su medio ambiente, para as\u00ed aportar a la reducci\u00f3n de los niveles de contaminaci\u00f3n del aire en toda la Regi\u00f3n de Ays\u00e9n, resaltando que el programa FNDR aborda especialmente a los establecimientos educacionales, mediante su l\u00ednea de educaci\u00f3n formal realizando charlas, talleres, jornadas y encuentros, pero tambi\u00e9n mediante material como el que hoy se entrega a los centros educativos.<\/p>\n<p style=\"text-align: justify;\">La SEREMI del Medio Ambiente ya comenz\u00f3 la distribuci\u00f3n de las gu\u00edas, siendo el primer destino la Patagonia norte, y espec\u00edficamente la localidad de Puerto Ra\u00fal Mar\u00edn Balmaceda, donde los y las profesionales del \u00e1rea de educaci\u00f3n ambiental compartieron y describieron el material a docentes, educadores, familias, ni\u00f1os y ni\u00f1as del jard\u00edn infantil Cuncunita y la escuela Amanda Labarca Huberstone, ambos establecimientos con certificaci\u00f3n ambiental del Ministerio del Medio Ambiente.<\/p>\n<p style=\"text-align: justify;\">\u201cNos trajeron bastante material que podemos trabajar con nuestros profesores y especialmente con nuestros estudiantes que son nuestro principal foco (\u2026) somos una escuela que cuenta con certificaci\u00f3n ambiental de excelencia como sello de nuestro proyecto educativo\u201d, declar\u00f3 el Encargado de la escuela Amanda Labarca Huberstone, Marcelo Godoy agradeciendo el material y destacando el trabajo hist\u00f3rico realizado por los y las estudiantes en materia de reciclaje, invernadero y otros.<\/p>\n<p style=\"text-align: justify;\">Por su parte la Directora del jard\u00edn infantil JUNI Cuncunita, Marilyn Illesca destac\u00f3 lo espec\u00edfico de las gu\u00edas en el abordaje por niveles, \u201cmuy importante el material, estoy muy agradecida porque faltaba material para trabajar en la primera infancia, todo lo que es el tema medioambiental, que adem\u00e1s es el sello educativo de nuestro jard\u00edn infantil\u201d, agradeci\u00f3.<\/p>\n<p style=\"text-align: justify;\">Durante los pr\u00f3ximos meses este material ser\u00e1 distribuido en los diversos establecimientos educacionales de la regi\u00f3n de Ays\u00e9n, para que puedan ser repartidos entre los equipos docentes, as\u00ed tambi\u00e9n el material fue ideado para ser acompa\u00f1ado de canciones y recursos audiovisuales, apoyos disponibles en la p\u00e1gina web airecoyhaique.mma.gob.cl.<\/p>\n<\/div><\/section><\/div><div  style='height:50px' class='hr hr-invisible   avia-builder-el-6  el_after_av_one_full  el_before_av_social_share '><span class='hr-inner ' ><span class='hr-inner-style'><\/span><\/span><\/div><\/p>\n<div  class='av-social-sharing-box  avia-builder-el-7  el_after_av_hr  el_before_av_hr  '><div class='av-share-box'><h5 class='av-share-link-description av-no-toc '>Compartir esta noticia<\/h5><ul class='av-share-box-list noLightbox'><li class='av-share-link av-social-link-facebook' ><a target=\"_blank\" aria-label=\"Compartir en Facebook\" href='https:\/\/www.facebook.com\/sharer.php?u=https:\/\/radiorevelacionfm.cl\/?p=28959&#038;t=Comienza%20distribuci%C3%B3n%20de%20gu%C3%ADas%20pedag%C3%B3gicas%20de%20educaci%C3%B3n%20ambiental%20en%20Ra%C3%BAl%20Mar%C3%ADn%20Balmaceda' aria-hidden='false' data-av_icon='\ue8f3' data-av_iconfont='entypo-fontello' title='' data-avia-related-tooltip='Compartir en Facebook' rel=\"noopener\"><span class='avia_hidden_link_text'>Compartir en Facebook<\/span><\/a><\/li><li class='av-share-link av-social-link-twitter' ><a target=\"_blank\" aria-label=\"Compartir en Twitter\" href='https:\/\/twitter.com\/share?text=Comienza%20distribuci%C3%B3n%20de%20gu%C3%ADas%20pedag%C3%B3gicas%20de%20educaci%C3%B3n%20ambiental%20en%20Ra%C3%BAl%20Mar%C3%ADn%20Balmaceda&#038;url=https:\/\/radiorevelacionfm.cl\/?p=28959' aria-hidden='false' data-av_icon='\ue8f1' data-av_iconfont='entypo-fontello' title='' data-avia-related-tooltip='Compartir en Twitter' rel=\"noopener\"><span class='avia_hidden_link_text'>Compartir en Twitter<\/span><\/a><\/li><li class='av-share-link av-social-link-whatsapp' ><a target=\"_blank\" aria-label=\"Compartir en Whatsapp\" href='https:\/\/api.whatsapp.com\/send?text=https:\/\/radiorevelacionfm.cl\/?p=28959' aria-hidden='false' data-av_icon='\uf232' data-av_iconfont='entypo-fontello' title='' data-avia-related-tooltip='Compartir en Whatsapp' rel=\"noopener\"><span class='avia_hidden_link_text'>Compartir en Whatsapp<\/span><\/a><\/li><li class='av-share-link av-social-link-linkedin' ><a target=\"_blank\" aria-label=\"Compartir en LinkedIn\" href='https:\/\/linkedin.com\/shareArticle?mini=true&#038;title=Comienza%20distribuci%C3%B3n%20de%20gu%C3%ADas%20pedag%C3%B3gicas%20de%20educaci%C3%B3n%20ambiental%20en%20Ra%C3%BAl%20Mar%C3%ADn%20Balmaceda&#038;url=https:\/\/radiorevelacionfm.cl\/?p=28959' aria-hidden='false' data-av_icon='\ue8fc' data-av_iconfont='entypo-fontello' title='' data-avia-related-tooltip='Compartir en LinkedIn' rel=\"noopener\"><span class='avia_hidden_link_text'>Compartir en LinkedIn<\/span><\/a><\/li><li class='av-share-link av-social-link-mail' ><a  aria-label=\"Compartir por correo\" href='mailto:?subject=Comienza%20distribuci%C3%B3n%20de%20gu%C3%ADas%20pedag%C3%B3gicas%20de%20educaci%C3%B3n%20ambiental%20en%20Ra%C3%BAl%20Mar%C3%ADn%20Balmaceda&#038;body=https:\/\/radiorevelacionfm.cl\/?p=28959' aria-hidden='false' data-av_icon='\ue805' data-av_iconfont='entypo-fontello' title='' data-avia-related-tooltip='Compartir por correo'><span class='avia_hidden_link_text'>Compartir por correo<\/span><\/a><\/li><\/ul><\/div><\/div>\n<div  style='height:50px' class='hr hr-invisible   avia-builder-el-8  el_after_av_social_share  el_before_av_comments_list '><span class='hr-inner ' ><span class='hr-inner-style'><\/span><\/span><\/div>\n<div  class='av-buildercomment  av-blog-meta-html-info-disabled av-blog-meta-tag-disabled  '><\/div>\n","protected":false},"excerpt":{"rendered":"","protected":false},"author":1,"featured_media":28960,"comment_status":"open","ping_status":"open","sticky":false,"template":"","format":"standard","meta":{"footnotes":""},"categories":[39],"tags":[],"class_list":["post-28959","post","type-post","status-publish","format-standard","has-post-thumbnail","hentry","category-medio-ambiente"],"jetpack_featured_media_url":"https:\/\/radiorevelacionfm.cl\/wp-content\/uploads\/2023\/03\/DSC_8949-1-1.jpg","_links":{"self":[{"href":"https:\/\/radiorevelacionfm.cl\/index.php?rest_route=\/wp\/v2\/posts\/28959","targetHints":{"allow":["GET"]}}],"collection":[{"href":"https:\/\/radiorevelacionfm.cl\/index.php?rest_route=\/wp\/v2\/posts"}],"about":[{"href":"https:\/\/radiorevelacionfm.cl\/index.php?rest_route=\/wp\/v2\/types\/post"}],"author":[{"embeddable":true,"href":"https:\/\/radiorevelacionfm.cl\/index.php?rest_route=\/wp\/v2\/users\/1"}],"replies":[{"embeddable":true,"href":"https:\/\/radiorevelacionfm.cl\/index.php?rest_route=%2Fwp%2Fv2%2Fcomments&post=28959"}],"version-history":[{"count":2,"href":"https:\/\/radiorevelacionfm.cl\/index.php?rest_route=\/wp\/v2\/posts\/28959\/revisions"}],"predecessor-version":[{"id":28992,"href":"https:\/\/radiorevelacionfm.cl\/index.php?rest_route=\/wp\/v2\/posts\/28959\/revisions\/28992"}],"wp:featuredmedia":[{"embeddable":true,"href":"https:\/\/radiorevelacionfm.cl\/index.php?rest_route=\/wp\/v2\/media\/28960"}],"wp:attachment":[{"href":"https:\/\/radiorevelacionfm.cl\/index.php?rest_route=%2Fwp%2Fv2%2Fmedia&parent=28959"}],"wp:term":[{"taxonomy":"category","embeddable":true,"href":"https:\/\/radiorevelacionfm.cl\/index.php?rest_route=%2Fwp%2Fv2%2Fcategories&post=28959"},{"taxonomy":"post_tag","embeddable":true,"href":"https:\/\/radiorevelacionfm.cl\/index.php?rest_route=%2Fwp%2Fv2%2Ftags&post=28959"}],"curies":[{"name":"wp","href":"https:\/\/api.w.org\/{rel}","templated":true}]}}