{"id":28955,"date":"2023-03-16T19:03:16","date_gmt":"2023-03-16T22:03:16","guid":{"rendered":"https:\/\/radiorevelacionfm.cl\/?p=28955"},"modified":"2023-03-16T19:03:16","modified_gmt":"2023-03-16T22:03:16","slug":"destacan-record-de-postulaciones-al-8-del-fondo-nacional-de-desarrollo-regional","status":"publish","type":"post","link":"https:\/\/radiorevelacionfm.cl\/?p=28955","title":{"rendered":"Destacan r\u00e9cord de postulaciones al 8% del Fondo Nacional de Desarrollo Regional"},"content":{"rendered":"<div class=\"flex_column av_one_full  flex_column_div av-zero-column-padding first  avia-builder-el-0  el_before_av_one_full  avia-builder-el-first  \" style='border-radius:0px; '><div  class='avia-image-container  av-styling-    avia-builder-el-1  avia-builder-el-no-sibling  avia-align-center '  itemprop=\"image\" itemscope=\"itemscope\" itemtype=\"https:\/\/schema.org\/ImageObject\"  ><div class='avia-image-container-inner'><div class='avia-image-overlay-wrap'><img decoding=\"async\" class='wp-image-28956 avia-img-lazy-loading-not-28956 avia_image' src=\"https:\/\/radiorevelacionfm.cl\/wp-content\/uploads\/2023\/03\/8\ufffd-2-1_optimized-1.jpeg\" alt='' title='8\ufffd-2-(1)_optimized (1)' height=\"600\" width=\"901\"  itemprop=\"thumbnailUrl\" srcset=\"https:\/\/radiorevelacionfm.cl\/wp-content\/uploads\/2023\/03\/8\ufffd-2-1_optimized-1.jpeg 901w, https:\/\/radiorevelacionfm.cl\/wp-content\/uploads\/2023\/03\/8\ufffd-2-1_optimized-1-300x200.jpeg 300w, https:\/\/radiorevelacionfm.cl\/wp-content\/uploads\/2023\/03\/8\ufffd-2-1_optimized-1-768x511.jpeg 768w, https:\/\/radiorevelacionfm.cl\/wp-content\/uploads\/2023\/03\/8\ufffd-2-1_optimized-1-705x469.jpeg 705w, https:\/\/radiorevelacionfm.cl\/wp-content\/uploads\/2023\/03\/8\ufffd-2-1_optimized-1-600x400.jpeg 600w\" sizes=\"(max-width: 901px) 100vw, 901px\" \/><\/div><\/div><\/div><\/div><div class=\"flex_column av_one_full  flex_column_div av-zero-column-padding first  avia-builder-el-2  el_after_av_one_full  el_before_av_one_full  column-top-margin\" style='border-radius:0px; '><section class=\"av_textblock_section \"  itemscope=\"itemscope\" itemtype=\"https:\/\/schema.org\/BlogPosting\" itemprop=\"blogPost\" ><div class='avia_textblock  '   itemprop=\"text\" ><p style=\"text-align: center;\"><strong><span style=\"font-size: 18pt;\">Destacan r\u00e9cord de postulaciones al 8% del Fondo Nacional de Desarrollo Regional<\/span><\/strong><\/p>\n<div id=\"gtx-trans\" style=\"position: absolute; left: -50px; top: 4.31534px;\">\n<div class=\"gtx-trans-icon\"><\/div>\n<\/div>\n<\/div><\/section><\/div><div class=\"flex_column av_one_full  flex_column_div av-zero-column-padding first  avia-builder-el-4  el_after_av_one_full  el_before_av_hr  column-top-margin\" style='border-radius:0px; '><section class=\"av_textblock_section \"  itemscope=\"itemscope\" itemtype=\"https:\/\/schema.org\/BlogPosting\" itemprop=\"blogPost\" ><div class='avia_textblock  '   itemprop=\"text\" ><p dir=\"ltr\" style=\"text-align: justify;\">La Gobernadora Regional de Ays\u00e9n, Andrea Mac\u00edas Palma, se refiri\u00f3 a la hist\u00f3rica cantidad de postulaciones de organizaciones recibidas por el Gobierno Regional para iniciativas que buscan financiamiento del 8% del Fondo Nacional de Desarrollo Regional (FNDR), destinado precisamente para apoyar actividades de car\u00e1cter social levantadas por la comunidad.<\/p>\n<p dir=\"ltr\" style=\"text-align: justify;\">\u00abQuiero agradecer a todas aquellas organizaciones que participaron de nuestro 8% en este proceso concursal a\u00f1o 2023. Hemos recepcionado cerca de 800 iniciativas, lo que nos muestra que efectivamente existe una valoraci\u00f3n por nuestro 8%, que las distintas organizaciones est\u00e1n con la disposici\u00f3n de trabajar de manera conjunta con nuestro Gobierno Regional\u00bb, inform\u00f3 la Gobernadora.<\/p>\n<p dir=\"ltr\" style=\"text-align: justify;\">La cantidad de concursantes al fondo super\u00f3 con creces a los dos llamados del a\u00f1o pasado donde se recepcionaron en total, entre ambos, 678 postulaciones, por lo que la cantidad de este 2023 super\u00f3 con creces las expectativas..<\/p>\n<p dir=\"ltr\" style=\"text-align: justify;\">\u00abLo que dijimos el a\u00f1o pasado, que el 7% \u2014actual 8%\u2014 cambi\u00f3, viene a ratificar la necesidad de haber ampliado, de generar los cambios que se hicieron, para poder incorporar a aquellos grupos prioritarios, entendiendo que el 8% es inversi\u00f3n en desarrollo humano, y que la inversi\u00f3n p\u00fablica tambi\u00e9n debe servir para poder reducir aquellas brechas que tengan los grupos m\u00e1s vulnerables\u00bb, recalc\u00f3 la m\u00e1xima autoridad regional.<\/p>\n<p dir=\"ltr\" style=\"text-align: justify;\">Hace ya m\u00e1s de diez a\u00f1os, s\u00f3lo un 2% del Fondo Nacional de Desarrollo Regional (FNDR) se destinaba para este tipo de actividades. El porcentaje ha ido aumentando gradualmente gracias a las gestiones realizadas por las y los Gobernadores y Gobernadoras Regionales y sus Consejos Regionales. En 2022 ya se contaba con un 7%, y para el 2023 hablamos de un 8%, lo que significa un aumento de M$1.046.290 con respecto al a\u00f1o pasado.<\/p>\n<p dir=\"ltr\" style=\"text-align: justify;\">La Gobernadora Andrea Mac\u00edas Palma, tambi\u00e9n destac\u00f3 el gran rol desarrollado por la Divisi\u00f3n de Desarrollo Social y Humano (DIDESOH) del Gobierno Regional, que realiza las gestiones para el 8% FNDR.<\/p>\n<div style=\"text-align: justify;\"><\/div>\n<\/div><\/section><\/div><div  style='height:50px' class='hr hr-invisible   avia-builder-el-6  el_after_av_one_full  el_before_av_social_share '><span class='hr-inner ' ><span class='hr-inner-style'><\/span><\/span><\/div><\/p>\n<div  class='av-social-sharing-box  avia-builder-el-7  el_after_av_hr  el_before_av_hr  '><div class='av-share-box'><h5 class='av-share-link-description av-no-toc '>Compartir esta noticia<\/h5><ul class='av-share-box-list noLightbox'><li class='av-share-link av-social-link-facebook' ><a target=\"_blank\" aria-label=\"Compartir en Facebook\" href='https:\/\/www.facebook.com\/sharer.php?u=https:\/\/radiorevelacionfm.cl\/?p=28955&#038;t=Destacan%20r%C3%A9cord%20de%20postulaciones%20al%208%25%20del%20Fondo%20Nacional%20de%20Desarrollo%20Regional' aria-hidden='false' data-av_icon='\ue8f3' data-av_iconfont='entypo-fontello' title='' data-avia-related-tooltip='Compartir en Facebook' rel=\"noopener\"><span class='avia_hidden_link_text'>Compartir en Facebook<\/span><\/a><\/li><li class='av-share-link av-social-link-twitter' ><a target=\"_blank\" aria-label=\"Compartir en Twitter\" href='https:\/\/twitter.com\/share?text=Destacan%20r%C3%A9cord%20de%20postulaciones%20al%208%25%20del%20Fondo%20Nacional%20de%20Desarrollo%20Regional&#038;url=https:\/\/radiorevelacionfm.cl\/?p=28955' aria-hidden='false' data-av_icon='\ue8f1' data-av_iconfont='entypo-fontello' title='' data-avia-related-tooltip='Compartir en Twitter' rel=\"noopener\"><span class='avia_hidden_link_text'>Compartir en Twitter<\/span><\/a><\/li><li class='av-share-link av-social-link-whatsapp' ><a target=\"_blank\" aria-label=\"Compartir en Whatsapp\" href='https:\/\/api.whatsapp.com\/send?text=https:\/\/radiorevelacionfm.cl\/?p=28955' aria-hidden='false' data-av_icon='\uf232' data-av_iconfont='entypo-fontello' title='' data-avia-related-tooltip='Compartir en Whatsapp' rel=\"noopener\"><span class='avia_hidden_link_text'>Compartir en Whatsapp<\/span><\/a><\/li><li class='av-share-link av-social-link-linkedin' ><a target=\"_blank\" aria-label=\"Compartir en LinkedIn\" href='https:\/\/linkedin.com\/shareArticle?mini=true&#038;title=Destacan%20r%C3%A9cord%20de%20postulaciones%20al%208%25%20del%20Fondo%20Nacional%20de%20Desarrollo%20Regional&#038;url=https:\/\/radiorevelacionfm.cl\/?p=28955' aria-hidden='false' data-av_icon='\ue8fc' data-av_iconfont='entypo-fontello' title='' data-avia-related-tooltip='Compartir en LinkedIn' rel=\"noopener\"><span class='avia_hidden_link_text'>Compartir en LinkedIn<\/span><\/a><\/li><li class='av-share-link av-social-link-mail' ><a  aria-label=\"Compartir por correo\" href='mailto:?subject=Destacan%20r%C3%A9cord%20de%20postulaciones%20al%208%25%20del%20Fondo%20Nacional%20de%20Desarrollo%20Regional&#038;body=https:\/\/radiorevelacionfm.cl\/?p=28955' aria-hidden='false' data-av_icon='\ue805' data-av_iconfont='entypo-fontello' title='' data-avia-related-tooltip='Compartir por correo'><span class='avia_hidden_link_text'>Compartir por correo<\/span><\/a><\/li><\/ul><\/div><\/div>\n<div  style='height:50px' class='hr hr-invisible   avia-builder-el-8  el_after_av_social_share  el_before_av_comments_list '><span class='hr-inner ' ><span class='hr-inner-style'><\/span><\/span><\/div>\n<div  class='av-buildercomment  av-blog-meta-html-info-disabled av-blog-meta-tag-disabled  '><\/div>\n","protected":false},"excerpt":{"rendered":"","protected":false},"author":1,"featured_media":28956,"comment_status":"open","ping_status":"open","sticky":false,"template":"","format":"standard","meta":{"footnotes":""},"categories":[38],"tags":[],"class_list":["post-28955","post","type-post","status-publish","format-standard","has-post-thumbnail","hentry","category-regional"],"jetpack_featured_media_url":"https:\/\/radiorevelacionfm.cl\/wp-content\/uploads\/2023\/03\/8\ufffd-2-1_optimized-1.jpeg","_links":{"self":[{"href":"https:\/\/radiorevelacionfm.cl\/index.php?rest_route=\/wp\/v2\/posts\/28955","targetHints":{"allow":["GET"]}}],"collection":[{"href":"https:\/\/radiorevelacionfm.cl\/index.php?rest_route=\/wp\/v2\/posts"}],"about":[{"href":"https:\/\/radiorevelacionfm.cl\/index.php?rest_route=\/wp\/v2\/types\/post"}],"author":[{"embeddable":true,"href":"https:\/\/radiorevelacionfm.cl\/index.php?rest_route=\/wp\/v2\/users\/1"}],"replies":[{"embeddable":true,"href":"https:\/\/radiorevelacionfm.cl\/index.php?rest_route=%2Fwp%2Fv2%2Fcomments&post=28955"}],"version-history":[{"count":2,"href":"https:\/\/radiorevelacionfm.cl\/index.php?rest_route=\/wp\/v2\/posts\/28955\/revisions"}],"predecessor-version":[{"id":28991,"href":"https:\/\/radiorevelacionfm.cl\/index.php?rest_route=\/wp\/v2\/posts\/28955\/revisions\/28991"}],"wp:featuredmedia":[{"embeddable":true,"href":"https:\/\/radiorevelacionfm.cl\/index.php?rest_route=\/wp\/v2\/media\/28956"}],"wp:attachment":[{"href":"https:\/\/radiorevelacionfm.cl\/index.php?rest_route=%2Fwp%2Fv2%2Fmedia&parent=28955"}],"wp:term":[{"taxonomy":"category","embeddable":true,"href":"https:\/\/radiorevelacionfm.cl\/index.php?rest_route=%2Fwp%2Fv2%2Fcategories&post=28955"},{"taxonomy":"post_tag","embeddable":true,"href":"https:\/\/radiorevelacionfm.cl\/index.php?rest_route=%2Fwp%2Fv2%2Ftags&post=28955"}],"curies":[{"name":"wp","href":"https:\/\/api.w.org\/{rel}","templated":true}]}}