{"id":28952,"date":"2023-03-18T11:57:11","date_gmt":"2023-03-18T14:57:11","guid":{"rendered":"https:\/\/radiorevelacionfm.cl\/?p=28952"},"modified":"2023-03-18T12:00:04","modified_gmt":"2023-03-18T15:00:04","slug":"municipalidad-de-aysen-modifica-su-horario-de-atencion-a-publico","status":"publish","type":"post","link":"https:\/\/radiorevelacionfm.cl\/?p=28952","title":{"rendered":"Informan modificaci\u00f3n de horario de atenci\u00f3n a p\u00fablico en Municipalidad de Ays\u00e9n"},"content":{"rendered":"<div class=\"flex_column av_one_full  flex_column_div av-zero-column-padding first  avia-builder-el-0  el_before_av_one_full  avia-builder-el-first  \" style='border-radius:0px; '><div  class='avia-image-container  av-styling-    avia-builder-el-1  avia-builder-el-no-sibling  avia-align-center '  itemprop=\"image\" itemscope=\"itemscope\" itemtype=\"https:\/\/schema.org\/ImageObject\"  ><div class='avia-image-container-inner'><div class='avia-image-overlay-wrap'><img decoding=\"async\" class='wp-image-28953 avia-img-lazy-loading-not-28953 avia_image' src=\"https:\/\/radiorevelacionfm.cl\/wp-content\/uploads\/2023\/03\/pxl_20230316_154519268-1_optimized.jpg\" alt='' title='pxl_20230316_154519268-(1)_optimized' height=\"600\" width=\"847\"  itemprop=\"thumbnailUrl\" srcset=\"https:\/\/radiorevelacionfm.cl\/wp-content\/uploads\/2023\/03\/pxl_20230316_154519268-1_optimized.jpg 847w, https:\/\/radiorevelacionfm.cl\/wp-content\/uploads\/2023\/03\/pxl_20230316_154519268-1_optimized-300x213.jpg 300w, https:\/\/radiorevelacionfm.cl\/wp-content\/uploads\/2023\/03\/pxl_20230316_154519268-1_optimized-768x544.jpg 768w, https:\/\/radiorevelacionfm.cl\/wp-content\/uploads\/2023\/03\/pxl_20230316_154519268-1_optimized-260x185.jpg 260w, https:\/\/radiorevelacionfm.cl\/wp-content\/uploads\/2023\/03\/pxl_20230316_154519268-1_optimized-845x600.jpg 845w, https:\/\/radiorevelacionfm.cl\/wp-content\/uploads\/2023\/03\/pxl_20230316_154519268-1_optimized-705x499.jpg 705w, https:\/\/radiorevelacionfm.cl\/wp-content\/uploads\/2023\/03\/pxl_20230316_154519268-1_optimized-600x425.jpg 600w\" sizes=\"(max-width: 847px) 100vw, 847px\" \/><\/div><\/div><\/div><\/div>\n<div class=\"flex_column av_one_full  flex_column_div av-zero-column-padding first  avia-builder-el-2  el_after_av_one_full  el_before_av_one_full  column-top-margin\" style='border-radius:0px; '><section class=\"av_textblock_section \"  itemscope=\"itemscope\" itemtype=\"https:\/\/schema.org\/BlogPosting\" itemprop=\"blogPost\" ><div class='avia_textblock  '   itemprop=\"text\" ><p style=\"text-align: center;\"><strong><span style=\"font-size: 18pt;\">Informan modificaci\u00f3n de horario de atenci\u00f3n a p\u00fablico en Municipalidad de Ays\u00e9n<\/span><\/strong><\/p>\n<div id=\"gtx-trans\" style=\"position: absolute; left: -50px; top: 4.31534px;\">\n<div class=\"gtx-trans-icon\"><\/div>\n<\/div>\n<\/div><\/section><\/div><div class=\"flex_column av_one_full  flex_column_div av-zero-column-padding first  avia-builder-el-4  el_after_av_one_full  el_before_av_hr  column-top-margin\" style='border-radius:0px; '><section class=\"av_textblock_section \"  itemscope=\"itemscope\" itemtype=\"https:\/\/schema.org\/BlogPosting\" itemprop=\"blogPost\" ><div class='avia_textblock  '   itemprop=\"text\" ><p style=\"text-align: justify;\">Esta semana, la Municipalidad de Ays\u00e9n emiti\u00f3 un decreto que modifica su horario de atenci\u00f3n al p\u00fablico, extendi\u00e9ndola a la jornada de la tarde. De esta forma, se deja sin efecto una medida tomada en el contexto de la pandemia para resguardar la salud de vecinos y funcionarios.<\/p>\n<p style=\"text-align: justify;\">A partir del lunes 13 de marzo, el horario de atenci\u00f3n a p\u00fablico en los diferentes departamentos y direcciones de la Municipalidad queda dispuesto de la siguiente manera:<\/p>\n<p style=\"text-align: justify;\"><strong>Lunes a Viernes<\/strong><\/p>\n<p style=\"text-align: justify;\"><strong>Ma\u00f1ana: <\/strong>de 08:30 a 13:00<\/p>\n<p style=\"text-align: justify;\"><strong>Tarde:<\/strong> de 14:30 a 16:00<\/p>\n<p style=\"text-align: justify;\">La modificaci\u00f3n del horario de atenci\u00f3n a p\u00fablico se hab\u00eda realizado a ra\u00edz de la pandemia del Covid-19, cuando las disposiciones sanitarias del Plan Paso a Paso establec\u00edan limitaciones a la capacidad de atenci\u00f3n presencial para proteger la salud de las personas.<\/p>\n<p style=\"text-align: justify;\">De esta manera, se vuelve a contar con disponibilidad de atenci\u00f3n en el horario de la tarde, retomando la modalidad de atenci\u00f3n que exist\u00eda previo a las medidas tomadas por las autoridades del Ministerio de Salud.<\/p>\n<\/div><\/section><\/div><\/p>\n<div  style='height:50px' class='hr hr-invisible   avia-builder-el-6  el_after_av_one_full  el_before_av_social_share '><span class='hr-inner ' ><span class='hr-inner-style'><\/span><\/span><\/div>\n<div  class='av-social-sharing-box  avia-builder-el-7  el_after_av_hr  el_before_av_hr  '><div class='av-share-box'><h5 class='av-share-link-description av-no-toc '>Compartir esta noticia<\/h5><ul class='av-share-box-list noLightbox'><li class='av-share-link av-social-link-facebook' ><a target=\"_blank\" aria-label=\"Compartir en Facebook\" href='https:\/\/www.facebook.com\/sharer.php?u=https:\/\/radiorevelacionfm.cl\/?p=28952&#038;t=Informan%20modificaci%C3%B3n%20de%20horario%20de%20atenci%C3%B3n%20a%20p%C3%BAblico%20en%20Municipalidad%20de%20Ays%C3%A9n' aria-hidden='false' data-av_icon='\ue8f3' data-av_iconfont='entypo-fontello' title='' data-avia-related-tooltip='Compartir en Facebook' rel=\"noopener\"><span class='avia_hidden_link_text'>Compartir en Facebook<\/span><\/a><\/li><li class='av-share-link av-social-link-twitter' ><a target=\"_blank\" aria-label=\"Compartir en Twitter\" href='https:\/\/twitter.com\/share?text=Informan%20modificaci%C3%B3n%20de%20horario%20de%20atenci%C3%B3n%20a%20p%C3%BAblico%20en%20Municipalidad%20de%20Ays%C3%A9n&#038;url=https:\/\/radiorevelacionfm.cl\/?p=28952' aria-hidden='false' data-av_icon='\ue8f1' data-av_iconfont='entypo-fontello' title='' data-avia-related-tooltip='Compartir en Twitter' rel=\"noopener\"><span class='avia_hidden_link_text'>Compartir en Twitter<\/span><\/a><\/li><li class='av-share-link av-social-link-whatsapp' ><a target=\"_blank\" aria-label=\"Compartir en Whatsapp\" href='https:\/\/api.whatsapp.com\/send?text=https:\/\/radiorevelacionfm.cl\/?p=28952' aria-hidden='false' data-av_icon='\uf232' data-av_iconfont='entypo-fontello' title='' data-avia-related-tooltip='Compartir en Whatsapp' rel=\"noopener\"><span class='avia_hidden_link_text'>Compartir en Whatsapp<\/span><\/a><\/li><li class='av-share-link av-social-link-linkedin' ><a target=\"_blank\" aria-label=\"Compartir en LinkedIn\" href='https:\/\/linkedin.com\/shareArticle?mini=true&#038;title=Informan%20modificaci%C3%B3n%20de%20horario%20de%20atenci%C3%B3n%20a%20p%C3%BAblico%20en%20Municipalidad%20de%20Ays%C3%A9n&#038;url=https:\/\/radiorevelacionfm.cl\/?p=28952' aria-hidden='false' data-av_icon='\ue8fc' data-av_iconfont='entypo-fontello' title='' data-avia-related-tooltip='Compartir en LinkedIn' rel=\"noopener\"><span class='avia_hidden_link_text'>Compartir en LinkedIn<\/span><\/a><\/li><li class='av-share-link av-social-link-mail' ><a  aria-label=\"Compartir por correo\" href='mailto:?subject=Informan%20modificaci%C3%B3n%20de%20horario%20de%20atenci%C3%B3n%20a%20p%C3%BAblico%20en%20Municipalidad%20de%20Ays%C3%A9n&#038;body=https:\/\/radiorevelacionfm.cl\/?p=28952' aria-hidden='false' data-av_icon='\ue805' data-av_iconfont='entypo-fontello' title='' data-avia-related-tooltip='Compartir por correo'><span class='avia_hidden_link_text'>Compartir por correo<\/span><\/a><\/li><\/ul><\/div><\/div>\n<div  style='height:50px' class='hr hr-invisible   avia-builder-el-8  el_after_av_social_share  el_before_av_comments_list '><span class='hr-inner ' ><span class='hr-inner-style'><\/span><\/span><\/div>\n<div  class='av-buildercomment  av-blog-meta-html-info-disabled av-blog-meta-tag-disabled  '><\/div>\n","protected":false},"excerpt":{"rendered":"","protected":false},"author":1,"featured_media":28953,"comment_status":"open","ping_status":"open","sticky":false,"template":"","format":"standard","meta":{"footnotes":""},"categories":[38],"tags":[],"class_list":["post-28952","post","type-post","status-publish","format-standard","has-post-thumbnail","hentry","category-regional"],"jetpack_featured_media_url":"https:\/\/radiorevelacionfm.cl\/wp-content\/uploads\/2023\/03\/pxl_20230316_154519268-1_optimized.jpg","_links":{"self":[{"href":"https:\/\/radiorevelacionfm.cl\/index.php?rest_route=\/wp\/v2\/posts\/28952","targetHints":{"allow":["GET"]}}],"collection":[{"href":"https:\/\/radiorevelacionfm.cl\/index.php?rest_route=\/wp\/v2\/posts"}],"about":[{"href":"https:\/\/radiorevelacionfm.cl\/index.php?rest_route=\/wp\/v2\/types\/post"}],"author":[{"embeddable":true,"href":"https:\/\/radiorevelacionfm.cl\/index.php?rest_route=\/wp\/v2\/users\/1"}],"replies":[{"embeddable":true,"href":"https:\/\/radiorevelacionfm.cl\/index.php?rest_route=%2Fwp%2Fv2%2Fcomments&post=28952"}],"version-history":[{"count":3,"href":"https:\/\/radiorevelacionfm.cl\/index.php?rest_route=\/wp\/v2\/posts\/28952\/revisions"}],"predecessor-version":[{"id":29025,"href":"https:\/\/radiorevelacionfm.cl\/index.php?rest_route=\/wp\/v2\/posts\/28952\/revisions\/29025"}],"wp:featuredmedia":[{"embeddable":true,"href":"https:\/\/radiorevelacionfm.cl\/index.php?rest_route=\/wp\/v2\/media\/28953"}],"wp:attachment":[{"href":"https:\/\/radiorevelacionfm.cl\/index.php?rest_route=%2Fwp%2Fv2%2Fmedia&parent=28952"}],"wp:term":[{"taxonomy":"category","embeddable":true,"href":"https:\/\/radiorevelacionfm.cl\/index.php?rest_route=%2Fwp%2Fv2%2Fcategories&post=28952"},{"taxonomy":"post_tag","embeddable":true,"href":"https:\/\/radiorevelacionfm.cl\/index.php?rest_route=%2Fwp%2Fv2%2Ftags&post=28952"}],"curies":[{"name":"wp","href":"https:\/\/api.w.org\/{rel}","templated":true}]}}